{"id":582650,"date":"2025-12-06T18:19:26","date_gmt":"2025-12-06T18:19:26","guid":{"rendered":"https:\/\/www.europesays.com\/fr\/582650\/"},"modified":"2025-12-06T18:19:26","modified_gmt":"2025-12-06T18:19:26","slug":"cap-sur-les-asturies-7-raisons-de-decouvrir-la-region-la-plus-tranquille-deurope-entre-montagnes-et-ocean","status":"publish","type":"post","link":"https:\/\/www.europesays.com\/fr\/582650\/","title":{"rendered":"Cap sur les Asturies : 7 raisons de d\u00e9couvrir la r\u00e9gion la plus tranquille d\u2019Europe entre montagnes et oc\u00e9an"},"content":{"rendered":"<p data-start=\"481\" data-end=\"1312\">Certains lieux poss\u00e8dent un talent rare : celui de faire baisser le volume du monde en un clin d\u2019\u0153il. Alors que tant de voyageurs prennent la direction du sud l\u2019hiver venu, l\u2019envie de tranquillit\u00e9 et de beaut\u00e9 simple se fait pressante. Les Asturies, ce recoin pr\u00e9serv\u00e9 du nord-ouest espagnol, offrent une r\u00e9ponse inattendue \u00e0 celles et ceux qui cherchent l\u2019alliance id\u00e9ale entre authenticit\u00e9, paysages puissants et s\u00e9r\u00e9nit\u00e9. Ici, le vacarme laisse place au ressac de l\u2019oc\u00e9an et aux silhouettes brumeuses des sommets. Entre for\u00eats profondes, villages de carte postale et cuisine de terroir, tout invite \u00e0 ralentir, que l\u2019on pr\u00e9f\u00e8re rester bien au chaud ou prendre l\u2019air vif des montagnes. Si la qu\u00eate de sens a encore un territoire d\u2019expression, elle se glisse sans doute entre Somiedo, Cudillero et les falaises de la Costa Verde.<\/p>\n<p> Les Asturies se d\u00e9voilent<\/p>\n<p data-start=\"1383\" data-end=\"2081\">En Asturies, le changement de rythme est imm\u00e9diat. Le vert intense des vall\u00e9es se mesure au bleu de l\u2019Atlantique, tandis que les paysages semblent prot\u00e9g\u00e9s par une nature qui n\u2019a jamais c\u00e9d\u00e9 sa place. Pr\u00e8s d\u2019un tiers du territoire b\u00e9n\u00e9ficie de statuts environnementaux, pr\u00e9servant for\u00eats, rivi\u00e8res limpides et reliefs o\u00f9 la neige appara\u00eet parfois en hiver, sans jamais s\u2019imposer partout.<br data-start=\"1770\" data-end=\"1773\"\/>Le climat oc\u00e9anique, bien que changeant, offre r\u00e9guli\u00e8rement des journ\u00e9es douces pour se balader, loin du froid mordant d\u2019autres r\u00e9gions europ\u00e9ennes. Ici, le voyage se vit sans bousculade, port\u00e9 par une atmosph\u00e8re stable et apaisante qui contraste avec le tumulte des zones touristiques les plus fr\u00e9quent\u00e9es.<\/p>\n<p data-start=\"2083\" data-end=\"2399\">Difficile de ne pas succomber \u00e0 cette tranquillit\u00e9 naturelle, v\u00e9ritable antidote \u00e0 la sursollicitation moderne. Et lorsqu\u2019arrivent les mois d\u2019hiver, les couleurs gagnent en profondeur, les restaurants attendent les gourmands sans files d\u2019attente interminables, et les traditions locales se d\u00e9voilent avec simplicit\u00e9.<\/p>\n<p> Entre montagnes et villages<\/p>\n<p data-start=\"2479\" data-end=\"3007\">Cap vers les Pics d\u2019Europe, massif embl\u00e9matique o\u00f9 vall\u00e9es pastorales, for\u00eats et parois abruptes dessinent un d\u00e9cor qui ne triche pas. Les sentiers, m\u00eame en p\u00e9riode de cong\u00e9s, restent raisonnablement fr\u00e9quent\u00e9s, offrant de vraies bouff\u00e9es d\u2019air \u00e0 ceux qui aiment marcher loin des foules.<br data-start=\"2766\" data-end=\"2769\"\/>Parfois, la neige s\u2019invite sur les plus hauts sommets, ajoutant une touche irr\u00e9elle au tableau. Mais c\u2019est surtout le silence que l\u2019on retient : cloches des troupeaux, souffle du vent, et, avec un peu de chance, l\u2019ombre fugace d\u2019un aigle.<\/p>\n<p data-start=\"3009\" data-end=\"3412\">Difficile de ne pas s\u2019attarder dans les villages perch\u00e9s tels que Bulnes ou Sotres. Le premier, accessible \u00e0 pied ou par un funiculaire souterrain, semble suspendu dans le temps. Ici, les traditions pastorales demeurent bien vivantes : on y go\u00fbte le cabrales sur une tranche de pain \u00e9pais, on y raconte des l\u00e9gendes en gardant un \u0153il sur les montagnes, et on laisse la journ\u00e9e s\u2019\u00e9couler sans contrainte.<\/p>\n<p> L\u2019une des c\u00f4tes les mieux pr\u00e9serv\u00e9es d\u2019Espagne<\/p>\n<p data-start=\"3483\" data-end=\"3971\">La Costa Verde d\u00e9roule un littoral spectaculaire o\u00f9 prairies, falaises et criques dessinent une mosa\u00efque saisissante. Plages blondes, anses minuscules, villages de p\u00eacheurs \u00e0 taille humaine : le paysage semble avoir \u00e9chapp\u00e9 \u00e0 la fr\u00e9n\u00e9sie immobili\u00e8re.<br data-start=\"3733\" data-end=\"3736\"\/>M\u00eame hors saison, la c\u00f4te garde un charme vibrant. On y marche longuement, on y observe les vagues depuis un promontoire, on y savoure un plat de poisson grill\u00e9 dans un port anim\u00e9, sans avoir \u00e0 jouer des coudes pour obtenir une table.<\/p>\n<p data-start=\"3973\" data-end=\"4302\">Les amateurs d\u2019activit\u00e9s nautiques trouveront leur bonheur : p\u00eache, surf (avec une combinaison adapt\u00e9e), observation du littoral\u2026 Le calme des criques et la beaut\u00e9 des eaux \u00e9meraude n\u2019ont rien perdu de leur attrait. Les plus courageux tenteront peut-\u00eatre une baignade fra\u00eeche, mais le simple plaisir d\u2019\u00eatre face \u00e0 l\u2019oc\u00e9an suffit.<\/p>\n<p data-start=\"3973\" data-end=\"4302\"><a href=\"https:\/\/www.europesays.com\/fr\/wp-content\/uploads\/2025\/12\/moises-muniz-asturies-espagne-unsplash.jpg\"><img loading=\"lazy\" decoding=\"async\" class=\"aligncenter wp-image-56138 size-full\" src=\"data:image\/svg+xml,%3Csvg%20xmlns=\" http:=\"\" alt=\"Moises Muniz Asturies Espagne Unsplash\" width=\"1920\" height=\"1080\" data-lazy- data-lazy- data-lazy-src=\"https:\/\/www.europesays.com\/fr\/wp-content\/uploads\/2025\/12\/moises-muniz-asturies-espagne-unsplash.jpg\"\/>Cr\u00e9dit : Moises Muniz<\/a><\/p>\n<p> Une gastronomie du terroir chaleureuse<\/p>\n<p data-start=\"4389\" data-end=\"4904\">L\u2019hiver met en lumi\u00e8re les meilleures tables d\u2019Asturies, mais la r\u00e9gion reste gourmande toute l\u2019ann\u00e9e. La c\u00e9l\u00e8bre fabada (haricots fondants, charcuterie maison, bouillon riche) s\u2019impose naturellement. Le fromage cabrales, puissant et reconnaissable entre mille, accompagne souvent un verre de cidre local.<br data-start=\"4696\" data-end=\"4699\"\/>Dans les sidrer\u00edas, le rituel du service \u201cvers\u00e9 en hauteur\u201d apporte une touche presque c\u00e9r\u00e9monielle aux repas. L\u2019ambiance y est simple, directe, chaleureuse : on partage, on discute, on rit volontiers.<\/p>\n<p data-start=\"4906\" data-end=\"5115\">Le march\u00e9 d\u2019Oviedo, v\u00e9ritable institution, c\u00e9l\u00e8bre les produits locaux : poissons du jour, fromages de montagne, p\u00e2tisseries r\u00e9gionales, pommes destin\u00e9es au cidre. Un festival des sens, sans foule oppressante.<\/p>\n<p>Prendre le temps, vraiment<\/p>\n<p data-start=\"5181\" data-end=\"5605\">Les Asturies brillent par la diversit\u00e9 des exp\u00e9riences propos\u00e9es.<br data-start=\"5246\" data-end=\"5249\"\/>Voies vertes pour p\u00e9daler sans circulation, points d\u2019observation pour contempler les oiseaux, sorties p\u00eache ou randonn\u00e9es \u00e0 la journ\u00e9e, h\u00e9bergements atypiques nich\u00e9s dans la nature\u2026<br data-start=\"5430\" data-end=\"5433\"\/>Ici, on peut passer une matin\u00e9e \u00e0 se perdre dans une for\u00eat humide, une apr\u00e8s-midi les pieds dans l\u2019eau, et une soir\u00e9e au coin du feu : l\u2019\u00e9quilibre se construit sans effort.<\/p>\n<p data-start=\"5607\" data-end=\"5840\">C\u00f4t\u00e9 h\u00e9bergement, l\u2019offre oscille entre pensions familiales, h\u00f4tels de charme et adresses intimistes, souvent situ\u00e9es dans des villages tranquilles ou surplombant les vall\u00e9es. L\u2019accueil asturien, chaleureux sans exc\u00e8s, fait le reste.<\/p>\n<p> Pourquoi choisir les Asturies ?<\/p>\n<p>Parce qu\u2019on y trouve ce que beaucoup de destinations europ\u00e9ennes ont laiss\u00e9 filer :<\/p>\n<p data-start=\"5917\" data-end=\"6414\">\u2013 des paysages grandioses encore intacts ;<br data-start=\"6077\" data-end=\"6080\"\/>\u2013 une faible densit\u00e9 touristique, m\u00eame en p\u00e9riodes de cong\u00e9s ;<br data-start=\"6142\" data-end=\"6145\"\/>\u2013 une atmosph\u00e8re paisible ;<br data-start=\"6172\" data-end=\"6175\"\/>\u2013 une cuisine g\u00e9n\u00e9reuse, sinc\u00e8re et locale ;<br data-start=\"6219\" data-end=\"6222\"\/>\u2013 des villages authentiques o\u00f9 la tradition n\u2019a rien de fabriqu\u00e9 ;<br data-start=\"6288\" data-end=\"6291\"\/>\u2013 des activit\u00e9s multiples pour tous les rythmes ;<br data-start=\"6340\" data-end=\"6343\"\/>\u2013 un climat oc\u00e9anique doux pour la latitude, m\u00eame s\u2019il reste changeant.<\/p>\n<p data-start=\"6416\" data-end=\"6701\">\u00c0 seulement quelques heures de la France, les Asturies incarnent cette id\u00e9e du voyage qui repose autant qu\u2019il inspire.<br data-start=\"6534\" data-end=\"6537\"\/>Ici, le temps ralentit, l\u2019esprit s\u2019apaise, et l\u2019on repart avec une certitude : la beaut\u00e9 la plus marquante est souvent celle que les foules n\u2019ont pas encore saisie.<\/p>\n","protected":false},"excerpt":{"rendered":"Certains lieux poss\u00e8dent un talent rare : celui de faire baisser le volume du monde en un clin&hellip;\n","protected":false},"author":2,"featured_media":582651,"comment_status":"","ping_status":"","sticky":false,"template":"","format":"standard","meta":{"footnotes":""},"categories":[5],"tags":[11,2612,18304,1011,27,14,12,56,35933,2528,586,28],"class_list":{"0":"post-582650","1":"post","2":"type-post","3":"status-publish","4":"format-standard","5":"has-post-thumbnail","7":"category-international","8":"tag-actualites","9":"tag-conseils","10":"tag-destinations","11":"tag-fr","12":"tag-france","13":"tag-international","14":"tag-news","15":"tag-push","16":"tag-rs","17":"tag-vacances","18":"tag-voyage","19":"tag-world"},"share_on_mastodon":{"url":"https:\/\/pubeurope.com\/@fr\/115674006516501316","error":""},"_links":{"self":[{"href":"https:\/\/www.europesays.com\/fr\/wp-json\/wp\/v2\/posts\/582650","targetHints":{"allow":["GET"]}}],"collection":[{"href":"https:\/\/www.europesays.com\/fr\/wp-json\/wp\/v2\/posts"}],"about":[{"href":"https:\/\/www.europesays.com\/fr\/wp-json\/wp\/v2\/types\/post"}],"author":[{"embeddable":true,"href":"https:\/\/www.europesays.com\/fr\/wp-json\/wp\/v2\/users\/2"}],"replies":[{"embeddable":true,"href":"https:\/\/www.europesays.com\/fr\/wp-json\/wp\/v2\/comments?post=582650"}],"version-history":[{"count":0,"href":"https:\/\/www.europesays.com\/fr\/wp-json\/wp\/v2\/posts\/582650\/revisions"}],"wp:featuredmedia":[{"embeddable":true,"href":"https:\/\/www.europesays.com\/fr\/wp-json\/wp\/v2\/media\/582651"}],"wp:attachment":[{"href":"https:\/\/www.europesays.com\/fr\/wp-json\/wp\/v2\/media?parent=582650"}],"wp:term":[{"taxonomy":"category","embeddable":true,"href":"https:\/\/www.europesays.com\/fr\/wp-json\/wp\/v2\/categories?post=582650"},{"taxonomy":"post_tag","embeddable":true,"href":"https:\/\/www.europesays.com\/fr\/wp-json\/wp\/v2\/tags?post=582650"}],"curies":[{"name":"wp","href":"https:\/\/api.w.org\/{rel}","templated":true}]}}