{"id":582658,"date":"2025-12-06T18:23:14","date_gmt":"2025-12-06T18:23:14","guid":{"rendered":"https:\/\/www.europesays.com\/fr\/582658\/"},"modified":"2025-12-06T18:23:14","modified_gmt":"2025-12-06T18:23:14","slug":"saint-etienne-le-molard-des-benevoles-ont-installe-des-nouveaux-decors-pour-noel","status":"publish","type":"post","link":"https:\/\/www.europesays.com\/fr\/582658\/","title":{"rendered":"Saint-\u00c9tienne-le-Molard. Des b\u00e9n\u00e9voles ont install\u00e9 des nouveaux d\u00e9cors pour No\u00ebl"},"content":{"rendered":"<p>Une invitation a \u00e9t\u00e9 lanc\u00e9e aux habitants du village pour cr\u00e9er les ornements de No\u00ebl qui d\u00e9coreront leur commune. Plusieurs\u00a0personnes ont pris part activement \u00e0 cette manifestation, la plupart des retrait\u00e9s.<\/p>\n<p>Les deux samedis pr\u00e9c\u00e9dents \u00e9taient consacr\u00e9s \u00e0 la conception et ce dernier jour \u00e0 l\u2019implantation dans le village aux emplacements cl\u00e9s tels que l\u2019\u00e9cole, l\u2019\u00e9glise,\u00a0etc.<\/p>\n<p>C\u2019est St\u00e9phane Cr\u00e9maux, \u00e0 la t\u00eate du CCAS, qui orchestrait cette activit\u00e9.<\/p>\n","protected":false},"excerpt":{"rendered":"Une invitation a \u00e9t\u00e9 lanc\u00e9e aux habitants du village pour cr\u00e9er les ornements de No\u00ebl qui d\u00e9coreront leur&hellip;\n","protected":false},"author":2,"featured_media":582659,"comment_status":"","ping_status":"","sticky":false,"template":"","format":"standard","meta":{"footnotes":""},"categories":[9653],"tags":[1111,11,2430,41738,1687,7359,1777,674,1011,27,12,25,4001,49670],"class_list":{"0":"post-582658","1":"post","2":"type-post","3":"status-publish","4":"format-standard","5":"has-post-thumbnail","7":"category-saint-etienne","8":"tag-actu","9":"tag-actualites","10":"tag-auvergne-rhone-alpes","11":"tag-boen-sur-lignon-bassin","12":"tag-culture-loisirs","13":"tag-edition-loire-centre","14":"tag-eu","15":"tag-europe","16":"tag-fr","17":"tag-france","18":"tag-news","19":"tag-republique-francaise","20":"tag-saint-etienne","21":"tag-saint-etienne-le-molard"},"share_on_mastodon":{"url":"https:\/\/pubeurope.com\/@fr\/115674022138420157","error":""},"_links":{"self":[{"href":"https:\/\/www.europesays.com\/fr\/wp-json\/wp\/v2\/posts\/582658","targetHints":{"allow":["GET"]}}],"collection":[{"href":"https:\/\/www.europesays.com\/fr\/wp-json\/wp\/v2\/posts"}],"about":[{"href":"https:\/\/www.europesays.com\/fr\/wp-json\/wp\/v2\/types\/post"}],"author":[{"embeddable":true,"href":"https:\/\/www.europesays.com\/fr\/wp-json\/wp\/v2\/users\/2"}],"replies":[{"embeddable":true,"href":"https:\/\/www.europesays.com\/fr\/wp-json\/wp\/v2\/comments?post=582658"}],"version-history":[{"count":0,"href":"https:\/\/www.europesays.com\/fr\/wp-json\/wp\/v2\/posts\/582658\/revisions"}],"wp:featuredmedia":[{"embeddable":true,"href":"https:\/\/www.europesays.com\/fr\/wp-json\/wp\/v2\/media\/582659"}],"wp:attachment":[{"href":"https:\/\/www.europesays.com\/fr\/wp-json\/wp\/v2\/media?parent=582658"}],"wp:term":[{"taxonomy":"category","embeddable":true,"href":"https:\/\/www.europesays.com\/fr\/wp-json\/wp\/v2\/categories?post=582658"},{"taxonomy":"post_tag","embeddable":true,"href":"https:\/\/www.europesays.com\/fr\/wp-json\/wp\/v2\/tags?post=582658"}],"curies":[{"name":"wp","href":"https:\/\/api.w.org\/{rel}","templated":true}]}}