{"id":582660,"date":"2025-12-06T18:24:27","date_gmt":"2025-12-06T18:24:27","guid":{"rendered":"https:\/\/www.europesays.com\/fr\/582660\/"},"modified":"2025-12-06T18:24:27","modified_gmt":"2025-12-06T18:24:27","slug":"saint-max-balade-groupee-en-bord-de-meurthe-pour-la-marche-de-noel","status":"publish","type":"post","link":"https:\/\/www.europesays.com\/fr\/582660\/","title":{"rendered":"Saint-Max. Balade group\u00e9e en bord de Meurthe pour la marche de No\u00ebl"},"content":{"rendered":"<p>La marche de No\u00ebl se d\u00e9roulera le mardi 16\u00a0d\u00e9cembre \u00e0 18\u00a0h, au d\u00e9part de l\u2019Esplanade du Ch\u00e2teau centre culturel, elle est ouverte \u00e0 tous et gratuite. Coiff\u00e9s d\u2019un bonnet rouge, habill\u00e9s d\u2019un pull de No\u00ebl et de chaussures de marche, les participants partiront sur les rives de Meurthe pour une balade de 2\u00a0km environ sur le th\u00e8me de No\u00ebl. Au retour, les marcheurs pourront partager une d\u00e9licieuse soupe chaude et des viennoiseries au Ch\u00e2teau.<\/p>\n","protected":false},"excerpt":{"rendered":"La marche de No\u00ebl se d\u00e9roulera le mardi 16\u00a0d\u00e9cembre \u00e0 18\u00a0h, au d\u00e9part de l\u2019Esplanade du Ch\u00e2teau centre&hellip;\n","protected":false},"author":2,"featured_media":582661,"comment_status":"","ping_status":"","sticky":false,"template":"","format":"standard","meta":{"footnotes":""},"categories":[9635],"tags":[1111,11,1687,1704,1777,674,3326,1011,27,775,11260,1702,12,25,16937],"class_list":{"0":"post-582660","1":"post","2":"type-post","3":"status-publish","4":"format-standard","5":"has-post-thumbnail","7":"category-nancy","8":"tag-actu","9":"tag-actualites","10":"tag-culture-loisirs","11":"tag-edition-nancy-et-agglomeration","12":"tag-eu","13":"tag-europe","14":"tag-fete-locale","15":"tag-fr","16":"tag-france","17":"tag-grand-est","18":"tag-metropole-du-grand-nancy-54b4","19":"tag-nancy","20":"tag-news","21":"tag-republique-francaise","22":"tag-saint-max"},"share_on_mastodon":{"url":"https:\/\/pubeurope.com\/@fr\/115674026221370196","error":""},"_links":{"self":[{"href":"https:\/\/www.europesays.com\/fr\/wp-json\/wp\/v2\/posts\/582660","targetHints":{"allow":["GET"]}}],"collection":[{"href":"https:\/\/www.europesays.com\/fr\/wp-json\/wp\/v2\/posts"}],"about":[{"href":"https:\/\/www.europesays.com\/fr\/wp-json\/wp\/v2\/types\/post"}],"author":[{"embeddable":true,"href":"https:\/\/www.europesays.com\/fr\/wp-json\/wp\/v2\/users\/2"}],"replies":[{"embeddable":true,"href":"https:\/\/www.europesays.com\/fr\/wp-json\/wp\/v2\/comments?post=582660"}],"version-history":[{"count":0,"href":"https:\/\/www.europesays.com\/fr\/wp-json\/wp\/v2\/posts\/582660\/revisions"}],"wp:featuredmedia":[{"embeddable":true,"href":"https:\/\/www.europesays.com\/fr\/wp-json\/wp\/v2\/media\/582661"}],"wp:attachment":[{"href":"https:\/\/www.europesays.com\/fr\/wp-json\/wp\/v2\/media?parent=582660"}],"wp:term":[{"taxonomy":"category","embeddable":true,"href":"https:\/\/www.europesays.com\/fr\/wp-json\/wp\/v2\/categories?post=582660"},{"taxonomy":"post_tag","embeddable":true,"href":"https:\/\/www.europesays.com\/fr\/wp-json\/wp\/v2\/tags?post=582660"}],"curies":[{"name":"wp","href":"https:\/\/api.w.org\/{rel}","templated":true}]}}