{"id":582666,"date":"2025-12-06T18:27:12","date_gmt":"2025-12-06T18:27:12","guid":{"rendered":"https:\/\/www.europesays.com\/fr\/582666\/"},"modified":"2025-12-06T18:27:12","modified_gmt":"2025-12-06T18:27:12","slug":"un-quinquagenaire-interpelle-a-toulon","status":"publish","type":"post","link":"https:\/\/www.europesays.com\/fr\/582666\/","title":{"rendered":"un quinquag\u00e9naire interpell\u00e9 \u00e0 Toulon"},"content":{"rendered":"<p><strong class=\"post-excerpt\"\/><\/p>\n<p itemprop=\"description\"><strong class=\"post-excerpt\">\u00c0 Toulon,<br \/>\nl\u2019arrestation d\u2019un voleur de cam\u00e9ras de recul relance la d\u00e9couverte<br \/>\nd\u2019un vaste trafic d\u00e9j\u00e0 d\u00e9mantel\u00e9 en partie autour de<br \/>\nMarseille.<\/strong><\/p>\n<p class=\"p1\">Ces derniers jours, \u00e0 Toulon, l\u2019arrestation d\u2019un<br \/>\nquinquag\u00e9naire a permis de r\u00e9v\u00e9ler un trafic assez particulier.<br \/>\n<strong>Un larcin qui ne n\u00e9cessite qu\u2019un tournevis<\/strong>, et des<br \/>\nbonnes chaussures de marche pour arpenter les rues \u00e0 <a href=\"https:\/\/www.autojournal.fr\/actu\/renault-clio-5-pourquoi-chouchou-des-voleurs-398867.html\" target=\"_blank\" rel=\"noopener\"><br \/>\nla recherche de v\u00e9hicules Renault<\/a> afin de leur subtiliser leurs<br \/>\ncam\u00e9ras de recul.<\/p>\n<p class=\"p1\">Cette \u00e9conomie parall\u00e8le n\u2019est \u00e0 priori pas nouvelle.<br \/>\n<strong>Elle a en effet prosp\u00e9r\u00e9 dans plusieurs villes<\/strong> de<br \/>\nl\u2019Hexagone \u00e0 en croire les diff\u00e9rents r\u00e9cits. Au fil de l\u2019enqu\u00eate,<br \/>\non a d\u00e9couvert que les cam\u00e9ras de recul \u00e9taient au c\u0153ur d\u2019un<br \/>\nincroyable march\u00e9, comme l\u2019explique <a href=\"https:\/\/www.lefigaro.fr\/automobile\/il-ne-volait-que-des-cameras-de-recul-l-interpellation-d-un-quinquagenaire-a-toulon-confirme-le-trafic-qui-vise-les-renault-20251202\" target=\"_blank\" rel=\"noopener\"><br \/>\nLe Figaro<\/a>.<\/p>\n<p><strong>Un voleur de cam\u00e9ras de recul interpell\u00e9 \u00e0<br \/>\nToulon<\/strong><\/p>\n<p class=\"p1\">Le suspect toulonnais, arr\u00eat\u00e9 le 26 novembre dernier,<br \/>\na reconnu pas moins de dix-huit vols. En r\u00e9alit\u00e9, les policiers<br \/>\npensent qu\u2019il en a commis davantage, tant la m\u00e9thode \u00e9tait simple.<br \/>\nIl lui suffisait en effet de rep\u00e9rer une Clio 5 ou un Renault<br \/>\nCaptur, de v\u00e9rifier l\u2019absence de t\u00e9moins et d\u2019introduire le<br \/>\ntournevis sous le logo. Une fois la man\u0153uvre effectu\u00e9e en l\u2019espace<br \/>\nde quelques secondes, il pouvait repartir avec son butin. Certaines<br \/>\nvictimes racontent qu\u2019elles n\u2019ont rien entendu, rien vu, juste un<br \/>\nlogo enfonc\u00e9 et un trou b\u00e9ant. L\u2019homme revendait ensuite chaque<br \/>\npi\u00e8ce entre 5 et 18 euros au march\u00e9 aux puces d\u2019Hy\u00e8res. <strong>Une<br \/>\nsomme d\u00e9risoire<\/strong>, surtout quand on sait qu\u2019une cam\u00e9ra neuve<br \/>\ns\u2019affiche aux alentours des 200 euros.<\/p>\n<blockquote class=\"twitter-tweet\"><p><a class=\"twitter-link\" rel=\"noindex, nofollow noopener\" href=\"https:\/\/twitter.com\/PoliceNat13\/status\/1854574962016649408%20\" target=\"_blank\"><\/p><\/blockquote>\n<p class=\"p1\">Ce qui a \u00e9t\u00e9 \u00e0 l\u2019origine de cette magouille, c\u00a0\u00bbest le<br \/>\nmanque de stock qui alimente tout le syst\u00e8me. De nombreux garages<br \/>\nsont en effet \u00e0 la recherche de ces pi\u00e8ces devenues des denr\u00e9es<br \/>\nrares. Pendant l\u2019\u00e9t\u00e9 2024, on a recens\u00e9 des plaintes \u00e0 Marseille,<br \/>\nB\u00e9ziers, Lyon, Narbonne. Le m\u00eame sch\u00e9ma partout. Et \u00e0 mesure que<br \/>\nl\u2019on avan\u00e7ait dans l\u2019enqu\u00eate, on retrouvait l\u2019empreinte de ce<br \/>\ntrafic dans des quartiers entiers. <strong>M\u00eame Renault a confirm\u00e9<br \/>\nune avalanche de vols<\/strong>, preuve que le ph\u00e9nom\u00e8ne d\u00e9passait<br \/>\nlargement la petite d\u00e9linquance locale.<\/p>\n<p><strong>Un trafic de cam\u00e9ras de recul jusqu\u2019au port<br \/>\nde Marseille<\/strong><\/p>\n<p class=\"p1\">Ce que l\u2019arrestation toulonnaise a surtout montr\u00e9,<br \/>\nc\u2019est que ce trafic ne reposait pas sur un voleur isol\u00e9. Les<br \/>\nservices de police des Bouches-du-Rh\u00f4ne avaient ainsi d\u00e9j\u00e0 not\u00e9 un<br \/>\npic anormal de plaintes, notamment autour <a href=\"https:\/\/www.autojournal.fr\/actu\/insolites-actu\/nouveau-radar-urbain-marseille-inquiete-automobilistes-cible-ceux-depassent-50-km-h-398498.html\" target=\"_blank\" rel=\"noopener\"><br \/>\ndu port autonome de Marseille<\/a>. Les chiffres communiqu\u00e9s ont<br \/>\ndonn\u00e9 le vertige. Ce sont en effet pas moins de 538 cam\u00e9ras qui ont<br \/>\n\u00e9t\u00e9 d\u00e9rob\u00e9es, dont <strong>400 rien que sur la zone<br \/>\nportuaire<\/strong>, un volume jamais vu. C\u2019est le Groupe de lutte<br \/>\ncontre le trafic auto (GTA) qui a remont\u00e9 la piste apr\u00e8s un vol<br \/>\nrat\u00e9 \u00e0 Vitrolles.<\/p>\n<p class=\"p1\">L\u2019analyse des t\u00e9l\u00e9phones a reli\u00e9 l\u2019homme \u00e0 des vols \u00e0<br \/>\nAubagne, Marseille, Vitrolles. <strong>Un puzzle<br \/>\nimpressionnant<\/strong>, o\u00f9 chaque pi\u00e8ce retrouv\u00e9e amenait une<br \/>\nnouvelle zone touch\u00e9e. Dans tout \u00e7a, le port autonome a jou\u00e9 un<br \/>\nr\u00f4le central. Des centaines de v\u00e9hicules neufs y transitent,<br \/>\nalign\u00e9s sur des parkings immenses, parfois sans surveillance<br \/>\nrapproch\u00e9e. Un terrain r\u00eav\u00e9 pour des voleurs qui savent exactement<br \/>\nquoi viser et comment repartir discr\u00e8tement.<\/p>\n<p><script async src=\"https:\/\/platform.twitter.com\/widgets.js\" charset=\"utf-8\"><\/script><\/p>\n","protected":false},"excerpt":{"rendered":"\u00c0 Toulon, l\u2019arrestation d\u2019un voleur de cam\u00e9ras de recul relance la d\u00e9couverte d\u2019un vaste trafic d\u00e9j\u00e0 d\u00e9mantel\u00e9 en&hellip;\n","protected":false},"author":2,"featured_media":582667,"comment_status":"","ping_status":"","sticky":false,"template":"","format":"standard","meta":{"footnotes":""},"categories":[9619],"tags":[1111,11,10281,1777,674,1011,27,12,882,25,2310],"class_list":{"0":"post-582666","1":"post","2":"type-post","3":"status-publish","4":"format-standard","5":"has-post-thumbnail","7":"category-toulon","8":"tag-actu","9":"tag-actualites","10":"tag-buzz-nonli","11":"tag-eu","12":"tag-europe","13":"tag-fr","14":"tag-france","15":"tag-news","16":"tag-provence-alpes-cote-dazur","17":"tag-republique-francaise","18":"tag-toulon"},"share_on_mastodon":{"url":"https:\/\/pubeurope.com\/@fr\/115674037834909035","error":""},"_links":{"self":[{"href":"https:\/\/www.europesays.com\/fr\/wp-json\/wp\/v2\/posts\/582666","targetHints":{"allow":["GET"]}}],"collection":[{"href":"https:\/\/www.europesays.com\/fr\/wp-json\/wp\/v2\/posts"}],"about":[{"href":"https:\/\/www.europesays.com\/fr\/wp-json\/wp\/v2\/types\/post"}],"author":[{"embeddable":true,"href":"https:\/\/www.europesays.com\/fr\/wp-json\/wp\/v2\/users\/2"}],"replies":[{"embeddable":true,"href":"https:\/\/www.europesays.com\/fr\/wp-json\/wp\/v2\/comments?post=582666"}],"version-history":[{"count":0,"href":"https:\/\/www.europesays.com\/fr\/wp-json\/wp\/v2\/posts\/582666\/revisions"}],"wp:featuredmedia":[{"embeddable":true,"href":"https:\/\/www.europesays.com\/fr\/wp-json\/wp\/v2\/media\/582667"}],"wp:attachment":[{"href":"https:\/\/www.europesays.com\/fr\/wp-json\/wp\/v2\/media?parent=582666"}],"wp:term":[{"taxonomy":"category","embeddable":true,"href":"https:\/\/www.europesays.com\/fr\/wp-json\/wp\/v2\/categories?post=582666"},{"taxonomy":"post_tag","embeddable":true,"href":"https:\/\/www.europesays.com\/fr\/wp-json\/wp\/v2\/tags?post=582666"}],"curies":[{"name":"wp","href":"https:\/\/api.w.org\/{rel}","templated":true}]}}