{"id":582672,"date":"2025-12-06T18:30:16","date_gmt":"2025-12-06T18:30:16","guid":{"rendered":"https:\/\/www.europesays.com\/fr\/582672\/"},"modified":"2025-12-06T18:30:16","modified_gmt":"2025-12-06T18:30:16","slug":"a-rouen-comment-les-bus-de-la-t5-vont-faire-pour-ne-pas-etre-coinces-sur-le-pont-flaubert","status":"publish","type":"post","link":"https:\/\/www.europesays.com\/fr\/582672\/","title":{"rendered":"\u00c0 Rouen, comment les bus de la T5 vont faire pour ne pas \u00eatre coinc\u00e9s sur le pont Flaubert"},"content":{"rendered":"<p>                    Par<br \/>\n        <strong><br \/>\n            <a href=\"https:\/\/actu.fr\/auteur\/julien-bouteiller\" title=\"Consulter tous les articles de Julien Bouteiller\" target=\"_blank\" rel=\"noopener\">Julien Bouteiller<\/a><br \/>\n                    <\/strong><\/p>\n<p>        Publi\u00e9 le<\/p>\n<p>            6 d\u00e9c. 2025 \u00e0 18h21        <\/p>\n<p>La question nous est parvenue \u00e0 plusieurs reprises : n\u2019est-ce pas un peu risqu\u00e9 de faire passer <a href=\"https:\/\/actu.fr\/normandie\/rouen_76540\/lancee-ce-mardi-la-ligne-t5-inaugure-une-grande-premiere-a-rouen-et-doit-faire-oublier-quelques-galeres_63486736.html\" target=\"_blank\" rel=\"noopener\">la nouvelle ligne T5<\/a> <strong>sur le pont Flaubert<\/strong> ? Les Rouennais savent en effet que l\u2019ouvrage peut souvent \u00eatre encombr\u00e9, soit \u00e0 cause d\u2019al\u00e9as de circulation, ou simplement <a href=\"https:\/\/actu.fr\/normandie\/rouen_76540\/le-pont-flaubert-de-rouen-va-bientot-etre-relie-en-partie-a-la-sud-3-on-vous-dit-quand_62532972.html\" target=\"_blank\" rel=\"noopener\">\u00e0 cause des gros chantiers en cours<\/a>. Alors, comment la nouvelle ligne de Teor g\u00e8re ce passage ?<\/p>\n<p>Comment la T5 passe le pont Flaubert<\/p>\n<p class=\" wall-content\">Interrog\u00e9e par\u00a076actu\u00a0\u00e0 ce sujet, la M\u00e9tropole Rouen Normandie r\u00e9pond que \u00ab\u00a0les bouchons \u00e9ventuels [sur le pont] <strong>concernent surtout le sens Sud &gt; Nord<\/strong>, en cas d\u2019accident sur le bas de l\u2019A150 apr\u00e8s confluence avec le Mont Riboudet\u00a0\u00bb.\u00a0<\/p>\n<blockquote class=\"ac-article-quote wall-content\">\n<p>Le T5 \u00e9tant sur la voie de droite il n\u2019est pas tr\u00e8s impact\u00e9, contrairement aux deux voies de gauche.<\/p>\n<p>    <strong>M\u00e9tropole Rouen Normandie<\/strong>\n            <\/p><\/blockquote>\n<p class=\" wall-content\">S\u2019agissant des <a href=\"https:\/\/actu.fr\/normandie\/rouen_76540\/rouen-un-pont-levant-qui-ne-se-leve-presque-jamais-l-ouvrage-flaubert-une-heresie-financiere_49513119.html\" target=\"_blank\" rel=\"noopener\">fermetures ponctuelles du pont<\/a>, pour travaux ou bien pour le lever afin de faire passer des bateaux, la solution est d\u00e9j\u00e0 pr\u00e9vue : <strong>la T5 empruntera le pont Guillaume-le-Conqu\u00e9rant.\u00a0<\/strong><\/p>\n<p>Une ligne 100% \u00e9lectrique<\/p>\n<p class=\" wall-content\">Inaugur\u00e9e fin novembre 2025, la T5 est la derni\u00e8re n\u00e9e des lignes de Teor. Ce bus \u00e0 haut niveau de service va <strong>de la rive gauche de Rouen jusqu\u2019\u00e0 Mont-Saint-Aignan<\/strong>, afin de d\u00e9sengorger le n\u0153ud du Th\u00e9\u00e2tre des arts.\u00a0<\/p>\n<p>Vid\u00e9os : en ce moment sur Actu<\/p>\n<p class=\" wall-content\">C\u2019est par ailleurs la premi\u00e8re ligne 100% \u00e9lectrique de la M\u00e9tropole, m\u00eame si pour l\u2019heure, <a href=\"https:\/\/actu.fr\/normandie\/rouen_76540\/les-bus-electriques-n-arrivent-pas-la-metropole-de-rouen-achete-des-diesel-crit-air-4-voici-pourquoi_61592358.html\" target=\"_blank\" rel=\"noopener\">les bus command\u00e9s \u00e0 Ebusco<\/a> se font encore attendre. Deux sont tout de m\u00eame arriv\u00e9s pour op\u00e9rer sur la T5.<\/p>\n<p>Suivez l\u2019actualit\u00e9 de Rouen <a href=\"https:\/\/www.whatsapp.com\/channel\/0029VaKfnf99hXF2ddApFB1D\" target=\"_blank\" rel=\"noopener\">sur notre cha\u00eene WhatsApp<\/a> et <a href=\"https:\/\/www.tiktok.com\/@76actu.fr?lang=fr\" target=\"_blank\" rel=\"noopener\">sur notre compte TikTok<\/a><\/p>\n<p class=\" wall-content\">Personnalisez votre actualit\u00e9 en ajoutant vos villes et m\u00e9dias en favori avec <a href=\"https:\/\/moncompte.actu.fr\" title=\"D\u00e9couvez Mon Actu\" rel=\"nofollow noopener\" data-trk=\"{&quot;cta&quot;:{&quot;action&quot;:&quot;https:\\\/\\\/moncompte.actu.fr&quot;,&quot;category&quot;:&quot;mon compte&quot;,&quot;from&quot;:&quot;article footer&quot;,&quot;name&quot;:&quot;Mon actu&quot;,&quot;type&quot;:&quot;cta&quot;}}\" target=\"_blank\">Mon Actu<\/a>.<\/p>\n<p>                    <script async src=\"\/\/www.tiktok.com\/embed.js\"><\/script><\/p>\n","protected":false},"excerpt":{"rendered":"Par Julien Bouteiller Publi\u00e9 le 6 d\u00e9c. 2025 \u00e0 18h21 La question nous est parvenue \u00e0 plusieurs reprises&hellip;\n","protected":false},"author":2,"featured_media":582673,"comment_status":"","ping_status":"","sticky":false,"template":"","format":"standard","meta":{"footnotes":""},"categories":[9587],"tags":[1111,11,1777,674,1011,27,12,5161,3940,25,9726,9590,104,31790],"class_list":{"0":"post-582672","1":"post","2":"type-post","3":"status-publish","4":"format-standard","5":"has-post-thumbnail","7":"category-rouen","8":"tag-actu","9":"tag-actualites","10":"tag-eu","11":"tag-europe","12":"tag-fr","13":"tag-france","14":"tag-news","15":"tag-normandie","16":"tag-pont-gustave-flaubert","17":"tag-republique-francaise","18":"tag-reseau-astuce-tcar","19":"tag-rouen","20":"tag-societe","21":"tag-teor"},"share_on_mastodon":{"url":"https:\/\/pubeurope.com\/@fr\/115674049631737768","error":""},"_links":{"self":[{"href":"https:\/\/www.europesays.com\/fr\/wp-json\/wp\/v2\/posts\/582672","targetHints":{"allow":["GET"]}}],"collection":[{"href":"https:\/\/www.europesays.com\/fr\/wp-json\/wp\/v2\/posts"}],"about":[{"href":"https:\/\/www.europesays.com\/fr\/wp-json\/wp\/v2\/types\/post"}],"author":[{"embeddable":true,"href":"https:\/\/www.europesays.com\/fr\/wp-json\/wp\/v2\/users\/2"}],"replies":[{"embeddable":true,"href":"https:\/\/www.europesays.com\/fr\/wp-json\/wp\/v2\/comments?post=582672"}],"version-history":[{"count":0,"href":"https:\/\/www.europesays.com\/fr\/wp-json\/wp\/v2\/posts\/582672\/revisions"}],"wp:featuredmedia":[{"embeddable":true,"href":"https:\/\/www.europesays.com\/fr\/wp-json\/wp\/v2\/media\/582673"}],"wp:attachment":[{"href":"https:\/\/www.europesays.com\/fr\/wp-json\/wp\/v2\/media?parent=582672"}],"wp:term":[{"taxonomy":"category","embeddable":true,"href":"https:\/\/www.europesays.com\/fr\/wp-json\/wp\/v2\/categories?post=582672"},{"taxonomy":"post_tag","embeddable":true,"href":"https:\/\/www.europesays.com\/fr\/wp-json\/wp\/v2\/tags?post=582672"}],"curies":[{"name":"wp","href":"https:\/\/api.w.org\/{rel}","templated":true}]}}