{"id":582674,"date":"2025-12-06T18:32:19","date_gmt":"2025-12-06T18:32:19","guid":{"rendered":"https:\/\/www.europesays.com\/fr\/582674\/"},"modified":"2025-12-06T18:32:19","modified_gmt":"2025-12-06T18:32:19","slug":"il-a-des-qualites-que-les-autres-nont-pas","status":"publish","type":"post","link":"https:\/\/www.europesays.com\/fr\/582674\/","title":{"rendered":"\u00ab Il a des qualit\u00e9s que les autres n&rsquo;ont pas \u00bb"},"content":{"rendered":"<p>                    Par<br \/>\n        <strong><br \/>\n            <a href=\"https:\/\/actu.fr\/auteur\/jessie-leclerc\" title=\"Consulter tous les articles de Jessie Leclerc\" target=\"_blank\" rel=\"noopener\">Jessie Leclerc<\/a><br \/>\n                    <\/strong><\/p>\n<p>        Publi\u00e9 le<\/p>\n<p>            6 d\u00e9c. 2025 \u00e0 18h17        <\/p>\n<p>\u00c0 seulement <strong>17\u00a0ans<\/strong>, du haut de son 1,88 m\u00e8tre, <strong>Noah Trebot-Vairac<\/strong> avance vite, tr\u00e8s vite. Des premiers dribbles <a href=\"https:\/\/actu.fr\/normandie\/deville-les-rouen_76216\" target=\"_blank\" rel=\"noopener\">\u00e0 D\u00e9ville-l\u00e8s-Rouen (Seine-Maritime)<\/a> aux entra\u00eenements avec les pros du <strong>Rouen M\u00e9tropole Basket (RMB)<\/strong>, le jeune sportif de haut niveau trace la route qu\u2019il s\u2019est promise. Celle de monter, toujours monter. Il se confie \u00e0 la r\u00e9daction de 76actu.<\/p>\n<p>Des d\u00e9buts pr\u00e9coces<\/p>\n<p class=\" wall-content\">Noah touche son premier ballon avant m\u00eame de comprendre comment on lace des chaussures. Il commence le basket,<strong> tout petit, \u00e0 l\u2019\u00e2ge de trois ans<\/strong>. \u00ab\u2009C\u2019est un sport que j\u2019associe beaucoup \u00e0 mon p\u00e8re. Il a jou\u00e9 en pro et j\u2019ai toujours eu beaucoup d\u2019admiration pour lui\u2009\u00bb, avoue-t-il.<\/p>\n<p class=\" wall-content\">\u00c0 10\u00a0ans, il rejoint <a href=\"https:\/\/actu.fr\/normandie\/rouen_76540\/rmb-bihorel-spo-ces-clubs-de-basket-de-la-metropole-de-rouen-changent-de-nom_63105178.html\" target=\"_blank\" rel=\"noopener\">le SPO, d\u00e9sormais Rouen M\u00e9tropole Basket Asso<\/a>, en U11, d\u00e9j\u00e0 attir\u00e9 par la comp\u00e9tition. \u00ab\u2009Moi <strong>j\u2019aime bien la comp\u00e9tition<\/strong>\u2009\u00bb, glisse-t-il avec le sourire.<\/p>\n<p>Des gal\u00e8res, des doutes\u2026<\/p>\n<p class=\" wall-content\">Son parcours n\u2019a pas toujours \u00e9t\u00e9 un long fleuve tranquille, surtout sur ses ann\u00e9es U13 et U15\u2009: \u00ab\u2009Plein de fois<strong> j\u2019ai voulu arr\u00eater<\/strong>. J\u2019avais une grosse charge de travail et les coachs m\u2019avaient d\u00e9go\u00fbt\u00e9. Je me demandais si \u00e7a en valait la peine\u2026\u2009\u00bb, souffle-t-il.<\/p>\n<p class=\" wall-content\">Mais quelque chose le retient. L\u2019envie, notamment, de \u00ab\u2009prouver \u00e0 certains coachs qu\u2019ils avaient tort\u2009\u00bb, qu\u2019il \u00e9tait \u00ab\u2009capable d\u2019avancer\u2009\u00bb.<\/p>\n<p>Une entr\u00e9e dans le monde des pros<\/p>\n<p class=\" wall-content\">Malgr\u00e9 une absence de passage en P\u00f4le Espoir ou P\u00f4le Normandie, Noah franchit les \u00e9tapes \u00ab\u2009entre les mailles du filet\u2009\u00bb, explique David Dubosc, responsable du centre de formation.<\/p>\n<p class=\" wall-content\">Arriv\u00e9 au centre en seconde, Noah suit un programme <strong>sport-\u00e9tudes<\/strong> exigeant. Le jeune joueur \u00e9volue aujourd\u2019hui en U18, vient d\u2019int\u00e9grer les <strong>Espoirs \u00c9lite 2<\/strong> et s\u2019entra\u00eene r\u00e9guli\u00e8rement avec<strong> l\u2019\u00e9quipe professionnelle<\/strong>. Un sacr\u00e9 bon pour un jeune de 17\u00a0ans. \u00ab\u2009\u00c0 mon \u00e2ge, c\u2019est une fiert\u00e9\u2009\u00bb, affirme-t-il.<\/p>\n<p class=\" wall-content\">Au quotidien, son <a href=\"https:\/\/actu.fr\/normandie\/rouen_76540\/elles-s-entrainent-15-heures-par-semaine-le-quotidien-de-deux-jeunes-pros-au-rouen-handball_62243548.html\" target=\"_blank\" rel=\"noopener\">planning n\u2019est pas de tout repos<\/a>.<\/p>\n<p>Votre r\u00e9gion, votre actu !<\/p>\n<p>Recevez chaque jour les infos qui comptent pour vous.<\/p>\n<p>\t<a href=\"https:\/\/actu.fr\/newsletter\" class=\"ac-btn ac-btn--corner ac-btn--medium ac-btn--blue800\" target=\"_blank\" rel=\"noopener\">S&rsquo;incrire<\/a><\/p>\n<p class=\" wall-content\">Le lundi matin\u2009: De 9h \u00e0 11h30, entra\u00eenement avec les pros. Parfois la s\u00e9ance se poursuit m\u00eame avec une heure de musculation. L\u2019apr\u00e8s-midi\u2009: Travail individuel et soins.<\/p>\n<p class=\" wall-content\">Le mardi\u2009: Un entra\u00eenement avec les pros le matin ainsi qu\u2019une s\u00e9ance avec le centre de formation le soir. Et le reste de la semaine, reprise avec les U18 et le groupe Espoirs. Sans compter en moyenne <strong>deux matchs par week-ends<\/strong>.<\/p>\n<p class=\" wall-content\">Et au milieu de tout cela, ses heures de conduite et les cours. Noah suit une Terminale g\u00e9n\u00e9rale au CNED\u2009: \u00ab<a href=\"https:\/\/actu.fr\/normandie\/sotteville-les-rouen_76681\/d-ou-vient-le-nom-du-lycee-des-bruyeres-a-sotteville-les-rouen_62282873.html\" target=\"_blank\" rel=\"noopener\">\u2009Les lyc\u00e9es<\/a> de Rouen ont du mal \u00e0 s\u2019adapter aux horaires du basket, alors comme \u00e7a, c\u2019est plus simple, m\u00eame si \u00e7a demande d\u2019\u00eatre autonome\u2009\u00bb.<\/p>\n<p>Les pros deviennent \u00ab\u2009des mod\u00e8les\u2009\u00bb<\/p>\n<p class=\" wall-content\">Arriver <strong>\u00ab\u2009rookie\u2009\u00bb<\/strong> chez les pros pourrait impressionner. Pas lui. \u00ab\u2009Ils sont cool avec nous, comme si on \u00e9tait leurs potes. Certains ont d\u00e9j\u00e0 \u00e9t\u00e9 \u00e0 notre place\u2009\u00bb, sourit Noah. Les \u00e9changes sont pr\u00e9cieux\u2009: \u00ab\u2009Ils nous <a href=\"https:\/\/actu.fr\/normandie\/canteleu_76157\/le-rmb-intervient-aupres-d-enfants-en-difficultes-a-l-idefhi-de-canteleu-pour-eux-ca-represente-beaucoup_62265496.html\" target=\"_blank\" rel=\"noopener\">donnent beaucoup de conseils<\/a>, ce sont<strong> des mod\u00e8les<\/strong>.\u2009\u00bb<\/p>\n<p>Familles, \u00e9tudes\u2026 Un choix de vie<\/p>\n<p class=\" wall-content\">S\u2019il est plong\u00e9 dans le sport, Noah pense aussi \u00e0 l\u2019avenir. \u00ab\u2009Avec mes parents on parle aussi des \u00e9tudes. J\u2019aime l\u2019id\u00e9e de devenir <strong>ing\u00e9nieur<\/strong> dans <a href=\"https:\/\/actu.fr\/normandie\/rouen_76540\/dans-ces-dechetteries-de-l-agglo-de-rouen-vous-pouvez-deposer-vos-objets-reutilisables-plutot-que-les-jeter_63463378.html\" target=\"_blank\" rel=\"noopener\">l\u2019environnement<\/a>. Mais si j\u2019ai une vraie occasion \u00e0 100\u2009% dans le basket, je la prends\u2009\u00bb, confie le jeune homme.<\/p>\n<p class=\" wall-content\">Ses coachs actuels y croient. \u00ab\u2009Il a des qualit\u00e9s que les autres n\u2019ont pas. Il a du talent\u2009\u00bb, assure David Dubosc.<\/p>\n<p class=\" wall-content\">\u00ab\u2009Ils veulent que j\u2019\u00e9volue avec les pros, que je m\u2019entra\u00eene avec eux d\u00e8s que j\u2019en ai l\u2019occasion\u2009\u00bb, se r\u00e9jouit Noah. Il esp\u00e8re pouvoir<strong> monter l\u2019an prochain<\/strong>. \u00ab\u2009Si je monte \u00e0 mon \u00e2ge, c\u2019est tout b\u00e9nef\u2009\u00bb.<\/p>\n<p>Suivez l\u2019actualit\u00e9 de Rouen <a href=\"https:\/\/www.whatsapp.com\/channel\/0029VaKfnf99hXF2ddApFB1D\" target=\"_blank\" rel=\"noopener\">sur notre cha\u00eene WhatsApp<\/a> et <a href=\"https:\/\/www.tiktok.com\/@76actu.fr?lang=fr\" target=\"_blank\" rel=\"noopener\">sur notre compte TikTok<\/a><\/p>\n<p class=\" wall-content\">Personnalisez votre actualit\u00e9 en ajoutant vos villes et m\u00e9dias en favori avec <a href=\"https:\/\/moncompte.actu.fr\" title=\"D\u00e9couvez Mon Actu\" rel=\"nofollow noopener\" data-trk=\"{&quot;cta&quot;:{&quot;action&quot;:&quot;https:\\\/\\\/moncompte.actu.fr&quot;,&quot;category&quot;:&quot;mon compte&quot;,&quot;from&quot;:&quot;article footer&quot;,&quot;name&quot;:&quot;Mon actu&quot;,&quot;type&quot;:&quot;cta&quot;}}\" target=\"_blank\">Mon Actu<\/a>.<\/p>\n<p>                    <script async src=\"\/\/www.tiktok.com\/embed.js\"><\/script><\/p>\n","protected":false},"excerpt":{"rendered":"Par Jessie Leclerc Publi\u00e9 le 6 d\u00e9c. 2025 \u00e0 18h17 \u00c0 seulement 17\u00a0ans, du haut de son 1,88&hellip;\n","protected":false},"author":2,"featured_media":582675,"comment_status":"","ping_status":"","sticky":false,"template":"","format":"standard","meta":{"footnotes":""},"categories":[9587],"tags":[1111,11,1465,1777,674,1011,27,34987,12,5161,9026,25,9851,9590,60],"class_list":{"0":"post-582674","1":"post","2":"type-post","3":"status-publish","4":"format-standard","5":"has-post-thumbnail","7":"category-rouen","8":"tag-actu","9":"tag-actualites","10":"tag-basket","11":"tag-eu","12":"tag-europe","13":"tag-fr","14":"tag-france","15":"tag-kindarena","16":"tag-news","17":"tag-normandie","18":"tag-portrait","19":"tag-republique-francaise","20":"tag-rmb-rouen-metropole-basket","21":"tag-rouen","22":"tag-sports"},"share_on_mastodon":{"url":"https:\/\/pubeurope.com\/@fr\/115674057612267049","error":""},"_links":{"self":[{"href":"https:\/\/www.europesays.com\/fr\/wp-json\/wp\/v2\/posts\/582674","targetHints":{"allow":["GET"]}}],"collection":[{"href":"https:\/\/www.europesays.com\/fr\/wp-json\/wp\/v2\/posts"}],"about":[{"href":"https:\/\/www.europesays.com\/fr\/wp-json\/wp\/v2\/types\/post"}],"author":[{"embeddable":true,"href":"https:\/\/www.europesays.com\/fr\/wp-json\/wp\/v2\/users\/2"}],"replies":[{"embeddable":true,"href":"https:\/\/www.europesays.com\/fr\/wp-json\/wp\/v2\/comments?post=582674"}],"version-history":[{"count":0,"href":"https:\/\/www.europesays.com\/fr\/wp-json\/wp\/v2\/posts\/582674\/revisions"}],"wp:featuredmedia":[{"embeddable":true,"href":"https:\/\/www.europesays.com\/fr\/wp-json\/wp\/v2\/media\/582675"}],"wp:attachment":[{"href":"https:\/\/www.europesays.com\/fr\/wp-json\/wp\/v2\/media?parent=582674"}],"wp:term":[{"taxonomy":"category","embeddable":true,"href":"https:\/\/www.europesays.com\/fr\/wp-json\/wp\/v2\/categories?post=582674"},{"taxonomy":"post_tag","embeddable":true,"href":"https:\/\/www.europesays.com\/fr\/wp-json\/wp\/v2\/tags?post=582674"}],"curies":[{"name":"wp","href":"https:\/\/api.w.org\/{rel}","templated":true}]}}