{"id":582678,"date":"2025-12-06T18:34:25","date_gmt":"2025-12-06T18:34:25","guid":{"rendered":"https:\/\/www.europesays.com\/fr\/582678\/"},"modified":"2025-12-06T18:34:25","modified_gmt":"2025-12-06T18:34:25","slug":"grenoble-bat-nancy-sans-briller-mais-seloigne-de-la-zone-rouge","status":"publish","type":"post","link":"https:\/\/www.europesays.com\/fr\/582678\/","title":{"rendered":"Grenoble bat Nancy sans briller mais s\u2019\u00e9loigne de la zone rouge"},"content":{"rendered":"<p itemprop=\"description\"><strong>En sup\u00e9riorit\u00e9 num\u00e9rique, jouissant d\u2019un p\u00e9nalty apr\u00e8s la pause, le GF38 s\u2019impose sans vraiment y mettre la mani\u00e8re (1-0) mais respire un peu mieux au classement.<\/strong><\/p>\n<p>Grenoble a fait le n\u00e9cessaire \u00e0 domicile pour venir \u00e0 bout de l\u2019AS Nancy dans une rencontre ind\u00e9cise en premi\u00e8re p\u00e9riode.<\/p>\n<p>Quarante-cinq premi\u00e8res minutes de jeu st\u00e9riles bien qu\u2019anim\u00e9es, durant lesquelles les alertes grenobloises se sont multipli\u00e9es. Inefficace, le club is\u00e9rois rentre au vestiaire sur un score vierge, et sans son gardien Mamadou Diop, sorti sur blessure \u00e0 la 31e minute.<\/p>\n<p>Mais c\u2019est directement au d\u00e9but de la deuxi\u00e8me mi-temps que le tournant du match intervient. Nancy paie cher une situation d\u00e9fensive litigieuse, sanctionn\u00e9e \u00e0 la fois par un p\u00e9nalty en faveur du GF38 et par l\u2019expulsion du d\u00e9fenseur et capitaine nanc\u00e9ien Nicolas Saint-Ruf.<\/p>\n<p>Jessy Benet ne tremble pas au moment de transformer la sentence, et offre l\u2019avantage aux siens. En sup\u00e9riorit\u00e9 num\u00e9rique, la formation is\u00e9roise se cr\u00e9e alors plusieurs occasions pour se mettre \u00e0 l\u2019abri, sans parvenir \u00e0 faire le break. De son c\u00f4t\u00e9, Nancy reste dangereux et maintient un certain suspense jusqu\u2019au coup de sifflet final.<\/p>\n<p>Un succ\u00e8s court mais qui permet aux hommes de Franck Rizzetto de prendre une bouff\u00e9e d\u2019oxyg\u00e8ne au classement, avec d\u00e9sormais cinq points d\u2019avance sur la zone de rel\u00e9gation.<\/p>\n<p>Grenoble va tenter d\u2019encha\u00eener samedi prochain \u00e0 14h face \u00e0 Montpellier pour un deuxi\u00e8me match cons\u00e9cutif au Stade des Alpes.<\/p>\n","protected":false},"excerpt":{"rendered":"En sup\u00e9riorit\u00e9 num\u00e9rique, jouissant d\u2019un p\u00e9nalty apr\u00e8s la pause, le GF38 s\u2019impose sans vraiment y mettre la mani\u00e8re&hellip;\n","protected":false},"author":2,"featured_media":582679,"comment_status":"","ping_status":"","sticky":false,"template":"","format":"standard","meta":{"footnotes":""},"categories":[9566],"tags":[1111,11,2813,2430,1109,251,1112,2811,1777,674,118,1011,27,21780,2731,14004,1922,1110,1114,108,12,316,25,2812,517,800],"class_list":{"0":"post-582678","1":"post","2":"type-post","3":"status-publish","4":"format-standard","5":"has-post-thumbnail","7":"category-grenoble","8":"tag-actu","9":"tag-actualites","10":"tag-article","11":"tag-auvergne-rhone-alpes","12":"tag-breves","13":"tag-culture","14":"tag-depeches","15":"tag-economique","16":"tag-eu","17":"tag-europe","18":"tag-faits-divers","19":"tag-fr","20":"tag-france","21":"tag-gf38","22":"tag-grenoble","23":"tag-grenoblemag","24":"tag-info","25":"tag-informations","26":"tag-infos","27":"tag-isere","28":"tag-news","29":"tag-politique","30":"tag-republique-francaise","31":"tag-sociale","32":"tag-sport","33":"tag-transports"},"share_on_mastodon":{"url":"https:\/\/pubeurope.com\/@fr\/115674065486476215","error":""},"_links":{"self":[{"href":"https:\/\/www.europesays.com\/fr\/wp-json\/wp\/v2\/posts\/582678","targetHints":{"allow":["GET"]}}],"collection":[{"href":"https:\/\/www.europesays.com\/fr\/wp-json\/wp\/v2\/posts"}],"about":[{"href":"https:\/\/www.europesays.com\/fr\/wp-json\/wp\/v2\/types\/post"}],"author":[{"embeddable":true,"href":"https:\/\/www.europesays.com\/fr\/wp-json\/wp\/v2\/users\/2"}],"replies":[{"embeddable":true,"href":"https:\/\/www.europesays.com\/fr\/wp-json\/wp\/v2\/comments?post=582678"}],"version-history":[{"count":0,"href":"https:\/\/www.europesays.com\/fr\/wp-json\/wp\/v2\/posts\/582678\/revisions"}],"wp:featuredmedia":[{"embeddable":true,"href":"https:\/\/www.europesays.com\/fr\/wp-json\/wp\/v2\/media\/582679"}],"wp:attachment":[{"href":"https:\/\/www.europesays.com\/fr\/wp-json\/wp\/v2\/media?parent=582678"}],"wp:term":[{"taxonomy":"category","embeddable":true,"href":"https:\/\/www.europesays.com\/fr\/wp-json\/wp\/v2\/categories?post=582678"},{"taxonomy":"post_tag","embeddable":true,"href":"https:\/\/www.europesays.com\/fr\/wp-json\/wp\/v2\/tags?post=582678"}],"curies":[{"name":"wp","href":"https:\/\/api.w.org\/{rel}","templated":true}]}}