{"id":582680,"date":"2025-12-06T18:35:18","date_gmt":"2025-12-06T18:35:18","guid":{"rendered":"https:\/\/www.europesays.com\/fr\/582680\/"},"modified":"2025-12-06T18:35:18","modified_gmt":"2025-12-06T18:35:18","slug":"a-rennes-la-police-aux-frontieres-debarque-a-la-poste-et-controle-les-sans-papiers","status":"publish","type":"post","link":"https:\/\/www.europesays.com\/fr\/582680\/","title":{"rendered":"\u00e0 Rennes, la police aux fronti\u00e8res d\u00e9barque \u00e0 La Poste et contr\u00f4le les sans-papiers"},"content":{"rendered":"<p>                    Par<br \/>\n        <strong><br \/>\n            <a href=\"https:\/\/actu.fr\/auteur\/clemence-pays02-actu-fr\" title=\"Consulter tous les articles de Cl\u00e9mence Pays\" target=\"_blank\" rel=\"noopener\">Cl\u00e9mence Pays<\/a><br \/>\n                    <\/strong><\/p>\n<p>        Publi\u00e9 le<\/p>\n<p>            6 d\u00e9c. 2025 \u00e0 18h39        <\/p>\n<p>\u00c0 l\u2019approche de No\u00ebl, <a href=\"https:\/\/actu.fr\/bretagne\/rennes_35238\/video-a-noel-sur-la-plateforme-la-poste-colissimo-de-rennes-on-double-notre-activite_60481231.html\" target=\"_blank\" rel=\"noopener\">la plateforme La Poste-Colissimo de Rennes<\/a>, implant\u00e9e dans la commune du <a href=\"https:\/\/actu.fr\/bretagne\/le-rheu_35240\" target=\"_blank\" rel=\"noopener\">Rheu<\/a>, tourne \u00e0 plein r\u00e9gime. C\u2019est lors d\u2019une de ces journ\u00e9es plus charg\u00e9es que durant le reste de l\u2019ann\u00e9e, que des employ\u00e9s du site logistique de La Poste ont vu arriver <strong>\u00ab\u2009une douzaine\u2009\u00bb d\u2019effectifs de la police aux fronti\u00e8res,<\/strong> \u00ab\u2009de 16h \u00e0 22h\u2009\u00bb, mardi 2\u00a0d\u00e9cembre 2025, annonce le syndicat Sud PTT dans un communiqu\u00e9.<\/p>\n<p class=\" wall-content\">\u00ab\u2009On a \u00e9t\u00e9<strong> choqu\u00e9s<\/strong> de voir d\u00e9barquer douze policiers et qu\u2019ils puissent entrer comme \u00e7a\u2009\u00bb, confie un membre du syndicat interrog\u00e9 par <a href=\"https:\/\/actu.fr\/rennes\/\" target=\"_blank\" rel=\"noopener\">actu Rennes<\/a>.<\/p>\n<p>Une filiale de La Poste en cause\u2009?<\/p>\n<p class=\" wall-content\">\u00ab\u2009Ces policiers de la PAF ont proc\u00e9d\u00e9 \u00e0 des <strong>contr\u00f4les d\u2019identit\u00e9<\/strong> d\u2019une partie du personnel\u2009\u00bb, poursuit Sud PTT. Plus exactement,<strong> \u00ab\u2009seuls les salari\u00e9s, int\u00e9rimaires et pr\u00e9caires de la filiale Viaposte ont \u00e9t\u00e9 contr\u00f4l\u00e9s\u2009\u00bb,<\/strong> selon le syndicat.<\/p>\n<p class=\" wall-content\">En effet, au sein de la plateforme colis du Rheu, la direction de <strong>La Poste sous-traite<\/strong> une partie des t\u00e2ches en faisant appel<strong> \u00e0 sa filiale Viaposte.<\/strong> \u00ab\u2009Il y a un gros travail de tri des colis qui est fait tr\u00e8s t\u00f4t le matin. Et ces boulots un peu sales avec des horaires crados, c\u2019est Viaposte qui les prend en charge\u2009\u00bb, glisse un syndiqu\u00e9.<\/p>\n<p class=\" wall-content\">Selon cette m\u00eame source, <strong>cette filiale fait principalement appel \u00e0 des int\u00e9rimaires,<\/strong> qui sont \u00ab\u2009souvent des personnes en grande pr\u00e9carit\u00e9\u2009\u00bb.<\/p>\n<p class=\" wall-content\">Les <strong>conditions de travail<\/strong> seraient \u00e9galement loin d\u2019\u00eatre id\u00e9ales avec \u00ab\u2009de la manutention, sans avoir les outils\u2009\u00bb adapt\u00e9s et des missions \u00ab\u2009sous-pay\u00e9es\u2009\u00bb. Parfois, \u00ab\u2009au Rheu, les int\u00e9rimaires se pointent et La Poste leur dit \u2018en fait, on n\u2019a pas besoin de vous aujourd\u2019hui\u2019\u00bb, d\u00e9nonce le syndiqu\u00e9.<\/p>\n<p>Votre r\u00e9gion, votre actu !<\/p>\n<p>Recevez chaque jour les infos qui comptent pour vous.<\/p>\n<p>\t<a href=\"https:\/\/actu.fr\/newsletter\" class=\"ac-btn ac-btn--corner ac-btn--medium ac-btn--blue800\" target=\"_blank\" rel=\"noopener\">S&rsquo;incrire<\/a><br \/>\nAu moins une personne sans-papiers<\/p>\n<p class=\" wall-content\">Lors de l\u2019op\u00e9ration de contr\u00f4le men\u00e9e mardi 2\u00a0d\u00e9cembre,<strong> \u00ab\u2009cinq int\u00e9rimaires de Viaposte ont \u00e9t\u00e9 embarqu\u00e9s<\/strong> par les policiers de la PAF\u2009\u00bb, affirme Sud PTT. Interrog\u00e9e par la r\u00e9daction, la direction de La Poste livre une version diff\u00e9rente.<\/p>\n<blockquote class=\"ac-article-quote wall-content\">\n<p>Apr\u00e8s v\u00e9rification, il y a eu effectivement un contr\u00f4le d\u2019identit\u00e9 assur\u00e9 par la police des fronti\u00e8res sur le site de traitement de colis de Rennes le 2 d\u00e9cembre, contr\u00f4le classique en cette p\u00e9riode de forte activit\u00e9 logistique.<\/p>\n<p>    <strong>La Poste<\/strong>\n            <\/p><\/blockquote>\n<p class=\" wall-content\">\u00ab\u2009Ce sont des employ\u00e9s de soci\u00e9t\u00e9s d\u2019int\u00e9rim qui ont \u00e9t\u00e9 contr\u00f4l\u00e9s, poursuit la direction. D\u2019apr\u00e8s nos informations, <strong>une personne n\u2019a pas pu pr\u00e9senter ses papiers<\/strong> au moment du contr\u00f4le.\u2009\u00bb<\/p>\n<p>Une op\u00e9ration de d\u00e9lation\u2009?<\/p>\n<p class=\" wall-content\">Quoi qu\u2019il en soit, le syndicat Sud PTT d\u2019Ille-et-Vilaine estime cette<strong> proc\u00e9dure \u00ab\u2009plus que choquante\u2009\u00bb,<\/strong> rappelant que les restaurants, les h\u00f4tels ou encore les h\u00f4pitaux ne pourraient fonctionner s\u2019il \u00ab\u2009n\u2019y avait pas des petites mains sans-papiers\u2009\u00bb.<\/p>\n<blockquote class=\"ac-article-quote wall-content\">\n<p>Nous constatons que dans la p\u00e9riode qui s\u2019ouvre le nombre de colis qu\u2019attendent les clients de La Poste explose, que ces travailleurs, sans-papiers ou non, font le job tous les jours.\n<\/p>\n<p>    <strong>Syndicat Sud PTT d&rsquo;Ille-et-Vilaine<\/strong><br \/>\n        Communiqu\u00e9 de presse    <\/p><\/blockquote>\n<p class=\" wall-content\">\u00ab\u2009Il y a <strong>134 filiales<\/strong> La Poste, reprend le membre du syndicat interrog\u00e9 par actu Rennes. Dans ces filiales, il y a <strong>diff\u00e9rents statuts<\/strong> de personnel\u2009\u00bb, avec \u00ab\u2009des fonctionnaires, des personnes en CDI et CDD, des int\u00e9rimaires, des employ\u00e9s GEL (\u00ab\u00a0un groupement d\u2019employeurs logistiques qui se partagent des salari\u00e9s\u00a0\u00bb) et des sans-papiers\u2009\u00bb.<\/p>\n<p class=\" wall-content\">Toujours selon le syndicat, <strong>la direction de La Poste serait \u00ab\u2009en conflit avec des dizaines de travailleurs sans-papiers<\/strong> qu\u2019elle avait embauch\u00e9s dans leur filiale Chronopost\u2009\u00bb. Ces employ\u00e9s en situation irr\u00e9guli\u00e8re r\u00e9clameraient depuis \u00ab\u2009plus de deux ans la r\u00e9gularisation de leurs papiers, de leur contrat de travail, de leur salaire\u2009\u00bb.<\/p>\n<p class=\" wall-content\">L\u2019intervention de la police aux fronti\u00e8res interroge donc particuli\u00e8rement le syndicat. <strong>\u00ab\u2009Est-ce qu\u2019il y a eu de la d\u00e9lation\u2009?\u2009\u00bb,<\/strong> se questionne notre source.<\/p>\n<p>Pas de r\u00e9ponse de la direction<\/p>\n<p class=\" wall-content\">Sud PTT a d\u00e9cid\u00e9 de <strong>saisir le pr\u00e9sident du CSE<\/strong> \u00ab\u2009Colissimo et international\u2009\u00bb pour avoir une r\u00e9ponse de la direction nationale apr\u00e8s l\u2019op\u00e9ration polici\u00e8re. \u00ab\u2009Nous n\u2019avons eu aucun retour\u2009\u00bb, affirme le syndiqu\u00e9.<\/p>\n<p class=\" wall-content\">En attendant, le syndicat \u00ab\u2009exige <strong>un seul statut<\/strong> pour les travailleurs\u2009\u00bb de La Poste et donc \u00ab\u2009la r\u00e9gularisation de ces sans-papiers\u2009\u00bb.<\/p>\n<p class=\" wall-content\">Sollicit\u00e9 concernant l\u2019intervention polici\u00e8re et le nombre de personnes sans-papiers contr\u00f4l\u00e9es, <strong>le parquet de Rennes<\/strong> n\u2019a pas r\u00e9pondu \u00e0 nos demandes \u00e0 l\u2019heure o\u00f9 nous \u00e9crivons ces lignes.<\/p>\n<p class=\" wall-content\">Personnalisez votre actualit\u00e9 en ajoutant vos villes et m\u00e9dias en favori avec <a href=\"https:\/\/moncompte.actu.fr\" title=\"D\u00e9couvez Mon Actu\" rel=\"nofollow noopener\" data-trk=\"{&quot;cta&quot;:{&quot;action&quot;:&quot;https:\\\/\\\/moncompte.actu.fr&quot;,&quot;category&quot;:&quot;mon compte&quot;,&quot;from&quot;:&quot;article footer&quot;,&quot;name&quot;:&quot;Mon actu&quot;,&quot;type&quot;:&quot;cta&quot;}}\" target=\"_blank\">Mon Actu<\/a>.<\/p>\n","protected":false},"excerpt":{"rendered":"Par Cl\u00e9mence Pays Publi\u00e9 le 6 d\u00e9c. 2025 \u00e0 18h39 \u00c0 l\u2019approche de No\u00ebl, la plateforme La Poste-Colissimo&hellip;\n","protected":false},"author":2,"featured_media":582681,"comment_status":"","ping_status":"","sticky":false,"template":"","format":"standard","meta":{"footnotes":""},"categories":[2821],"tags":[1111,11,829,15787,1777,674,1011,27,3316,1251,12,584,25,104],"class_list":{"0":"post-582680","1":"post","2":"type-post","3":"status-publish","4":"format-standard","5":"has-post-thumbnail","7":"category-rennes","8":"tag-actu","9":"tag-actualites","10":"tag-bretagne","11":"tag-droit-des-travailleurs","12":"tag-eu","13":"tag-europe","14":"tag-fr","15":"tag-france","16":"tag-la-poste","17":"tag-migrants","18":"tag-news","19":"tag-rennes","20":"tag-republique-francaise","21":"tag-societe"},"share_on_mastodon":{"url":"https:\/\/pubeurope.com\/@fr\/115674069732724780","error":""},"_links":{"self":[{"href":"https:\/\/www.europesays.com\/fr\/wp-json\/wp\/v2\/posts\/582680","targetHints":{"allow":["GET"]}}],"collection":[{"href":"https:\/\/www.europesays.com\/fr\/wp-json\/wp\/v2\/posts"}],"about":[{"href":"https:\/\/www.europesays.com\/fr\/wp-json\/wp\/v2\/types\/post"}],"author":[{"embeddable":true,"href":"https:\/\/www.europesays.com\/fr\/wp-json\/wp\/v2\/users\/2"}],"replies":[{"embeddable":true,"href":"https:\/\/www.europesays.com\/fr\/wp-json\/wp\/v2\/comments?post=582680"}],"version-history":[{"count":0,"href":"https:\/\/www.europesays.com\/fr\/wp-json\/wp\/v2\/posts\/582680\/revisions"}],"wp:featuredmedia":[{"embeddable":true,"href":"https:\/\/www.europesays.com\/fr\/wp-json\/wp\/v2\/media\/582681"}],"wp:attachment":[{"href":"https:\/\/www.europesays.com\/fr\/wp-json\/wp\/v2\/media?parent=582680"}],"wp:term":[{"taxonomy":"category","embeddable":true,"href":"https:\/\/www.europesays.com\/fr\/wp-json\/wp\/v2\/categories?post=582680"},{"taxonomy":"post_tag","embeddable":true,"href":"https:\/\/www.europesays.com\/fr\/wp-json\/wp\/v2\/tags?post=582680"}],"curies":[{"name":"wp","href":"https:\/\/api.w.org\/{rel}","templated":true}]}}