{"id":582686,"date":"2025-12-06T18:38:19","date_gmt":"2025-12-06T18:38:19","guid":{"rendered":"https:\/\/www.europesays.com\/fr\/582686\/"},"modified":"2025-12-06T18:38:19","modified_gmt":"2025-12-06T18:38:19","slug":"on-a-teste-le-nouveau-bowling-de-lorangerie-et-cest-un-strike","status":"publish","type":"post","link":"https:\/\/www.europesays.com\/fr\/582686\/","title":{"rendered":"on a test\u00e9 le nouveau bowling de l\u2019Orangerie et c&rsquo;est un strike"},"content":{"rendered":"<p>Il ne faut pas se laisser d\u00e9courager par l\u2019ext\u00e9rieur encore boueux et <a href=\"https:\/\/www.dna.fr\/economie\/2025\/03\/29\/a-l-orangerie-le-nouveau-bowling-sort-(enfin)-de-terre-voici-a-quoi-il-ressemblera\" target=\"_blank\" rel=\"noopener\">en travaux<\/a> \u00a0: le bowling de l\u2019Orangerie a bel et bien rouvert <a href=\"https:\/\/www.dna.fr\/economie\/2025\/11\/17\/nouveau-bowling-de-l-orangerie-l-ouverture-ce-sera-le-5-decembre\" target=\"_blank\" rel=\"noopener\">depuis vendredi 5\u00a0d\u00e9cembre<\/a>. Nous en avons pouss\u00e9 les portes ce samedi pour d\u00e9couvrir un lieu cosy d\u00e9di\u00e9 au divertissement. Si les pistes sont toujours au m\u00eame endroit, le reste du b\u00e2timent a compl\u00e8tement chang\u00e9 de configuration (pour le mieux).<\/p>\n<p>Ambiance chaleureuse et large choix de boissons<\/p>\n<p>Des tables, chaises et canap\u00e9s aux couleurs orange, bleu et bois ainsi qu\u2019un grand bar et une vid\u00e9o de feu de chemin\u00e9e accueillent le visiteur. N\u2019ayant pas r\u00e9serv\u00e9 en ligne, nous nous dirigeons vers l\u2019une des nombreuses bornes tactiles pour nous inscrire, en s\u00e9lectionnant la cat\u00e9gorie&#8230;<\/p>\n","protected":false},"excerpt":{"rendered":"Il ne faut pas se laisser d\u00e9courager par l\u2019ext\u00e9rieur encore boueux et en travaux \u00a0: le bowling de&hellip;\n","protected":false},"author":2,"featured_media":582687,"comment_status":"","ping_status":"","sticky":false,"template":"","format":"standard","meta":{"footnotes":""},"categories":[2820],"tags":[1111,11,1687,2880,1777,674,107,1011,27,775,12,25,4604,517,640,2879],"class_list":{"0":"post-582686","1":"post","2":"type-post","3":"status-publish","4":"format-standard","5":"has-post-thumbnail","7":"category-strasbourg","8":"tag-actu","9":"tag-actualites","10":"tag-culture-loisirs","11":"tag-edition-strasbourg","12":"tag-eu","13":"tag-europe","14":"tag-fil-info","15":"tag-fr","16":"tag-france","17":"tag-grand-est","18":"tag-news","19":"tag-republique-francaise","20":"tag-selection-abonne","21":"tag-sport","22":"tag-strasbourg","23":"tag-strasbourg-ville"},"share_on_mastodon":{"url":"https:\/\/pubeurope.com\/@fr\/115674081257444405","error":""},"_links":{"self":[{"href":"https:\/\/www.europesays.com\/fr\/wp-json\/wp\/v2\/posts\/582686","targetHints":{"allow":["GET"]}}],"collection":[{"href":"https:\/\/www.europesays.com\/fr\/wp-json\/wp\/v2\/posts"}],"about":[{"href":"https:\/\/www.europesays.com\/fr\/wp-json\/wp\/v2\/types\/post"}],"author":[{"embeddable":true,"href":"https:\/\/www.europesays.com\/fr\/wp-json\/wp\/v2\/users\/2"}],"replies":[{"embeddable":true,"href":"https:\/\/www.europesays.com\/fr\/wp-json\/wp\/v2\/comments?post=582686"}],"version-history":[{"count":0,"href":"https:\/\/www.europesays.com\/fr\/wp-json\/wp\/v2\/posts\/582686\/revisions"}],"wp:featuredmedia":[{"embeddable":true,"href":"https:\/\/www.europesays.com\/fr\/wp-json\/wp\/v2\/media\/582687"}],"wp:attachment":[{"href":"https:\/\/www.europesays.com\/fr\/wp-json\/wp\/v2\/media?parent=582686"}],"wp:term":[{"taxonomy":"category","embeddable":true,"href":"https:\/\/www.europesays.com\/fr\/wp-json\/wp\/v2\/categories?post=582686"},{"taxonomy":"post_tag","embeddable":true,"href":"https:\/\/www.europesays.com\/fr\/wp-json\/wp\/v2\/tags?post=582686"}],"curies":[{"name":"wp","href":"https:\/\/api.w.org\/{rel}","templated":true}]}}