{"id":582693,"date":"2025-12-06T18:43:11","date_gmt":"2025-12-06T18:43:11","guid":{"rendered":"https:\/\/www.europesays.com\/fr\/582693\/"},"modified":"2025-12-06T18:43:11","modified_gmt":"2025-12-06T18:43:11","slug":"thauvin-montre-la-voie-pression-sur-le-psg-les-canaris-senlisent-les-tops-et-flops","status":"publish","type":"post","link":"https:\/\/www.europesays.com\/fr\/582693\/","title":{"rendered":"Thauvin montre la voie, pression sur le PSG, les Canaris s\u2019enlisent&#8230;Les tops et flops"},"content":{"rendered":"<p>\n    Le RC Lens a renvers\u00e9 le FC Nantes (1-2) en fin de match \u00e0 la Beaujoire. Retrouvez ce qui a retenu l\u2019attention de la r\u00e9daction.<\/p>\n<p class=\"fig-paragraph\"><strong>TOPS<\/strong><\/p>\n<p>                                            Thauvin frappe encore<\/p>\n<p class=\"fig-paragraph\">L\u2019international fran\u00e7ais (13 s\u00e9lections) a \u00e9t\u00e9 une nouvelle fois d\u00e9cisif. Servi parfaitement par Ruben Aguilar,\u00a0<a href=\"http:\/\/www.lefigaro.fr\/sports\/football\/ligue-1\/ligue-1-en-video-le-but-de-florian-thauvin-pour-prendre-l-avantage-a-angers-20251130\" target=\"_blank\" data-fig-type=\"NewsFlash\" rel=\"sponsored noopener\" data-gtm-custom-categorie=\"navigation\" data-gtm-custom-action=\"crossclick\" data-gtm-custom-label=\"Contextuel\" data-gtm-event=\"customEventSPE\" data-fig-domain=\"LEFIGARO\">Florian Thauvin<\/a>\u00a0a ouvert le score pour lancer parfaitement le RC Lens \u00e0 la Beaujoire avec une t\u00eate puissante (34e). Sa cinqui\u00e8me r\u00e9alisation de la saison en Ligue 1. Un but qui est venu r\u00e9compenser l\u2019ultra domination des hommes de\u00a0<a href=\"http:\/\/www.lefigaro.fr\/sports\/football\/ligue-1\/ligue-1-calendrier-experience-pierre-sage-pourquoi-le-rc-lens-n-est-pas-un-feu-de-paille-et-peut-rever-du-podium-20251201\" target=\"_blank\" data-fig-type=\"NewsFlash\" rel=\"sponsored noopener\" data-gtm-custom-categorie=\"navigation\" data-gtm-custom-action=\"crossclick\" data-gtm-custom-label=\"Contextuel\" data-gtm-event=\"customEventSPE\" data-fig-domain=\"LEFIGARO\">Pierre Sage\u00a0<\/a>depuis le d\u00e9but du match. Il n\u2019est pas pass\u00e9 loin d\u2019inscrire le coup de gr\u00e2ce en fin de match apr\u00e8s un joli num\u00e9ro sur le c\u00f4t\u00e9 droit.<\/p>\n<p>                                            <a class=\"fig-a11y-skip\" href=\"#fig-a11y-skip-main-inarticle\" data-module=\"a11y-skip\" data-context=\"was @visible\"><br \/>\n    Passer la publicit\u00e9<br \/>\n<\/a>            <\/p>\n<p>                                            Lopes impuissant<\/p>\n<p class=\"fig-paragraph\">Le portier des Canaris a r\u00e9alis\u00e9 une entame tonitruante. Par deux fois,\u00a0<a href=\"http:\/\/www.lefigaro.fr\/sports\/football\/ligue-1\/nice-nantes-anthony-lopes-imperial-vanhoutte-en-chef-d-orchestre-awaziem-trop-passif-les-tops-et-flops-20250913\" target=\"_blank\" data-fig-type=\"NewsFlash\" rel=\"sponsored noopener\" data-gtm-custom-categorie=\"navigation\" data-gtm-custom-action=\"crossclick\" data-gtm-custom-label=\"Contextuel\" data-gtm-event=\"customEventSPE\" data-fig-domain=\"LEFIGARO\">Anthony Lopes<\/a>\u00a0a emp\u00each\u00e9 les Lensois de prendre l\u2019avantage\u00a0: tout d\u2019abord sur Sarr (7e) et quelques minutes plus tard avec un arr\u00eat r\u00e9flexe face \u00e0 Odsonne \u00c9douard (13e). Il est cependant impuissant frappe \u00e0 la t\u00eate imparable de Thauvin et la frappe \u00e0 bout portant de Wesley Sa\u00efd (81e).<\/p>\n<p>                                            Andrija Bulatovic<\/p>\n<p class=\"fig-paragraph\">Pour sa premi\u00e8re titularisation en\u00a0<a href=\"http:\/\/www.lefigaro.fr\/sports\/football\/ligue-1\/ligue-1-lens-renverse-nantes-et-conserve-sa-place-de-leader-20251206\" target=\"_blank\" data-fig-type=\"NewsFlash\" rel=\"sponsored noopener\" data-gtm-custom-categorie=\"navigation\" data-gtm-custom-action=\"crossclick\" data-gtm-custom-label=\"Contextuel\" data-gtm-event=\"customEventSPE\" data-fig-domain=\"LEFIGARO\">Ligue 1<\/a>, le jeune milieu de terrain (18 ans) a distribu\u00e9 des bijoux pendant toute la rencontre \u00e0 destination de ses co\u00e9quipiers. Avec la lourde responsabilit\u00e9 de remplacer l\u2019ancien nantais\u00a0<a href=\"http:\/\/www.lefigaro.fr\/sports\/football\/ligue-1\/l1-adrien-thomasson-l-ex-strasbourgeois-uniquement-focalise-sur-lens-20230406\" target=\"_blank\" data-fig-type=\"NewsFlash\" rel=\"sponsored noopener\" data-gtm-custom-categorie=\"navigation\" data-gtm-custom-action=\"crossclick\" data-gtm-custom-label=\"Contextuel\" data-gtm-event=\"customEventSPE\" data-fig-domain=\"LEFIGARO\">Adrien Thomasson<\/a>\u00a0(suspendu), Andrija Bulatovic a pris en charge les coups de pied arr\u00eat\u00e9s des Sang et Or.<\/p>\n<p class=\"fig-paragraph\">Il aurait pu \u00eatre d\u00e9cisif d\u00e8s son premier corner, mais Lopes a \u00e9t\u00e9 vigilant sur sa ligne face \u00e0 Sarr (7e). En deuxi\u00e8me mi-temps, un nouveau centre de Bulatovic a \u00e9t\u00e9 conclu par Sa\u00efd, mais la r\u00e9alisation a finalement \u00e9t\u00e9 annul\u00e9e \u00e0 cause d\u2019un hors-jeu de Fofana au pr\u00e9alable. Bient\u00f4t titulaire indiscutable\u00a0?<\/p>\n<p>                                            Lens met la pression au PSG<\/p>\n<p class=\"fig-paragraph\">La s\u00e9rie continue pour le RC Lens. Les hommes de Pierre Sage ont sign\u00e9 un cinqui\u00e8me succ\u00e8s d\u2019affil\u00e9e en Ligue 1 gr\u00e2ce et mettent la pression au\u00a0<a href=\"http:\/\/www.lefigaro.fr\/sports\/football\/ligue-1\/psg-en-ce-moment-la-meilleure-equipe-c-est-clairement-lens-admet-luis-enrique-motive-par-les-difficultes-20251205\" target=\"_blank\" data-fig-type=\"NewsFlash\" rel=\"sponsored noopener\" data-gtm-custom-categorie=\"navigation\" data-gtm-custom-action=\"crossclick\" data-gtm-custom-label=\"Contextuel\" data-gtm-event=\"customEventSPE\" data-fig-domain=\"LEFIGARO\">Paris Saint-Germain qui re\u00e7oit le Stade Rennais<\/a>\u00a0ce samedi soir (21h05). Gr\u00e2ce \u00e0 cette victoire, les Nordistes comptent maintenant quatre longueurs d\u2019avance sur leur dauphin parisien.<\/p>\n<p class=\"fig-paragraph\"><strong>FLOPS<\/strong><\/p>\n<p>                                            <a class=\"fig-a11y-skip\" href=\"#fig-a11y-skip-main-inarticle_mtf\" data-module=\"a11y-skip\" data-context=\"was @visible\"><br \/>\n    Passer la publicit\u00e9<br \/>\n<\/a>            <\/p>\n<p>                                            Nantes s\u2019enfonce<\/p>\n<p class=\"fig-paragraph\">Rien ne va plus au\u00a0<a href=\"http:\/\/www.lefigaro.fr\/sports\/football\/ligue-1\/ol-fc-nantes-satriano-enfin-buteur-pour-lyon-mwanga-enfonce-les-canaris-les-tops-et-flops-20251130\" target=\"_blank\" data-fig-type=\"NewsFlash\" rel=\"sponsored noopener\" data-gtm-custom-categorie=\"navigation\" data-gtm-custom-action=\"crossclick\" data-gtm-custom-label=\"Contextuel\" data-gtm-event=\"customEventSPE\" data-fig-domain=\"LEFIGARO\">FC Nantes<\/a>. Les hommes de Luis Castro sont sevr\u00e9s de victoire depuis le 24 octobre et le d\u00e9placement au Paris FC (1-2). Avec ce nouveau revers \u00e0 domicile contre Lens, les Jaune et Vert s\u2019enlisent dans les tr\u00e9fonds de la Ligue 1 (16e, 11 points) et sont sous la menace directe de Metz et Auxerre. Nantes pourrait \u00eatre la lanterne rouge \u00e0 l\u2019issue de cette journ\u00e9e de championnat.<\/p>\n<p>                                            <strong>Ganiou fautif<\/strong><\/p>\n<p class=\"fig-paragraph\">Le jeune d\u00e9fenseur nordiste (20 ans) n\u2019a pas eu grand-chose \u00e0 faire dans la premi\u00e8re mi-temps. Malheureusement pour lui, Isma\u00eblo Ganiou a commis une faute (de trop) dans sa propre surface sur le contre nantais emmen\u00e9 par Mathis Abline. Un penalty arr\u00eat\u00e9 dans un premier temps par Robin Risser, mais finalement transform\u00e9 en deux temps par\u00a0<a href=\"http:\/\/www.lefigaro.fr\/sports\/football\/transferts\/mercato-le-fc-nantes-sur-le-point-d-accueillir-youssef-el-arabi-20250715\" target=\"_blank\" data-fig-type=\"NewsFlash\" rel=\"sponsored noopener\" data-gtm-custom-categorie=\"navigation\" data-gtm-custom-action=\"crossclick\" data-gtm-custom-label=\"Contextuel\" data-gtm-event=\"customEventSPE\" data-fig-domain=\"LEFIGARO\">Youssef El-Arabi\u00a0<\/a>(38e). Un fait de jeu qui a totalement relanc\u00e9 les Canaris dans le rencontre. En seconde mi-temps, l\u2019international burkinab\u00e8 a ensuite \u00e9t\u00e9 pris de vitesse. Sans cons\u00e9quence.<\/p>\n<p>                                            Guirassy bless\u00e9<\/p>\n<p class=\"fig-paragraph\">L\u2019ailier nantais\u00a0<a href=\"http:\/\/www.lefigaro.fr\/sports\/football\/foot-espoirs-blesse-au-pied-djaoui-cisse-laisse-sa-place-a-herba-guirassy-20250904\" target=\"_blank\" data-fig-type=\"NewsFlash\" rel=\"sponsored noopener\" data-gtm-custom-categorie=\"navigation\" data-gtm-custom-action=\"crossclick\" data-gtm-custom-label=\"Contextuel\" data-gtm-event=\"customEventSPE\" data-fig-domain=\"LEFIGARO\">Herba Guirassy<\/a>\u00a0(19 ans) est sorti la t\u00eate basse avant la pause suite \u00e0 une blessure. Remplac\u00e9 par Lahdo (44e). Une nouvelle tuile pour l\u2019international espoir qui avait d\u00e9j\u00e0 \u00e9t\u00e9 contraint de renoncer \u00e0 sa convocation d\u00e9but novembre apr\u00e8s une blessure \u00e0 la cuisse.<\/p>\n","protected":false},"excerpt":{"rendered":"Le RC Lens a renvers\u00e9 le FC Nantes (1-2) en fin de match \u00e0 la Beaujoire. Retrouvez ce&hellip;\n","protected":false},"author":2,"featured_media":582694,"comment_status":"","ping_status":"","sticky":false,"template":"","format":"standard","meta":{"footnotes":""},"categories":[2818],"tags":[1111,11,1777,674,462,43563,1011,27,766,12,2636,2264,25],"class_list":{"0":"post-582693","1":"post","2":"type-post","3":"status-publish","4":"format-standard","5":"has-post-thumbnail","7":"category-nantes","8":"tag-actu","9":"tag-actualites","10":"tag-eu","11":"tag-europe","12":"tag-fc-nantes","13":"tag-florian-thauvin","14":"tag-fr","15":"tag-france","16":"tag-nantes","17":"tag-news","18":"tag-pays-de-la-loire","19":"tag-rc-lens","20":"tag-republique-francaise"},"share_on_mastodon":{"url":"https:\/\/pubeurope.com\/@fr\/115674100747667030","error":""},"_links":{"self":[{"href":"https:\/\/www.europesays.com\/fr\/wp-json\/wp\/v2\/posts\/582693","targetHints":{"allow":["GET"]}}],"collection":[{"href":"https:\/\/www.europesays.com\/fr\/wp-json\/wp\/v2\/posts"}],"about":[{"href":"https:\/\/www.europesays.com\/fr\/wp-json\/wp\/v2\/types\/post"}],"author":[{"embeddable":true,"href":"https:\/\/www.europesays.com\/fr\/wp-json\/wp\/v2\/users\/2"}],"replies":[{"embeddable":true,"href":"https:\/\/www.europesays.com\/fr\/wp-json\/wp\/v2\/comments?post=582693"}],"version-history":[{"count":0,"href":"https:\/\/www.europesays.com\/fr\/wp-json\/wp\/v2\/posts\/582693\/revisions"}],"wp:featuredmedia":[{"embeddable":true,"href":"https:\/\/www.europesays.com\/fr\/wp-json\/wp\/v2\/media\/582694"}],"wp:attachment":[{"href":"https:\/\/www.europesays.com\/fr\/wp-json\/wp\/v2\/media?parent=582693"}],"wp:term":[{"taxonomy":"category","embeddable":true,"href":"https:\/\/www.europesays.com\/fr\/wp-json\/wp\/v2\/categories?post=582693"},{"taxonomy":"post_tag","embeddable":true,"href":"https:\/\/www.europesays.com\/fr\/wp-json\/wp\/v2\/tags?post=582693"}],"curies":[{"name":"wp","href":"https:\/\/api.w.org\/{rel}","templated":true}]}}