{"id":582695,"date":"2025-12-06T18:44:11","date_gmt":"2025-12-06T18:44:11","guid":{"rendered":"https:\/\/www.europesays.com\/fr\/582695\/"},"modified":"2025-12-06T18:44:11","modified_gmt":"2025-12-06T18:44:11","slug":"quinze-ans-de-reclusion-pour-un-violeur-de-rue","status":"publish","type":"post","link":"https:\/\/www.europesays.com\/fr\/582695\/","title":{"rendered":"quinze ans de r\u00e9clusion pour un violeur de rue"},"content":{"rendered":"<p>Les faits avaient \u00e9t\u00e9 commis en 2020, \u00e0 Bordeaux, Talence et Le Bouscat. Les victimes, des jeunes femmes \u00e2g\u00e9es de 17 \u00e0 28\u00a0ans \u00e0 l\u2019\u00e9poque, avaient \u00e9t\u00e9 attaqu\u00e9es de dos, dans la rue, par un inconnu qui s\u2019\u00e9tait jet\u00e9 sur elles, alors qu\u2019elles regagnaient leur domicile, en soir\u00e9e.<\/p>\n<p>Nombreux \u00e9l\u00e9ments \u00e0 charge<\/p>\n<p>Devant ses juges, comme tout au long de l\u2019information judiciaire, Gianluca Leone, ressortissant italien install\u00e9 en France depuis des ann\u00e9es, p\u00e8re de famille, cariste de profession, a clam\u00e9 son innocence, en d\u00e9pit de nombreux \u00e9l\u00e9ments \u00e0 charge comme la d\u00e9couverte de son ADN sur trois agressions, dont le viol.<\/p>\n<p>Ses avocates, Mes Marilou S\u00e9val et Sol\u00e8ne Roquain-Bardet ont notamment plaid\u00e9 le doute devant profiter \u00e0 l\u2019accus\u00e9, pour plusieurs faits. Et rappel\u00e9 ce qu\u2019est le m\u00e9canisme du d\u00e9ni. \u00ab\u00a0Ce n\u2019est pas du mensonge, ni de la mauvaise foi, mais le refus inconscient de prendre en compte une partie de la r\u00e9alit\u00e9 qui est v\u00e9cue comme inacceptable pour lui. Un m\u00e9canisme de d\u00e9fense tr\u00e8s inconscient\u00a0\u00bb, a soulign\u00e9 Me S\u00e9val.<\/p>\n","protected":false},"excerpt":{"rendered":"Les faits avaient \u00e9t\u00e9 commis en 2020, \u00e0 Bordeaux, Talence et Le Bouscat. Les victimes, des jeunes femmes&hellip;\n","protected":false},"author":2,"featured_media":582696,"comment_status":"","ping_status":"","sticky":false,"template":"","format":"standard","meta":{"footnotes":""},"categories":[2817],"tags":[1111,11,1997,1777,674,1011,27,12,2219,25],"class_list":{"0":"post-582695","1":"post","2":"type-post","3":"status-publish","4":"format-standard","5":"has-post-thumbnail","7":"category-bordeaux","8":"tag-actu","9":"tag-actualites","10":"tag-bordeaux","11":"tag-eu","12":"tag-europe","13":"tag-fr","14":"tag-france","15":"tag-news","16":"tag-nouvelle-aquitaine","17":"tag-republique-francaise"},"share_on_mastodon":{"url":"","error":""},"_links":{"self":[{"href":"https:\/\/www.europesays.com\/fr\/wp-json\/wp\/v2\/posts\/582695","targetHints":{"allow":["GET"]}}],"collection":[{"href":"https:\/\/www.europesays.com\/fr\/wp-json\/wp\/v2\/posts"}],"about":[{"href":"https:\/\/www.europesays.com\/fr\/wp-json\/wp\/v2\/types\/post"}],"author":[{"embeddable":true,"href":"https:\/\/www.europesays.com\/fr\/wp-json\/wp\/v2\/users\/2"}],"replies":[{"embeddable":true,"href":"https:\/\/www.europesays.com\/fr\/wp-json\/wp\/v2\/comments?post=582695"}],"version-history":[{"count":0,"href":"https:\/\/www.europesays.com\/fr\/wp-json\/wp\/v2\/posts\/582695\/revisions"}],"wp:featuredmedia":[{"embeddable":true,"href":"https:\/\/www.europesays.com\/fr\/wp-json\/wp\/v2\/media\/582696"}],"wp:attachment":[{"href":"https:\/\/www.europesays.com\/fr\/wp-json\/wp\/v2\/media?parent=582695"}],"wp:term":[{"taxonomy":"category","embeddable":true,"href":"https:\/\/www.europesays.com\/fr\/wp-json\/wp\/v2\/categories?post=582695"},{"taxonomy":"post_tag","embeddable":true,"href":"https:\/\/www.europesays.com\/fr\/wp-json\/wp\/v2\/tags?post=582695"}],"curies":[{"name":"wp","href":"https:\/\/api.w.org\/{rel}","templated":true}]}}