{"id":582697,"date":"2025-12-06T18:45:18","date_gmt":"2025-12-06T18:45:18","guid":{"rendered":"https:\/\/www.europesays.com\/fr\/582697\/"},"modified":"2025-12-06T18:45:18","modified_gmt":"2025-12-06T18:45:18","slug":"les-petits-chanteurs-de-bordeaux-reviennent-pour-un-concert-de-noel-en-soutien-au-telethon","status":"publish","type":"post","link":"https:\/\/www.europesays.com\/fr\/582697\/","title":{"rendered":"les Petits Chanteurs de Bordeaux reviennent pour un concert de No\u00ebl en soutien au T\u00e9l\u00e9thon"},"content":{"rendered":"<p>Fid\u00e8le \u00e0 une tradition vocale qui remonte \u00e0 1875, le ch\u0153ur a vu le jour au sein de l\u2019institution Sainte-Marie Grand Lebrun, \u00e0 Bordeaux. Depuis pr\u00e8s de cent cinquante ans, il transmet un savoir-faire musical d\u2019excellence. Aujourd\u2019hui, sous la direction d\u2019Alexis Duffaure, \u00e9galement ma\u00eetre de chapelle de la cath\u00e9drale Saint-Andr\u00e9, les Petits Chanteurs perp\u00e9tuent une tradition exigeante avec un r\u00e9pertoire allant des grandes pages de musique sacr\u00e9e \u00e0 des \u0153uvres plus contemporaines.<\/p>\n","protected":false},"excerpt":{"rendered":"Fid\u00e8le \u00e0 une tradition vocale qui remonte \u00e0 1875, le ch\u0153ur a vu le jour au sein de&hellip;\n","protected":false},"author":2,"featured_media":582698,"comment_status":"","ping_status":"","sticky":false,"template":"","format":"standard","meta":{"footnotes":""},"categories":[2817],"tags":[1111,11,1997,1777,674,1011,27,12,2219,25],"class_list":{"0":"post-582697","1":"post","2":"type-post","3":"status-publish","4":"format-standard","5":"has-post-thumbnail","7":"category-bordeaux","8":"tag-actu","9":"tag-actualites","10":"tag-bordeaux","11":"tag-eu","12":"tag-europe","13":"tag-fr","14":"tag-france","15":"tag-news","16":"tag-nouvelle-aquitaine","17":"tag-republique-francaise"},"share_on_mastodon":{"url":"https:\/\/pubeurope.com\/@fr\/115674108632671778","error":""},"_links":{"self":[{"href":"https:\/\/www.europesays.com\/fr\/wp-json\/wp\/v2\/posts\/582697","targetHints":{"allow":["GET"]}}],"collection":[{"href":"https:\/\/www.europesays.com\/fr\/wp-json\/wp\/v2\/posts"}],"about":[{"href":"https:\/\/www.europesays.com\/fr\/wp-json\/wp\/v2\/types\/post"}],"author":[{"embeddable":true,"href":"https:\/\/www.europesays.com\/fr\/wp-json\/wp\/v2\/users\/2"}],"replies":[{"embeddable":true,"href":"https:\/\/www.europesays.com\/fr\/wp-json\/wp\/v2\/comments?post=582697"}],"version-history":[{"count":0,"href":"https:\/\/www.europesays.com\/fr\/wp-json\/wp\/v2\/posts\/582697\/revisions"}],"wp:featuredmedia":[{"embeddable":true,"href":"https:\/\/www.europesays.com\/fr\/wp-json\/wp\/v2\/media\/582698"}],"wp:attachment":[{"href":"https:\/\/www.europesays.com\/fr\/wp-json\/wp\/v2\/media?parent=582697"}],"wp:term":[{"taxonomy":"category","embeddable":true,"href":"https:\/\/www.europesays.com\/fr\/wp-json\/wp\/v2\/categories?post=582697"},{"taxonomy":"post_tag","embeddable":true,"href":"https:\/\/www.europesays.com\/fr\/wp-json\/wp\/v2\/tags?post=582697"}],"curies":[{"name":"wp","href":"https:\/\/api.w.org\/{rel}","templated":true}]}}