{"id":582699,"date":"2025-12-06T18:47:11","date_gmt":"2025-12-06T18:47:11","guid":{"rendered":"https:\/\/www.europesays.com\/fr\/582699\/"},"modified":"2025-12-06T18:47:11","modified_gmt":"2025-12-06T18:47:11","slug":"pourquoi-des-milliers-de-peres-noel-seront-rassembles-dans-les-rues-de-toulouse","status":"publish","type":"post","link":"https:\/\/www.europesays.com\/fr\/582699\/","title":{"rendered":"Pourquoi des milliers de P\u00e8res No\u00ebl seront rassembl\u00e9s dans les rues de Toulouse\u00a0?"},"content":{"rendered":"<p>                    Par<br \/>\n        <strong><br \/>\n            <a href=\"https:\/\/actu.fr\/auteur\/lea-afonso\" title=\"Consulter tous les articles de L\u00e9a Afonso\" target=\"_blank\" rel=\"noopener\">L\u00e9a Afonso<\/a><br \/>\n                    <\/strong><\/p>\n<p>        Publi\u00e9 le<\/p>\n<p>            6 d\u00e9c. 2025 \u00e0 17h22        <\/p>\n<p>Nous avons l\u2019habitude de le voir seul, drap\u00e9 de son <strong>manteau rouge et blanc<\/strong>, arborant sa grande barbe et sa silhouette reconnaissable entre mille\u2026 Oui, nous parlons bien du <strong>P\u00e8re No\u00ebl<\/strong>\u2009! En d\u00e9cembre, il n\u2019est pas rare d\u2019en croiser un dans les rues de <a href=\"https:\/\/actu.fr\/toulouse\/\" target=\"_blank\" rel=\"noopener\">Toulouse<\/a>. Mais en voir plusieurs r\u00e9unis est d\u00e9j\u00e0 moins commun. Et en voir <strong>des milliers<\/strong>, c\u2019est presque surr\u00e9aliste. C\u2019est pourtant ce qui va se produire dans la Ville rose le 14\u00a0d\u00e9cembre 2025\u2026<\/p>\n<p>Une course caritative hors du commun<\/p>\n<p class=\" wall-content\">\u00ab\u2009Des milliers de P\u00e8res No\u00ebl seront bient\u00f4t r\u00e9unis dans les rues de Toulouse pour une nouvelle \u00e9dition de la Corrida de No\u00ebl, organis\u00e9e au profit de l\u2019H\u00f4pital des Enfants de Purpan\u2009\u00bb, annonce la mairie de Toulouse.<\/p>\n<p class=\" wall-content\">Cette ann\u00e9e, <strong>3\u2009000\u00a0participants sont attendus<\/strong>. Tous prendront le d\u00e9part <strong>costum\u00e9s en P\u00e8re No\u00ebl,<\/strong> pour une<strong> course festive et solidaire<\/strong> d\u00e9clin\u00e9e en plusieurs formats accessibles \u00e0 tous\u2009:<\/p>\n<ul class=\" wall-content\">\n<li>5\u00a0km course (une boucle)<\/li>\n<li>10\u00a0km course (deux boucles)<\/li>\n<li>5\u00a0km balade<\/li>\n<li>10\u00a0km marche nordique ou marche athl\u00e9tique (deux boucles)<\/li>\n<\/ul>\n<p>Courir pour la bonne cause<\/p>\n<p class=\" wall-content\">\u00c9v\u00e9nement solidaire incontournable de d\u00e9cembre, la Corrida de No\u00ebl s\u2019engage chaque ann\u00e9e aux c\u00f4t\u00e9s du CHU de Toulouse et de l\u2019Institut Saint-Jacques, fonds de soutien d\u00e9di\u00e9 \u00e0 l\u2019h\u00f4pital. \u00ab\u2009Gr\u00e2ce aux dons et \u00e0 la mobilisation des participants, la Corrida contribue chaque ann\u00e9e au <strong>financement de projets innovants au service des patients, des soignants et de la recherche<\/strong>\u2009\u00bb, souligne la mairie.<\/p>\n<p>Vid\u00e9os : en ce moment sur Actu<\/p>\n<p class=\" wall-content\"><strong>En 2024, 10\u2009000\u00a0\u20ac<\/strong> avaient \u00e9t\u00e9<strong> revers\u00e9s \u00e0 l\u2019H\u00f4pital des Enfants de Purpan<\/strong>, notamment au service de chirurgie orthop\u00e9dique. Pour cette \u00e9dition <strong>2025<\/strong>, les organisateurs esp\u00e8rent <strong>atteindre la barre des 15\u2009000\u00a0\u20ac de dons.<\/strong><\/p>\n<p>Des rues ferm\u00e9es \u00e0 la circulation<\/p>\n<p class=\" wall-content\">Afin de garantir le bon d\u00e9roulement de la course, plusieurs <strong>rues du centre-ville<\/strong> seront <strong>ferm\u00e9es \u00e0 la circulation<\/strong> le dimanche 14\u00a0d\u00e9cembre, de 9h30 \u00e0 12h. Voici le parcours\u2009:<\/p>\n<p>Votre r\u00e9gion, votre actu !<\/p>\n<p>Recevez chaque jour les infos qui comptent pour vous.<\/p>\n<p>\t<a href=\"https:\/\/actu.fr\/newsletter\" class=\"ac-btn ac-btn--corner ac-btn--medium ac-btn--blue800\" target=\"_blank\" rel=\"noopener\">S&rsquo;incrire<\/a><\/p>\n<ul class=\" wall-content\">\n<li>D\u00e9part du port de la Dorade<\/li>\n<li>Promenade Henri Martin vers Place Ma\u00eetre Jean Maubec<\/li>\n<li>Place Ma\u00eetre Jean Maubec vers Pont du Halage de Tounis<\/li>\n<li>Pont du Halage de Tounis\u2009: fermeture de la circulation<\/li>\n<li>Pont Saint-Michel\u2009: sur trottoir<\/li>\n<li>Prairie des Filtres<\/li>\n<li>Cours Dillon\u2009: sur la partie \u00ab\u2009pi\u00e9tons\u2009\u00bb<\/li>\n<li>Pont Neuf\u2009: fermeture de la circulation<\/li>\n<li>Cours Dillon vers Rue Charles Viguerie<\/li>\n<li>Rue Charles Viguerie\u2009: fermeture de la circulation<\/li>\n<li>Rue du Crucifix\u2009: fermeture de la circulation<\/li>\n<li>Rue des Novars\u2009: fermeture de la circulation<\/li>\n<li>Rue Arnaud Baric\u2009: fermeture de la circulation<\/li>\n<li>Rue du Pont Saint-Pierre\u2009: fermeture de la circulation<br \/>\u2013 de l\u2019intersection rue du Pont Saint-Pierre et rue Arnaud Baric<br \/>\u2013 et de l\u2019intersection rue du Pont Saint-Pierre et rue Place Saint-Pierre<\/li>\n<li>Rue du Pont Saint-Pierre vers Quai Lucien Lombard\u2009: sur trottoir<\/li>\n<li>Place de la Daurade\u2009: sur trottoir<\/li>\n<li>Arriv\u00e9e Port de la Daurade<\/li>\n<\/ul>\n<p class=\" wall-content\">Personnalisez votre actualit\u00e9 en ajoutant vos villes et m\u00e9dias en favori avec <a href=\"https:\/\/moncompte.actu.fr\" title=\"D\u00e9couvez Mon Actu\" rel=\"nofollow noopener\" data-trk=\"{&quot;cta&quot;:{&quot;action&quot;:&quot;https:\\\/\\\/moncompte.actu.fr&quot;,&quot;category&quot;:&quot;mon compte&quot;,&quot;from&quot;:&quot;article footer&quot;,&quot;name&quot;:&quot;Mon actu&quot;,&quot;type&quot;:&quot;cta&quot;}}\" target=\"_blank\">Mon Actu<\/a>.<\/p>\n","protected":false},"excerpt":{"rendered":"Par L\u00e9a Afonso Publi\u00e9 le 6 d\u00e9c. 2025 \u00e0 17h22 Nous avons l\u2019habitude de le voir seul, drap\u00e9&hellip;\n","protected":false},"author":2,"featured_media":582700,"comment_status":"","ping_status":"","sticky":false,"template":"","format":"standard","meta":{"footnotes":""},"categories":[2816],"tags":[1111,11,1777,674,1011,27,1652,12,15830,2680,25,1341,2312],"class_list":{"0":"post-582699","1":"post","2":"type-post","3":"status-publish","4":"format-standard","5":"has-post-thumbnail","7":"category-toulouse","8":"tag-actu","9":"tag-actualites","10":"tag-eu","11":"tag-europe","12":"tag-fr","13":"tag-france","14":"tag-loisirs-culture","15":"tag-news","16":"tag-noel","17":"tag-occitanie","18":"tag-republique-francaise","19":"tag-sortir-a-toulouse","20":"tag-toulouse"},"share_on_mastodon":{"url":"https:\/\/pubeurope.com\/@fr\/115674116629090185","error":""},"_links":{"self":[{"href":"https:\/\/www.europesays.com\/fr\/wp-json\/wp\/v2\/posts\/582699","targetHints":{"allow":["GET"]}}],"collection":[{"href":"https:\/\/www.europesays.com\/fr\/wp-json\/wp\/v2\/posts"}],"about":[{"href":"https:\/\/www.europesays.com\/fr\/wp-json\/wp\/v2\/types\/post"}],"author":[{"embeddable":true,"href":"https:\/\/www.europesays.com\/fr\/wp-json\/wp\/v2\/users\/2"}],"replies":[{"embeddable":true,"href":"https:\/\/www.europesays.com\/fr\/wp-json\/wp\/v2\/comments?post=582699"}],"version-history":[{"count":0,"href":"https:\/\/www.europesays.com\/fr\/wp-json\/wp\/v2\/posts\/582699\/revisions"}],"wp:featuredmedia":[{"embeddable":true,"href":"https:\/\/www.europesays.com\/fr\/wp-json\/wp\/v2\/media\/582700"}],"wp:attachment":[{"href":"https:\/\/www.europesays.com\/fr\/wp-json\/wp\/v2\/media?parent=582699"}],"wp:term":[{"taxonomy":"category","embeddable":true,"href":"https:\/\/www.europesays.com\/fr\/wp-json\/wp\/v2\/categories?post=582699"},{"taxonomy":"post_tag","embeddable":true,"href":"https:\/\/www.europesays.com\/fr\/wp-json\/wp\/v2\/tags?post=582699"}],"curies":[{"name":"wp","href":"https:\/\/api.w.org\/{rel}","templated":true}]}}