{"id":582701,"date":"2025-12-06T18:48:13","date_gmt":"2025-12-06T18:48:13","guid":{"rendered":"https:\/\/www.europesays.com\/fr\/582701\/"},"modified":"2025-12-06T18:48:13","modified_gmt":"2025-12-06T18:48:13","slug":"chien-coince-a-20-metres-de-profondeur-une-tentative-de-sauvetage-engagee-par-les-pompiers-au-sud-de-toulouse","status":"publish","type":"post","link":"https:\/\/www.europesays.com\/fr\/582701\/","title":{"rendered":"Chien coinc\u00e9 \u00e0 20 m\u00e8tres de profondeur\u00a0: une tentative de sauvetage engag\u00e9e par les pompiers au sud de Toulouse"},"content":{"rendered":"<p>\n                                                                    l&rsquo;essentiel<br \/>\n                                                                Un chien coinc\u00e9 dans un trou a mobilis\u00e9 les pompiers sp\u00e9cialis\u00e9s en sp\u00e9l\u00e9ologie \u00e0 Izaut-de-l\u2019H\u00f4tel. Gr\u00e2ce \u00e0 l\u2019intervention du GRIMP, l\u2019animal a \u00e9t\u00e9 secouru sain et sauf, retrouvant ainsi son ma\u00eetre.\n                            <\/p>\n<p>Le chien \u00e9tait coinc\u00e9 \u00e0 20 m\u00e8tres de profondeur. Les pompiers sp\u00e9cialis\u00e9s en sp\u00e9l\u00e9ologie ont \u00e9t\u00e9 appel\u00e9s samedi matin pour une intervention plut\u00f4t insolite. Secourir un toutou coinc\u00e9 dans une cavit\u00e9 \u00e0 Izaut-de-l\u2019H\u00f4tel, un village du Comminges.<\/p>\n<p>Les sp\u00e9cialistes du Grimp engag\u00e9s<\/p>\n<p>L\u2019animal \u00e9tait tomb\u00e9 \u00ab\u00a0dans un puits naturel\u00a0\u00bb\u00a0; les pompiers du Grimp (sp\u00e9cialistes des sauvetages en milieu p\u00e9rilleux) ont \u00e9t\u00e9 convoqu\u00e9s pour aller chercher le chien. \u00ab\u00a0L\u2019animal a pu \u00eatre extrait du puits en toute s\u00e9curit\u00e9, sain et sauf\u00a0\u00bb, pr\u00e9cise le service d\u00e9partemental d\u2019incendie et de secours de la Haute-Garonne (SDIS 31).<\/p>\n<p class=\"std-elt__inline\">\n        <strong>\u00c0 lire aussi :<\/strong><br \/>\n        <a href=\"https:\/\/www.ladepeche.fr\/2025\/10\/25\/bovin-en-detresse-pourquoi-les-pompiers-menent-une-longue-et-delicate-operation-pres-de-luchon-13014897.php\" target=\"_blank\" rel=\"noopener\">Bovin en d\u00e9tresse\u00a0: pourquoi les pompiers m\u00e8nent une longue et d\u00e9licate op\u00e9ration pr\u00e8s de Luchon<\/a>\n    <\/p>\n<p>Des personnels de Saint-Gaudens, Saint-B\u00e9at, Aspet et Luchon ont \u00e9t\u00e9 engag\u00e9s sur cette op\u00e9ration. L\u2019animal a pu retrouver son ma\u00eetre et remercier les secouristes, tout sourire d\u2019avoir r\u00e9ussi \u00e0 le sortir d\u2019affaire.<\/p>\n","protected":false},"excerpt":{"rendered":"l&rsquo;essentiel Un chien coinc\u00e9 dans un trou a mobilis\u00e9 les pompiers sp\u00e9cialis\u00e9s en sp\u00e9l\u00e9ologie \u00e0 Izaut-de-l\u2019H\u00f4tel. Gr\u00e2ce \u00e0&hellip;\n","protected":false},"author":2,"featured_media":582702,"comment_status":"","ping_status":"","sticky":false,"template":"","format":"standard","meta":{"footnotes":""},"categories":[2816],"tags":[1111,11,1867,436,1777,674,1011,27,329,2722,12,2680,25,2312],"class_list":{"0":"post-582701","1":"post","2":"type-post","3":"status-publish","4":"format-standard","5":"has-post-thumbnail","7":"category-toulouse","8":"tag-actu","9":"tag-actualites","10":"tag-animaux","11":"tag-environnement","12":"tag-eu","13":"tag-europe","14":"tag-fr","15":"tag-france","16":"tag-france-monde","17":"tag-haute-garonne","18":"tag-news","19":"tag-occitanie","20":"tag-republique-francaise","21":"tag-toulouse"},"share_on_mastodon":{"url":"https:\/\/pubeurope.com\/@fr\/115674120428518307","error":""},"_links":{"self":[{"href":"https:\/\/www.europesays.com\/fr\/wp-json\/wp\/v2\/posts\/582701","targetHints":{"allow":["GET"]}}],"collection":[{"href":"https:\/\/www.europesays.com\/fr\/wp-json\/wp\/v2\/posts"}],"about":[{"href":"https:\/\/www.europesays.com\/fr\/wp-json\/wp\/v2\/types\/post"}],"author":[{"embeddable":true,"href":"https:\/\/www.europesays.com\/fr\/wp-json\/wp\/v2\/users\/2"}],"replies":[{"embeddable":true,"href":"https:\/\/www.europesays.com\/fr\/wp-json\/wp\/v2\/comments?post=582701"}],"version-history":[{"count":0,"href":"https:\/\/www.europesays.com\/fr\/wp-json\/wp\/v2\/posts\/582701\/revisions"}],"wp:featuredmedia":[{"embeddable":true,"href":"https:\/\/www.europesays.com\/fr\/wp-json\/wp\/v2\/media\/582702"}],"wp:attachment":[{"href":"https:\/\/www.europesays.com\/fr\/wp-json\/wp\/v2\/media?parent=582701"}],"wp:term":[{"taxonomy":"category","embeddable":true,"href":"https:\/\/www.europesays.com\/fr\/wp-json\/wp\/v2\/categories?post=582701"},{"taxonomy":"post_tag","embeddable":true,"href":"https:\/\/www.europesays.com\/fr\/wp-json\/wp\/v2\/tags?post=582701"}],"curies":[{"name":"wp","href":"https:\/\/api.w.org\/{rel}","templated":true}]}}