{"id":582706,"date":"2025-12-06T18:52:14","date_gmt":"2025-12-06T18:52:14","guid":{"rendered":"https:\/\/www.europesays.com\/fr\/582706\/"},"modified":"2025-12-06T18:52:14","modified_gmt":"2025-12-06T18:52:14","slug":"le-6-decembre-2001-claudia-schiffer-tournait-une-pub-dans-le-port-de-marseille","status":"publish","type":"post","link":"https:\/\/www.europesays.com\/fr\/582706\/","title":{"rendered":"Le 6\u00a0d\u00e9cembre\u00a02001, Claudia Schiffer tournait une pub dans le Port de Marseille"},"content":{"rendered":"<p>\u00ab\u00a0Une sir\u00e8ne dans le port\u00a0\u00bb, titrait La Provence le 6\u00a0d\u00e9cembre\u00a02001. Ce jour-l\u00e0, Claudia Schiffer, la c\u00e9l\u00e8bre <a href=\"https:\/\/www.laprovence.com\/article\/region\/1861685458385914\/ines-de-la-fressange-a-avignon-lex-top-model-donne-ses-bonnes-adresses-dans-un-livre\" target=\"_blank\" rel=\"noopener\">mannequin<\/a> et actrice allemande, est venue \u00e0 Marseille. D\u00e8s son arriv\u00e9e, elle s\u2019est procur\u00e9\u2026 une cr\u00e8che de No\u00ebl sur la Canebi\u00e8re tout en profitant de l\u2019occasion pour <a href=\"https:\/\/www.laprovence.com\/article\/region\/12629550833113\/amoureux-de-marseille-ces-touristes-le-disent-c-est-vraiment-une-ville-a-part\" target=\"_blank\" rel=\"noopener\">visiter Marseille<\/a> qu\u2019elle ne connaissait pas.<\/p>\n<p>Arriv\u00e9e de Londres, elle a install\u00e9 son \u00e9quipe dans un hangar du cap Janet. C\u2019est entre les portes 3 et 4 qu\u2019elle a tourn\u00e9 pendant trois jours une \u00ab\u00a0pub\u00a0\u00bb\u00a0: un spot qui ne durera que trente secondes sur le petit \u00e9cran.<\/p>\n<p>Marseille, \u00ab\u00a0un port qui a du cachet\u00a0\u00bb<\/p>\n<p>Pour mettre en avant la nouvelle Xsara Citro\u00ebn, Claudia Schiffer a choisi Marseille \u00ab\u00a0plut\u00f4t qu\u2019un port am\u00e9ricain pour des raisons de disponibilit\u00e9\u00a0\u00bb, \u00e9crivait La Provence qui rapportait \u00e9galement qu\u2019une centaine de personnes s\u2019\u00e9tait press\u00e9e sur le lieu du tournage pour rencontrer la star des d\u00e9fil\u00e9s, y compris la conseill\u00e8re municipale Monique Venturini, charg\u00e9e des relations publiques de la municipalit\u00e9 g\u00e9r\u00e9e alors par Jean-Claude Gaudin.<\/p>\n<p>\u00ab\u00a0\u00c0 Marseille, il y a un port qui a du cachet. [\u2026] On pourrait y cr\u00e9er un prodigieux studio. Il a simplement fallu qu\u2019on monte un terrain de basket\u2026 Et Marseille est devenue un port am\u00e9ricain\u00a0\u00bb, t\u00e9moignait aussi le directeur de la publicit\u00e9 de \u00ab\u00a0Fada production\u00a0\u00bb, Fabrice Benchaouche dans nos colonnes.<\/p>\n","protected":false},"excerpt":{"rendered":"\u00ab\u00a0Une sir\u00e8ne dans le port\u00a0\u00bb, titrait La Provence le 6\u00a0d\u00e9cembre\u00a02001. Ce jour-l\u00e0, Claudia Schiffer, la c\u00e9l\u00e8bre mannequin et&hellip;\n","protected":false},"author":2,"featured_media":582707,"comment_status":"","ping_status":"","sticky":false,"template":"","format":"standard","meta":{"footnotes":""},"categories":[2814],"tags":[17,69631,1111,11,54489,1777,674,1011,27,884,12,882,5714,16,25,69632,3356,69633,96],"class_list":{"0":"post-582706","1":"post","2":"type-post","3":"status-publish","4":"format-standard","5":"has-post-thumbnail","7":"category-marseille","8":"tag-17","9":"tag-6-decembre-2001","10":"tag-actu","11":"tag-actualites","12":"tag-claudia","13":"tag-eu","14":"tag-europe","15":"tag-fr","16":"tag-france","17":"tag-marseille","18":"tag-news","19":"tag-provence-alpes-cote-dazur","20":"tag-pub","21":"tag-region","22":"tag-republique-francaise","23":"tag-schiffer","24":"tag-sur","25":"tag-tournait","26":"tag-une"},"share_on_mastodon":{"url":"https:\/\/pubeurope.com\/@fr\/115674136290529238","error":""},"_links":{"self":[{"href":"https:\/\/www.europesays.com\/fr\/wp-json\/wp\/v2\/posts\/582706","targetHints":{"allow":["GET"]}}],"collection":[{"href":"https:\/\/www.europesays.com\/fr\/wp-json\/wp\/v2\/posts"}],"about":[{"href":"https:\/\/www.europesays.com\/fr\/wp-json\/wp\/v2\/types\/post"}],"author":[{"embeddable":true,"href":"https:\/\/www.europesays.com\/fr\/wp-json\/wp\/v2\/users\/2"}],"replies":[{"embeddable":true,"href":"https:\/\/www.europesays.com\/fr\/wp-json\/wp\/v2\/comments?post=582706"}],"version-history":[{"count":0,"href":"https:\/\/www.europesays.com\/fr\/wp-json\/wp\/v2\/posts\/582706\/revisions"}],"wp:featuredmedia":[{"embeddable":true,"href":"https:\/\/www.europesays.com\/fr\/wp-json\/wp\/v2\/media\/582707"}],"wp:attachment":[{"href":"https:\/\/www.europesays.com\/fr\/wp-json\/wp\/v2\/media?parent=582706"}],"wp:term":[{"taxonomy":"category","embeddable":true,"href":"https:\/\/www.europesays.com\/fr\/wp-json\/wp\/v2\/categories?post=582706"},{"taxonomy":"post_tag","embeddable":true,"href":"https:\/\/www.europesays.com\/fr\/wp-json\/wp\/v2\/tags?post=582706"}],"curies":[{"name":"wp","href":"https:\/\/api.w.org\/{rel}","templated":true}]}}