{"id":582708,"date":"2025-12-06T18:53:12","date_gmt":"2025-12-06T18:53:12","guid":{"rendered":"https:\/\/www.europesays.com\/fr\/582708\/"},"modified":"2025-12-06T18:53:12","modified_gmt":"2025-12-06T18:53:12","slug":"la-prefecture-interdit-tout-rassemblement-autour-du-meeting-du-rn","status":"publish","type":"post","link":"https:\/\/www.europesays.com\/fr\/582708\/","title":{"rendered":"la pr\u00e9fecture interdit tout rassemblement autour du meeting du RN"},"content":{"rendered":"<p>Le meeting du RN, organis\u00e9 \u00e0 15 heures aux Terrasses du Parc, doit notamment pr\u00e9senter les quatorze t\u00eates de liste du parti en vue des \u00e9lections m\u00e9tropolitaines. Des associations et syndicats ont simultan\u00e9ment appel\u00e9 \u00e0 une manifestation d\u00e8s 14h30 sur la place Charles-Hernu, \u00e0 850 m\u00e8tres du lieu. Cette mobilisation, d\u00e9clar\u00e9e le 25 novembre par plusieurs organisations, annonce environ 500 participants.<\/p>\n<p>Outre les quatorze t\u00eates de liste m\u00e9tropolitaines men\u00e9es par la d\u00e9put\u00e9e de la 13e circonscription du Rh\u00f4ne, Tiffany Joncour, deux parlementaires du Rassemblement national sont annonc\u00e9s : Julien Odoul et Edwige Diaz.<\/p>\n<p>L\u2019arr\u00eat\u00e9, dat\u00e9 du vendredi 5 d\u00e9cembre, rappelle d\u2019embl\u00e9e le contexte s\u00e9curitaire national : le plan Vigipirate \u00ab\u00a0\u00c9t\u00e9-Automne 2025\u00a0\u00bb est maintenu \u00e0 son niveau \u00ab\u00a0urgence attentat\u00a0\u00bb. Dans ce cadre, les autorit\u00e9s soulignent qu\u2019il leur appartient d\u2019\u00a0\u00bbassurer la pr\u00e9servation de l\u2019ordre public et sa conciliation avec les libert\u00e9s fondamentales.\u00a0\u00bb<\/p>\n<p>Pour la pr\u00e9fecture, les \u00ab\u00a0motifs d&rsquo;appel au rassemblement [\u2026] sont de nature \u00e0 entra\u00eener des provocations et \u00e0 g\u00e9n\u00e9rer des troubles \u00e0 l&rsquo;ordre public\u00a0\u00bb. Elle rappelle que des d\u00e9gradations nocturnes ont vis\u00e9 la salle du meeting dans la nuit du 30 novembre au 1er d\u00e9cembre : plusieurs inscriptions peintes, notamment \u00ab\u00a0antifa\u00a0\u00bb, \u00ab\u00a0non au RN\u00a0\u00bb et \u00ab\u00a0RN\u00a0\u00bb, ont \u00e9t\u00e9 relev\u00e9es sur les vitres de l\u2019\u00e9tablissement.<\/p>\n<p>Les autorit\u00e9s estiment que \u00ab\u00a0des militants d&rsquo;ultra-gauche [\u2026] seront assur\u00e9ment pr\u00e9sents\u00a0\u00bb et que certains pourraient tenter de former \u00ab\u00a0un cort\u00e8ge sauvage jusqu&rsquo;au lieu du meeting\u00a0\u00bb ou de rejoindre les abords de la salle par leurs propres moyens. Elles soulignent \u00e9galement \u00ab\u00a0un antagonisme r\u00e9current et violent entre la mouvance d\u2019ultra-gauche et la mouvance d\u2019ultra-droite.\u00a0\u00bb<\/p>\n<p>Les services de l&rsquo;\u00c9tat insiste sur la mobilisation importante des forces de l\u2019ordre d\u00e9j\u00e0 engag\u00e9es sur la F\u00eate des Lumi\u00e8res du 5 au 8 d\u00e9cembre, et juge qu\u2019elles \u00ab\u00a0ne sauraient \u00eatre distraites de leurs missions prioritaires.\u00a0\u00bb L\u2019arr\u00eat\u00e9 consid\u00e8re ainsi que l\u2019interdiction est \u00ab\u00a0seule de nature \u00e0 pr\u00e9venir efficacement et de mani\u00e8re proportionn\u00e9e les troubles \u00e0 l\u2019ordre public.\u00a0\u00bb<\/p>\n<p>En cons\u00e9quence, tous \u00ab\u00a0cort\u00e8ges, d\u00e9fil\u00e9s et rassemblements revendicatifs\u00a0\u00bb seront interdits dimanche entre 14h et 22h dans un p\u00e9rim\u00e8tre englobant notamment le boulevard Stalingrad, le cours Andr\u00e9-Philip, l\u2019avenue Salvador-Allende, le boulevard du 1er-Novembre-1918, la rue du Tonkin ou encore l\u2019all\u00e9e de Ceinture.<\/p>\n<p>L\u2019arr\u00eat\u00e9 rappelle les sanctions encourues : organiser une manifestation interdite est puni de \u00ab\u00a0six mois d\u2019emprisonnement et de 7500 euros d\u2019amende\u00a0\u00bb, tandis que participer \u00e0 une manifestation interdite expose \u00e0 une contravention de 4e classe.<\/p>\n","protected":false},"excerpt":{"rendered":"Le meeting du RN, organis\u00e9 \u00e0 15 heures aux Terrasses du Parc, doit notamment pr\u00e9senter les quatorze t\u00eates&hellip;\n","protected":false},"author":2,"featured_media":582709,"comment_status":"","ping_status":"","sticky":false,"template":"","format":"standard","meta":{"footnotes":""},"categories":[1889],"tags":[1111,11,2813,2190,2430,1109,251,1112,2811,1777,674,118,1011,27,1922,1110,1114,2428,2810,12,241,316,25,2812,517,800],"class_list":{"0":"post-582708","1":"post","2":"type-post","3":"status-publish","4":"format-standard","5":"has-post-thumbnail","7":"category-lyon","8":"tag-actu","9":"tag-actualites","10":"tag-article","11":"tag-asvel","12":"tag-auvergne-rhone-alpes","13":"tag-breves","14":"tag-culture","15":"tag-depeches","16":"tag-economique","17":"tag-eu","18":"tag-europe","19":"tag-faits-divers","20":"tag-fr","21":"tag-france","22":"tag-info","23":"tag-informations","24":"tag-infos","25":"tag-lyon","26":"tag-lyonmag","27":"tag-news","28":"tag-ol","29":"tag-politique","30":"tag-republique-francaise","31":"tag-sociale","32":"tag-sport","33":"tag-transports"},"share_on_mastodon":{"url":"https:\/\/pubeurope.com\/@fr\/115674140283424951","error":""},"_links":{"self":[{"href":"https:\/\/www.europesays.com\/fr\/wp-json\/wp\/v2\/posts\/582708","targetHints":{"allow":["GET"]}}],"collection":[{"href":"https:\/\/www.europesays.com\/fr\/wp-json\/wp\/v2\/posts"}],"about":[{"href":"https:\/\/www.europesays.com\/fr\/wp-json\/wp\/v2\/types\/post"}],"author":[{"embeddable":true,"href":"https:\/\/www.europesays.com\/fr\/wp-json\/wp\/v2\/users\/2"}],"replies":[{"embeddable":true,"href":"https:\/\/www.europesays.com\/fr\/wp-json\/wp\/v2\/comments?post=582708"}],"version-history":[{"count":0,"href":"https:\/\/www.europesays.com\/fr\/wp-json\/wp\/v2\/posts\/582708\/revisions"}],"wp:featuredmedia":[{"embeddable":true,"href":"https:\/\/www.europesays.com\/fr\/wp-json\/wp\/v2\/media\/582709"}],"wp:attachment":[{"href":"https:\/\/www.europesays.com\/fr\/wp-json\/wp\/v2\/media?parent=582708"}],"wp:term":[{"taxonomy":"category","embeddable":true,"href":"https:\/\/www.europesays.com\/fr\/wp-json\/wp\/v2\/categories?post=582708"},{"taxonomy":"post_tag","embeddable":true,"href":"https:\/\/www.europesays.com\/fr\/wp-json\/wp\/v2\/tags?post=582708"}],"curies":[{"name":"wp","href":"https:\/\/api.w.org\/{rel}","templated":true}]}}