{"id":582710,"date":"2025-12-06T18:54:18","date_gmt":"2025-12-06T18:54:18","guid":{"rendered":"https:\/\/www.europesays.com\/fr\/582710\/"},"modified":"2025-12-06T18:54:18","modified_gmt":"2025-12-06T18:54:18","slug":"sainte-foy-les-lyon-les-u12-font-forte-impression-apres-leur-victoire-contre-lol","status":"publish","type":"post","link":"https:\/\/www.europesays.com\/fr\/582710\/","title":{"rendered":"Sainte-Foy-l\u00e8s-Lyon. Les U12 font forte impression apr\u00e8s leur victoire contre l\u2019OL"},"content":{"rendered":"<p>En s\u2019imposant lors de leur derni\u00e8re sortie contre l\u2019Olympique Lyonnais (4-2), les U12 \u00e9lite ont mis en avant le travail de formation r\u00e9alis\u00e9 au FC Sainte-Foy-l\u00e8s-Lyon. Avec une majorit\u00e9 de joueurs ayant d\u00e9but\u00e9 au club, l\u2019\u00e9quipe de Fares Nait-Saidi et S\u00e9bastien D\u00e9dola affronte chaque semaine les meilleurs clubs de cette cat\u00e9gorie d\u2019\u00e2ge. Les jeunes Fid\u00e9siens ont ainsi r\u00e9alis\u00e9 face aux favoris de la poule une prestation aboutie, attentifs aux consignes et avec un \u00e9tat d\u2019esprit irr\u00e9prochable.<\/p>\n","protected":false},"excerpt":{"rendered":"En s\u2019imposant lors de leur derni\u00e8re sortie contre l\u2019Olympique Lyonnais (4-2), les U12 \u00e9lite ont mis en avant&hellip;\n","protected":false},"author":2,"featured_media":582711,"comment_status":"","ping_status":"","sticky":false,"template":"","format":"standard","meta":{"footnotes":""},"categories":[1889],"tags":[1111,11,2430,3154,1777,674,1011,27,2428,12,25,15673,15674,517],"class_list":{"0":"post-582710","1":"post","2":"type-post","3":"status-publish","4":"format-standard","5":"has-post-thumbnail","7":"category-lyon","8":"tag-actu","9":"tag-actualites","10":"tag-auvergne-rhone-alpes","11":"tag-edition-sud-lyonnais","12":"tag-eu","13":"tag-europe","14":"tag-fr","15":"tag-france","16":"tag-lyon","17":"tag-news","18":"tag-republique-francaise","19":"tag-sainte-foy-les-lyon","20":"tag-sainte-foy-les-lyon-bassin","21":"tag-sport"},"share_on_mastodon":{"url":"https:\/\/pubeurope.com\/@fr\/115674144045299015","error":""},"_links":{"self":[{"href":"https:\/\/www.europesays.com\/fr\/wp-json\/wp\/v2\/posts\/582710","targetHints":{"allow":["GET"]}}],"collection":[{"href":"https:\/\/www.europesays.com\/fr\/wp-json\/wp\/v2\/posts"}],"about":[{"href":"https:\/\/www.europesays.com\/fr\/wp-json\/wp\/v2\/types\/post"}],"author":[{"embeddable":true,"href":"https:\/\/www.europesays.com\/fr\/wp-json\/wp\/v2\/users\/2"}],"replies":[{"embeddable":true,"href":"https:\/\/www.europesays.com\/fr\/wp-json\/wp\/v2\/comments?post=582710"}],"version-history":[{"count":0,"href":"https:\/\/www.europesays.com\/fr\/wp-json\/wp\/v2\/posts\/582710\/revisions"}],"wp:featuredmedia":[{"embeddable":true,"href":"https:\/\/www.europesays.com\/fr\/wp-json\/wp\/v2\/media\/582711"}],"wp:attachment":[{"href":"https:\/\/www.europesays.com\/fr\/wp-json\/wp\/v2\/media?parent=582710"}],"wp:term":[{"taxonomy":"category","embeddable":true,"href":"https:\/\/www.europesays.com\/fr\/wp-json\/wp\/v2\/categories?post=582710"},{"taxonomy":"post_tag","embeddable":true,"href":"https:\/\/www.europesays.com\/fr\/wp-json\/wp\/v2\/tags?post=582710"}],"curies":[{"name":"wp","href":"https:\/\/api.w.org\/{rel}","templated":true}]}}