{"id":582712,"date":"2025-12-06T18:56:28","date_gmt":"2025-12-06T18:56:28","guid":{"rendered":"https:\/\/www.europesays.com\/fr\/582712\/"},"modified":"2025-12-06T18:56:28","modified_gmt":"2025-12-06T18:56:28","slug":"encore-deux-coups-de-vent-apres-la-tempete-davide-ou-et-quand-ca-va-souffler","status":"publish","type":"post","link":"https:\/\/www.europesays.com\/fr\/582712\/","title":{"rendered":"encore deux coups de vent apr\u00e8s la temp\u00eate Davide, o\u00f9 et quand \u00e7a va souffler\u00a0?"},"content":{"rendered":"<p>                    Par<br \/>\n        <strong><br \/>\n            <a href=\"https:\/\/actu.fr\/auteur\/johann-foucault\" title=\"Consulter tous les articles de Johann Foucault\" target=\"_blank\" rel=\"noopener\">Johann Foucault<\/a><br \/>\n                    <\/strong><\/p>\n<p>        Publi\u00e9 le<\/p>\n<p>            6 d\u00e9c. 2025 \u00e0 16h00        <\/p>\n<p>Elle \u00e9tait annonc\u00e9e\u2009: <a href=\"https:\/\/actu.fr\/meteo\/une-tempete-va-secouer-la-france-ce-week-end-et-meteo-france-l-a-nommee-davide-ce-qu-elle-nous-reserve_63535947.html\" target=\"_blank\" rel=\"noopener\">la temp\u00eate Davide a frapp\u00e9 une partie de la France<\/a> entre vendredi\u00a05 et samedi 6\u00a0d\u00e9cembre 2025 matin. D\u00e9sormais, seules des <strong>vigilances jaunes<\/strong> (<a href=\"https:\/\/actu.fr\/meteo\/la-tempete-davide-s-abat-sur-la-france-vent-violent-fortes-vagues-les-departements-en-vigilance-ce-samedi_63537716.html\" target=\"_blank\" rel=\"noopener\">une vingtaine de d\u00e9partements concern\u00e9s<\/a>) subsistent \u00e0 partir de samedi apr\u00e8s-midi.<\/p>\n<p class=\" wall-content\">Mais, d\u00e9j\u00e0, <strong>un nouveau coup de vent est pr\u00e9vu pour ce dimanche<\/strong>, ainsi qu\u2019un autre pour les journ\u00e9es du lundi\u00a08 et mardi 9\u00a0d\u00e9cembre, confirme \u00e0 actu.fr le m\u00e9t\u00e9orologue Yann Amice.<\/p>\n<p>Un \u00ab\u2009r\u00e9gime d\u2019ouest oc\u00e9anique\u2009\u00bb qui reste actif \u00ab\u2009tout le week-end\u2009\u00bb<\/p>\n<p class=\" wall-content\">\u00ab\u2009La d\u00e9pression Davide, en phase de comblement au nord-ouest de l\u2019Irlande, ne suffira pas \u00e0 interrompre le flux de sud-ouest qui continue de circuler sur un large quart nord-ouest du pays\u2009\u00bb, nous r\u00e9sume Yann Amice. Comprendre\u2009: si <strong>la temp\u00eate Davide a bien perdu de son intensit\u00e9<\/strong>, le vent du sud-ouest va continuer de souffler ces prochains jours.<\/p>\n<blockquote class=\"ac-article-quote wall-content\">\n<p>Ce r\u00e9gime d\u2019ouest oc\u00e9anique reste donc actif durant tout le week-end, pilot\u00e9 par un courant-jet toujours tr\u00e8s dynamique en altitude, source de cette rapidit\u00e9 dans la succession de ces coups de vent.<\/p>\n<p>    <strong>Yann Amice<\/strong><br \/>\n        M\u00e9t\u00e9orologue    <\/p><\/blockquote>\n<p>Un net redoux<\/p>\n<p>Au passage, ce flux de sud-ouest provoque aussi un redoux particuli\u00e8rement exceptionnel pour un d\u00e9but d\u00e9cembre. Certes, dimanche matin, les temp\u00e9ratures minimales sont fra\u00eeches en Provence et sur l&rsquo;est du Languedoc avec 1 \u00e0 4\u00b0C, et un petit risque de gel\u00e9e dans l&rsquo;arri\u00e8re-pays, indique M\u00e9t\u00e9o France. Mais ailleurs, elles sont comprises entre 6 et 11\u00b0C en g\u00e9n\u00e9ral, et surtout les maximales sont \u00ab\u00a0encore en hausse\u00a0\u00bb. Les temp\u00e9ratures atteignent ainsi 12 \u00e0 16\u00b0C dimanche, jusqu&rsquo;\u00e0 17 \u00e0 20\u00b0C sur la bordure m\u00e9diterran\u00e9enne et le sud-ouest, voire 21 \u00e0 22\u00b0C sur le Roussillon, le B\u00e9arn et le Pays basque. Pour un 7 d\u00e9cembre&#8230;<\/p>\n<p>Dimanche 7\u00a0d\u00e9cembre\u2009: un nouveau coup de vent sur le nord-ouest<\/p>\n<p class=\" wall-content\">Dimanche donc, un nouveau coup de vent est pr\u00e9vu sur le nord-ouest de la France. \u00ab\u2009Un petit talweg [une excroissance de d\u00e9pression, NDLR.] abordant <a href=\"https:\/\/actu.fr\/normandie\/manche_50\" target=\"_blank\" rel=\"noopener\">la Manche<\/a> suffira \u00e0 <strong>r\u00e9activer temporairement le vent<\/strong> dimanche\u2009\u00bb, pr\u00e9vient Yann Amice.<\/p>\n<p>Votre r\u00e9gion, votre actu !<\/p>\n<p>Recevez chaque jour les infos qui comptent pour vous.<\/p>\n<p>\t<a href=\"https:\/\/actu.fr\/newsletter\" class=\"ac-btn ac-btn--corner ac-btn--medium ac-btn--blue800\" target=\"_blank\" rel=\"noopener\">S&rsquo;incrire<\/a><\/p>\n<p class=\" wall-content\">Le m\u00e9t\u00e9orologue \u00e9voque des<strong> rafales de 90 \u00e0 100\u00a0km\/h<\/strong> attendues entre <a href=\"https:\/\/actu.fr\/bretagne\/\" target=\"_blank\" rel=\"noopener\">la Bretagne<\/a>, le <a href=\"https:\/\/actu.fr\/tag\/cotentin\" target=\"_blank\" rel=\"noopener\">Cotentin<\/a>, le littoral <a href=\"https:\/\/actu.fr\/pays-de-la-loire\/vendee_85\" target=\"_blank\" rel=\"noopener\">vend\u00e9en<\/a> et les <a href=\"https:\/\/actu.fr\/pays-de-la-loire\/\" target=\"_blank\" rel=\"noopener\">Pays de la Loire<\/a>. \u00ab\u2009Ce coup de vent <strong>s\u2019\u00e9vacuera progressivement vers la Manche<\/strong> au cours de l\u2019apr\u00e8s-midi\u2009\u00bb dimanche, pr\u00e9cise-t-il encore, ajoutant que le contexte \u00ab\u2009restera bien humide, avec des <a href=\"https:\/\/actu.fr\/tag\/pluie\" target=\"_blank\" rel=\"noopener\">averses<\/a> fr\u00e9quentes\u2009\u00bb.<\/p>\n<p class=\" wall-content\"><a href=\"https:\/\/meteofrance.com\/\" target=\"_blank\" rel=\"noopener\">M\u00e9t\u00e9o France<\/a> confirme de son c\u00f4t\u00e9 \u00ab\u2009une nouvelle perturbation active qui envahit la Bretagne, apportant de bonnes pluies, notamment sur le sud de la r\u00e9gion\u2009\u00bb. Dimanche, cette <strong>d\u00e9gradation traversera \u00ab\u2009la moiti\u00e9 nord, le Massif central et Rh\u00f4ne-Alpes, apportant un bon arrosage<\/strong>\u2009\u00bb, compl\u00e8te <a href=\"https:\/\/actu.fr\/tag\/meteo-france\" target=\"_blank\" rel=\"noopener\">l\u2019organisme m\u00e9t\u00e9o<\/a>.<\/p>\n<blockquote class=\"ac-article-quote wall-content\">\n<p>[En matin\u00e9e], les pluies sont passag\u00e8rement soutenues de la Normandie et de l\u2019\u00cele-de-France au centre puis de la Champagne \u00e0 la Bourgogne Franche-Comt\u00e9.<\/p>\n<p>    <strong>M\u00e9t\u00e9o France<\/strong>\n            <\/p><\/blockquote>\n<p>    <img   decoding=\"async\" loading=\"lazy\" src=\"https:\/\/www.europesays.com\/fr\/wp-content\/uploads\/2025\/12\/rafales-vent-dimanche-lundi-960x640.png\" alt=\"Les rafales attendues sur une partie de la France entre dimanche 7 et lundi 8 d\u00e9cembre 2025.\" width=\"960\" height=\"640\"\/><br \/>\n    Les rafales attendues sur une partie de la France entre dimanche\u00a07 et lundi 8\u00a0d\u00e9cembre 2025. (\u00a9WeatherNCo avec Meteologix)Une dizaine de d\u00e9partements en vigilance dimanche<\/p>\n<p class=\" wall-content\">Dans son dernier bulletin de samedi, <a href=\"https:\/\/actu.fr\/tag\/meteo-france\" target=\"_blank\" rel=\"noopener\">M\u00e9t\u00e9o France<\/a> a plac\u00e9 <strong>18 d\u00e9partements en vigilance jaune<\/strong> pour la journ\u00e9e de dimanche, notamment pour vent et vagues-submersion\u2009:<\/p>\n<ul class=\" wall-content\">\n<li>Hautes-Alpes (05)\u2009: avalanches<\/li>\n<li>Charente (16)\u2009: crues<\/li>\n<li>Charente-Maritime (17)\u2009: crues, vagues-submersion<\/li>\n<li>Haute-Corse (2B)\u2009: vent<\/li>\n<li>C\u00f4tes-d\u2019Armor (22)\u2009: vent, vagues-submersion<\/li>\n<li>Finist\u00e8re (29)\u2009: crues, vent, pluie-inondation, vagues-submersion<\/li>\n<li>Gironde (33)\u2009: crues, vagues-submersion<\/li>\n<li>Ille-et-Vilaine (35)\u2009: vagues-submersion<\/li>\n<li>Is\u00e8re (38)\u2009: avalanches<\/li>\n<li>Landes (40)\u2009: crues, vagues-submersion<\/li>\n<li>Loire-Atlantique (44)\u2009: vagues-submersion<\/li>\n<li>Manche (50)\u2009: vent, vagues-submersion<\/li>\n<li>Morbihan (56)\u2009: vent, vagues-submersion<\/li>\n<li>Pas-de-Calais (62)\u2009: crues<\/li>\n<li>Pyr\u00e9n\u00e9es-Atlantiques (64)\u2009: crues, vagues-submersion<\/li>\n<li>Savoie (73)\u2009: avalanches<\/li>\n<li>Haute-Savoie (74)\u2009: avalanches<\/li>\n<li>Vend\u00e9e (85)\u2009: vagues-submersion<\/li>\n<\/ul>\n<p class=\" wall-content\">\n<p>Entre lundi\u00a08 et mardi 9\u00a0d\u00e9cembre\u2009: nouveau coup de vent, et pluie<\/p>\n<p class=\" wall-content\">En parall\u00e8le, \u00ab\u2009une <strong>nouvelle d\u00e9pression <\/strong>progressera lentement vers le sud-ouest de <a href=\"https:\/\/actu.fr\/tag\/irlande\" target=\"_blank\" rel=\"noopener\">l\u2019Irlande <\/a>dans la nuit de lundi \u00e0 mardi\u2009\u00bb, anticipe Yann Amice.<\/p>\n<p class=\" wall-content\">Une nouvelle d\u00e9pression \u00e0 surveiller car \u00ab\u2009elle b\u00e9n\u00e9ficie elle aussi <strong>d\u2019un contexte tr\u00e8s dynamique en altitude\u2009\u00bb<\/strong>. Sans rentrer trop dans les d\u00e9tails, cette succession de coups de vent s\u2019op\u00e8re tr\u00e8s rapidement, cons\u00e9quence d\u2019un courant-jet qui \u00ab\u2009distribue vite\u2009\u00bb, avec des vents en altitude \u00e0 plus de \u00ab\u2009240\u00a0km\/h\u2009\u00bb.<\/p>\n<p class=\" wall-content\">Dans <a href=\"https:\/\/actu.fr\/meteo\/une-tempete-va-secouer-la-france-ce-week-end-et-meteo-france-l-a-nommee-davide-ce-qu-elle-nous-reserve_63535947.html\" target=\"_blank\" rel=\"noopener\">un pr\u00e9c\u00e9dent article<\/a>, Yann Amice \u00e9voquait d\u00e9j\u00e0 une situation \u00ab\u2009hautement dynamique, avec un courant-jet tr\u00e8s puissant qui se dirige d\u2019ouest en est, directement au-dessus du nord de la France et de la Manche\u2009\u00bb.<\/p>\n<p class=\" wall-content\">Cons\u00e9quence donc pour lundi et mardi\u2009? L\u2019influence de cette nouvelle d\u00e9pression <strong>s\u2019\u00e9tendra \u00e0 la Bretagne d\u00e8s lundi matin<\/strong>, avec de premi\u00e8res pluies bien nourries, puis <strong>au golfe de Gascogne l\u2019apr\u00e8s-midi<\/strong>, avec un nouveau <strong>renforcement net des vents en milieu de journ\u00e9e de lundi<\/strong>.<\/p>\n<p class=\" wall-content\">Il faudra donc compter sur un <strong>nouveau coup de vent qui touchera le grand quart nord-ouest<\/strong>, \u00ab\u2009avec des rafales souvent de 100 \u00e0 110\u00a0km\/h, localement un peu plus en bord de mer\u2009\u00bb.<\/p>\n<p class=\" wall-content\"><img decoding=\"async\" src=\"https:\/\/www.europesays.com\/fr\/wp-content\/uploads\/2025\/12\/animqpq0.gif\" loading=\"lazy\"\/><\/p>\n<p>Et toujours de fortes vagues<\/p>\n<p class=\" wall-content\">Comme pendant ce week-end, de <strong>fortes vagues<\/strong> sont aussi attendues, car \u00ab\u2009la mer au large va rester form\u00e9e sous ces successions de d\u00e9pressions\u2009\u00bb.<\/p>\n<blockquote class=\"ac-article-quote wall-content\">\n<p>Nous conserverons une grosse houle longue et puissante, avec une hauteur significative entre 5 \u00e0 7 m\u00e8tres dans le golfe de Gascogne mardi.\u00a0<\/p>\n<p>    <strong>Yann Amice<\/strong><br \/>\n        M\u00e9t\u00e9orologue    <\/p><\/blockquote>\n<p class=\" wall-content\">Samedi, <a href=\"https:\/\/actu.fr\/bretagne\/groix_56069\/tempete-benjamin-ou-les-rafales-de-vent-ont-ete-les-plus-puissantes-en-bretagne_63339296.html\" target=\"_blank\" rel=\"noopener\">la bou\u00e9e des Pierres Noires<\/a> situ\u00e9e au large du Finist\u00e8re a enregistr\u00e9 \u00ab\u2009des vagues jusqu\u2019\u00e0 10\u00a0m\u2009\u00bb, et \u00ab\u2009m\u00eame <strong>11,50\u00a0m<\/strong> \u00e0 la bou\u00e9e Gascogne\u2009\u00bb, nous fait remarquer l\u2019expert m\u00e9t\u00e9o.\u00a0Une situation \u00e0 surveiller au jour le jour, du fait de l\u2019\u00e9volution rapide des d\u00e9pressions.<\/p>\n<p class=\" wall-content\">Personnalisez votre actualit\u00e9 en ajoutant vos villes et m\u00e9dias en favori avec <a href=\"https:\/\/moncompte.actu.fr\" title=\"D\u00e9couvez Mon Actu\" rel=\"nofollow noopener\" data-trk=\"{&quot;cta&quot;:{&quot;action&quot;:&quot;https:\\\/\\\/moncompte.actu.fr&quot;,&quot;category&quot;:&quot;mon compte&quot;,&quot;from&quot;:&quot;article footer&quot;,&quot;name&quot;:&quot;Mon actu&quot;,&quot;type&quot;:&quot;cta&quot;}}\" target=\"_blank\">Mon Actu<\/a>.<\/p>\n","protected":false},"excerpt":{"rendered":"Par Johann Foucault Publi\u00e9 le 6 d\u00e9c. 2025 \u00e0 16h00 Elle \u00e9tait annonc\u00e9e\u2009: la temp\u00eate Davide a frapp\u00e9&hellip;\n","protected":false},"author":2,"featured_media":582713,"comment_status":"","ping_status":"","sticky":false,"template":"","format":"standard","meta":{"footnotes":""},"categories":[1592],"tags":[1111,11,1777,674,1011,27,51338,662,2487,2357,12,626,4459,25],"class_list":{"0":"post-582712","1":"post","2":"type-post","3":"status-publish","4":"format-standard","5":"has-post-thumbnail","7":"category-ile-de-france","8":"tag-actu","9":"tag-actualites","10":"tag-eu","11":"tag-europe","12":"tag-fr","13":"tag-france","14":"tag-grandes-marees","15":"tag-ile-de-france","16":"tag-meteo","17":"tag-meteo-france","18":"tag-news","19":"tag-paris","20":"tag-pluie","21":"tag-republique-francaise"},"share_on_mastodon":{"url":"https:\/\/pubeurope.com\/@fr\/115674152926878945","error":""},"_links":{"self":[{"href":"https:\/\/www.europesays.com\/fr\/wp-json\/wp\/v2\/posts\/582712","targetHints":{"allow":["GET"]}}],"collection":[{"href":"https:\/\/www.europesays.com\/fr\/wp-json\/wp\/v2\/posts"}],"about":[{"href":"https:\/\/www.europesays.com\/fr\/wp-json\/wp\/v2\/types\/post"}],"author":[{"embeddable":true,"href":"https:\/\/www.europesays.com\/fr\/wp-json\/wp\/v2\/users\/2"}],"replies":[{"embeddable":true,"href":"https:\/\/www.europesays.com\/fr\/wp-json\/wp\/v2\/comments?post=582712"}],"version-history":[{"count":0,"href":"https:\/\/www.europesays.com\/fr\/wp-json\/wp\/v2\/posts\/582712\/revisions"}],"wp:featuredmedia":[{"embeddable":true,"href":"https:\/\/www.europesays.com\/fr\/wp-json\/wp\/v2\/media\/582713"}],"wp:attachment":[{"href":"https:\/\/www.europesays.com\/fr\/wp-json\/wp\/v2\/media?parent=582712"}],"wp:term":[{"taxonomy":"category","embeddable":true,"href":"https:\/\/www.europesays.com\/fr\/wp-json\/wp\/v2\/categories?post=582712"},{"taxonomy":"post_tag","embeddable":true,"href":"https:\/\/www.europesays.com\/fr\/wp-json\/wp\/v2\/tags?post=582712"}],"curies":[{"name":"wp","href":"https:\/\/api.w.org\/{rel}","templated":true}]}}