{"id":582714,"date":"2025-12-06T18:57:15","date_gmt":"2025-12-06T18:57:15","guid":{"rendered":"https:\/\/www.europesays.com\/fr\/582714\/"},"modified":"2025-12-06T18:57:15","modified_gmt":"2025-12-06T18:57:15","slug":"deux-chasseurs-blesses-dont-un-grievement-apres-avoir-ete-charges-par-un-sanglier","status":"publish","type":"post","link":"https:\/\/www.europesays.com\/fr\/582714\/","title":{"rendered":"Deux chasseurs bless\u00e9s, dont un gri\u00e8vement apr\u00e8s avoir \u00e9t\u00e9 charg\u00e9s par un sanglier"},"content":{"rendered":"<p class=\"article__intro\">Deux chasseurs ont \u00e9t\u00e9 bless\u00e9s dont un plus s\u00e9rieusement apr\u00e8s avoir \u00e9t\u00e9 charg\u00e9s par un sanglier au sud d&rsquo;Anduze dans le Gard. Un autre touch\u00e9 par des tirs de plomb pr\u00e8s de B\u00e9ziers a \u00e9t\u00e9 hospitalis\u00e9.<\/p>\n<p>\n      L\u2019actu des r\u00e9gions\n    <\/p>\n<p>\n      Chaque jour, un tour d\u2019horizon des principales infos de toutes les r\u00e9gions.\n    <\/p>\n<p>    France T\u00e9l\u00e9visions utilise votre adresse e-mail afin de vous envoyer la newsletter \u00ab\u00a0L\u2019actu des r\u00e9gions\u00a0\u00bb. Vous pouvez vous d\u00e9sinscrire \u00e0 tout moment via le lien en bas de cette newsletter. <a target=\"_blank\" href=\"https:\/\/www.francetelevisions.fr\/groupe\/confidentialite\/politique-de-confidentialite\/politique-de-confidentialite-de-france-televisions-6503\" rel=\"noopener\">Notre politique de confidentialit\u00e9<\/a><\/p>\n<p>Un homme d&rsquo;une trentaine d&rsquo;ann\u00e9es a \u00e9t\u00e9 gri\u00e8vement bless\u00e9 lors d&rsquo;une partie de chasse \u00e0 Saint-Nazaire-des-Gardies, au sud d&rsquo;Anduze dans le Gard samedi 6 d\u00e9cembre 2025. Charg\u00e9 par un sanglier, il a \u00e9t\u00e9 touch\u00e9 \u00e0 la cuisse. \u00ab\u00a0Victime d&rsquo;une importante h\u00e9morragie, il a eu besoin d&rsquo;un garrot, il a \u00e9t\u00e9 h\u00e9liport\u00e9 au centre hospitalier de Car\u00e9meau \u00e0 N\u00eemes o\u00f9 il a \u00e9t\u00e9 op\u00e9r\u00e9 en urgence\u00a0\u00bb, indiquent les sapeurs-pompiers du Gard contact\u00e9s par France 3 Occitanie.<\/p>\n<p>Un autre chasseur \u00e2g\u00e9 de 54 ans a \u00e9t\u00e9 lui aussi bless\u00e9 au mollet. \u00ab\u00a0Il souffre d&rsquo;une plaie de 15 cm\u00a0\u00bb, et a \u00e9t\u00e9 conduit \u00e0 l&rsquo;h\u00f4pital d&rsquo;Al\u00e8s.<\/p>\n<\/p>\n<p>D&rsquo;importants moyens humains et mat\u00e9riels ont \u00e9t\u00e9 imm\u00e9diatement mobilis\u00e9s parmi lesquels 15 sapeurs pompiers, et 12 v\u00e9hicules de secours dont l&rsquo;h\u00e9licopt\u00e8re de la s\u00e9curit\u00e9 civile pour venir en aideaux victimes.<\/p>\n<p>Dans la matin\u00e9e un chasseur a \u00e9galement bless\u00e9 pr\u00e8s de Cazouls-l\u00e8s-B\u00e9ziers dans l&rsquo;H\u00e9rault. L&rsquo;homme \u00e2g\u00e9 de 48 ans a \u00e9t\u00e9 hospitalis\u00e9 \u00e0 B\u00e9ziers apr\u00e8s avoir re\u00e7u des tirs de plomb dans la fesse. Une enqu\u00eate de gendarmerie devra d\u00e9terminer les circonstances de cet accident.<\/p>\n","protected":false},"excerpt":{"rendered":"Deux chasseurs ont \u00e9t\u00e9 bless\u00e9s dont un plus s\u00e9rieusement apr\u00e8s avoir \u00e9t\u00e9 charg\u00e9s par un sanglier au sud&hellip;\n","protected":false},"author":2,"featured_media":582715,"comment_status":"","ping_status":"","sticky":false,"template":"","format":"standard","meta":{"footnotes":""},"categories":[1888],"tags":[1111,1928,11,1927,1777,674,1011,27,12,1926,626,1925,25],"class_list":{"0":"post-582714","1":"post","2":"type-post","3":"status-publish","4":"format-standard","5":"has-post-thumbnail","7":"category-paris","8":"tag-actu","9":"tag-actu-paris","10":"tag-actualites","11":"tag-actualites-paris","12":"tag-eu","13":"tag-europe","14":"tag-fr","15":"tag-france","16":"tag-news","17":"tag-news-paris","18":"tag-paris","19":"tag-paris-news","20":"tag-republique-francaise"},"share_on_mastodon":{"url":"https:\/\/pubeurope.com\/@fr\/115674155932239993","error":""},"_links":{"self":[{"href":"https:\/\/www.europesays.com\/fr\/wp-json\/wp\/v2\/posts\/582714","targetHints":{"allow":["GET"]}}],"collection":[{"href":"https:\/\/www.europesays.com\/fr\/wp-json\/wp\/v2\/posts"}],"about":[{"href":"https:\/\/www.europesays.com\/fr\/wp-json\/wp\/v2\/types\/post"}],"author":[{"embeddable":true,"href":"https:\/\/www.europesays.com\/fr\/wp-json\/wp\/v2\/users\/2"}],"replies":[{"embeddable":true,"href":"https:\/\/www.europesays.com\/fr\/wp-json\/wp\/v2\/comments?post=582714"}],"version-history":[{"count":0,"href":"https:\/\/www.europesays.com\/fr\/wp-json\/wp\/v2\/posts\/582714\/revisions"}],"wp:featuredmedia":[{"embeddable":true,"href":"https:\/\/www.europesays.com\/fr\/wp-json\/wp\/v2\/media\/582715"}],"wp:attachment":[{"href":"https:\/\/www.europesays.com\/fr\/wp-json\/wp\/v2\/media?parent=582714"}],"wp:term":[{"taxonomy":"category","embeddable":true,"href":"https:\/\/www.europesays.com\/fr\/wp-json\/wp\/v2\/categories?post=582714"},{"taxonomy":"post_tag","embeddable":true,"href":"https:\/\/www.europesays.com\/fr\/wp-json\/wp\/v2\/tags?post=582714"}],"curies":[{"name":"wp","href":"https:\/\/api.w.org\/{rel}","templated":true}]}}