{"id":582716,"date":"2025-12-06T18:58:25","date_gmt":"2025-12-06T18:58:25","guid":{"rendered":"https:\/\/www.europesays.com\/fr\/582716\/"},"modified":"2025-12-06T18:58:25","modified_gmt":"2025-12-06T18:58:25","slug":"a-paris-la-douce-resurrection-du-bistrot-a-la-renaissance","status":"publish","type":"post","link":"https:\/\/www.europesays.com\/fr\/582716\/","title":{"rendered":"A Paris, la douce r\u00e9surrection du bistrot A la renaissance"},"content":{"rendered":"<p>                     <img loading=\"lazy\" decoding=\"async\" src=\"https:\/\/www.europesays.com\/fr\/wp-content\/uploads\/2025\/12\/bf36bb9_upload-1-4fd7r7apbuqd-a-la-renaissance-sept2025-mickae-l-a-bandassak-9.jpg\" alt=\"Fa\u00e7ade du restaurant A la renaissance, \u00e0 Paris.\"   width=\"664\" height=\"443\"\/>    Fa\u00e7ade du restaurant A la renaissance, \u00e0 Paris.  MICKAE\u0308L A. BANDASSAK                 <\/p>\n<p class=\"article__paragraph  \">Les habitants du boulevard Voltaire ont forc\u00e9ment d\u00e9j\u00e0 foul\u00e9 le sol en mosa\u00efque d\u2019A la renaissance. Ne f\u00fbt-ce que pour y avaler un petit noir accoud\u00e9 au comptoir. Car cet \u00e9tablissement, dans le paysage depuis 1919, est une petite institution du 11e arrondissement de Paris. Jusque tr\u00e8s r\u00e9cemment, l\u2019historique bar-bistrot \u00e9tait aux mains d\u2019une certaine R\u00e9gine Robert (cinqui\u00e8me g\u00e9n\u00e9ration de la famille \u00e0 l\u2019origine des lieux). Laquelle y d\u00e9bitait \u2013\u00a0en sus des boissons\u00a0\u2013 os \u00e0 m\u0153lle, andouillette, cr\u00e8me br\u00fbl\u00e9e et autres totems du r\u00e9pertoire culinaire fran\u00e7ais.<\/p>\n<p class=\"article__paragraph  \">Apr\u00e8s trente ans de bons et loyaux services, l\u2019iconique tauli\u00e8re s\u2019est d\u00e9cid\u00e9e \u00e0 vendre l\u2019affaire au duo de restaurateurs form\u00e9 par <a href=\"https:\/\/www.lemonde.fr\/m-styles\/article\/2015\/09\/25\/le-poulet-au-cacao-de-carina-soto-velasquez-tsou_4769760_4497319.html\" target=\"_blank\" rel=\"noopener\">Carina Soto Vel\u00e1squez<\/a> et Joshua Fontaine. Tous deux install\u00e9s dans le haut Marais (3e arrondissement) depuis plus d\u2019une d\u00e9cennie, la Colombienne et l\u2019Am\u00e9ricain, \u00e9galement aux manettes de la taqueria Candelaria, ainsi que du restaurant Le Mary Celeste, n\u2019en sont donc pas \u00e0 leur coup d\u2019essai en mati\u00e8re de restauration parisienne. \u00ab\u00a0Notre exp\u00e9rience a rassur\u00e9 R\u00e9gine, \u00e0 qui l\u2019on a promis de ne surtout pas d\u00e9naturer ce bistrot mythique \u00bb, assure Joshua Fontaine.<\/p>\n<p class=\"reading-mode-only \"><strong>Il vous reste 75.53% de cet article \u00e0 lire. La suite est r\u00e9serv\u00e9e aux abonn\u00e9s.<\/strong><\/p>\n","protected":false},"excerpt":{"rendered":"Fa\u00e7ade du restaurant A la renaissance, \u00e0 Paris. MICKAE\u0308L A. BANDASSAK Les habitants du boulevard Voltaire ont forc\u00e9ment&hellip;\n","protected":false},"author":2,"featured_media":582717,"comment_status":"","ping_status":"","sticky":false,"template":"","format":"standard","meta":{"footnotes":""},"categories":[1888],"tags":[1111,1928,11,1927,1777,674,1011,27,12,1926,626,1925,25],"class_list":{"0":"post-582716","1":"post","2":"type-post","3":"status-publish","4":"format-standard","5":"has-post-thumbnail","7":"category-paris","8":"tag-actu","9":"tag-actu-paris","10":"tag-actualites","11":"tag-actualites-paris","12":"tag-eu","13":"tag-europe","14":"tag-fr","15":"tag-france","16":"tag-news","17":"tag-news-paris","18":"tag-paris","19":"tag-paris-news","20":"tag-republique-francaise"},"share_on_mastodon":{"url":"https:\/\/pubeurope.com\/@fr\/115674161203887409","error":""},"_links":{"self":[{"href":"https:\/\/www.europesays.com\/fr\/wp-json\/wp\/v2\/posts\/582716","targetHints":{"allow":["GET"]}}],"collection":[{"href":"https:\/\/www.europesays.com\/fr\/wp-json\/wp\/v2\/posts"}],"about":[{"href":"https:\/\/www.europesays.com\/fr\/wp-json\/wp\/v2\/types\/post"}],"author":[{"embeddable":true,"href":"https:\/\/www.europesays.com\/fr\/wp-json\/wp\/v2\/users\/2"}],"replies":[{"embeddable":true,"href":"https:\/\/www.europesays.com\/fr\/wp-json\/wp\/v2\/comments?post=582716"}],"version-history":[{"count":0,"href":"https:\/\/www.europesays.com\/fr\/wp-json\/wp\/v2\/posts\/582716\/revisions"}],"wp:featuredmedia":[{"embeddable":true,"href":"https:\/\/www.europesays.com\/fr\/wp-json\/wp\/v2\/media\/582717"}],"wp:attachment":[{"href":"https:\/\/www.europesays.com\/fr\/wp-json\/wp\/v2\/media?parent=582716"}],"wp:term":[{"taxonomy":"category","embeddable":true,"href":"https:\/\/www.europesays.com\/fr\/wp-json\/wp\/v2\/categories?post=582716"},{"taxonomy":"post_tag","embeddable":true,"href":"https:\/\/www.europesays.com\/fr\/wp-json\/wp\/v2\/tags?post=582716"}],"curies":[{"name":"wp","href":"https:\/\/api.w.org\/{rel}","templated":true}]}}