{"id":582718,"date":"2025-12-06T18:59:26","date_gmt":"2025-12-06T18:59:26","guid":{"rendered":"https:\/\/www.europesays.com\/fr\/582718\/"},"modified":"2025-12-06T18:59:26","modified_gmt":"2025-12-06T18:59:26","slug":"la-reserve-paris-8e-devoile-son-chocolat-chaud-signature-pour-un-gouter-raffine-cet-hiver","status":"publish","type":"post","link":"https:\/\/www.europesays.com\/fr\/582718\/","title":{"rendered":"La R\u00e9serve Paris (8e) d\u00e9voile son chocolat chaud signature pour un go\u00fbter raffin\u00e9 cet hiver"},"content":{"rendered":"<p>ParisSelectBook &#8211; La R\u00e9serve Paris (8e) d\u00e9voile son chocolat chaud signature pour un go\u00fbter raffin\u00e9 cet hiver &#8211; Cr\u00e9dit photo \u00a9 Paris Select Book<\/p>\n<p>\u00c0 Paris, le chocolat chaud devient un rituel apaisant. Ainsi, La R\u00e9serve propose un go\u00fbter feutr\u00e9 pour l\u2019apr\u00e8s-midi. On y retrouve une <a href=\"https:\/\/www.parisselectbook.com\/2025\/12\/05\/silent-night-au-mandarin-oriental-paris-une-parenthese-de-silence-au-coeur-de-lhiver\/\" target=\"_blank\" rel=\"noopener\">parenth\u00e8se douce<\/a>, pr\u00e9cise et saisonni\u00e8re.<\/p>\n<p>Un go\u00fbter raffin\u00e9 \u00e0 La R\u00e9serve Paris<\/p>\n<p>Dans ce palace, la <a href=\"https:\/\/www.parisselectbook.com\/2025\/12\/05\/cafes-de-supermarche-60-millions-de-consommateurs-detecte-des-substances-nocives-les-marques-epinglees-en-france\/\" target=\"_blank\" rel=\"noopener\">boisson<\/a> s\u2019appuie sur un assemblage fin. De plus, les f\u00e8ves mariant un noir du <strong>Venezuela<\/strong> et un lait du <strong>P\u00e9rou<\/strong> signent la touche maison. Par cons\u00e9quent, le chocolat chaud gagne en relief, sans lourdeur. Comptez <strong>35\u20ac<\/strong> pour cette pause, servie \u00e0 l\u2019heure du go\u00fbter.<\/p>\n<p>La pr\u00e9paration se fait lentement, pour respecter la mati\u00e8re. Aussi, des \u00e9corces d\u2019orange, de la <strong><a href=\"https:\/\/www.parisselectbook.com\/2025\/12\/05\/shangri-la-paris-devoile-sa-buche-de-noel-2025-fleur-de-vanille-par-timothy-lam-creation-haute-couture\/\" target=\"_blank\" rel=\"noopener\">vanille<\/a><\/strong> et de la <strong>cannelle<\/strong> infusent avec tact. Le r\u00e9sultat est dense mais souple, avec une finale longue. En bref, on parle ici de pr\u00e9cision plut\u00f4t que d\u2019exc\u00e8s.<\/p>\n<p>Le service se d\u00e9roule au calme, en salon, avec une vaisselle chaude. Pourtant, l\u2019exp\u00e9rience reste simple et lisible, pens\u00e9e pour la <a href=\"https:\/\/www.parisselectbook.com\/2025\/12\/05\/sapin-de-noel-2025-adoptez-la-facon-la-plus-stylee-de-le-decorer\/\" target=\"_blank\" rel=\"noopener\">saison<\/a>. Ce chocolat chaud mise sur l\u2019\u00e9quilibre, non sur la d\u00e9mesure. Ainsi, familles, curieux et habitu\u00e9s s\u2019y retrouvent sans h\u00e9siter.<\/p>\n<blockquote>\n<p>\u00ab Un cacao clair, une texture nette, du r\u00e9confort. \u00bb<\/p>\n<\/blockquote>\n<p>Origines des f\u00e8ves et promesse de go\u00fbt<\/p>\n<p>Les crus racontent un voyage court mais s\u00fbr. D\u00e9sormais, le <strong>Venezuela<\/strong> apporte la structure, quand le <strong>P\u00e9rou<\/strong> glisse une douceur lact\u00e9e. Ainsi, le chocolat chaud gagne des notes d\u2019agrumes et de miel. En revanche, le sucre reste discret pour laisser parler le cacao.<\/p>\n<p>La maison mise sur des accords nets et de saison. De plus, les madeleines marbr\u00e9es se partagent, encore ti\u00e8des, pour soutenir la d\u00e9gustation. Le parfum d\u2019orange et les \u00e9pices restent subtils, pour ne pas couvrir la tasse. Puis chacun dose la gorg\u00e9e selon son envie.<\/p>\n<ul>\n<li>Prix par tasse : <strong>35\u20ac<\/strong><\/li>\n<li>Deux recettes signatures \u00e0 la carte<\/li>\n<li>Service au go\u00fbter, en apr\u00e8s-midi<\/li>\n<li>Lieu : La R\u00e9serve Paris, palace discret<\/li>\n<li>R\u00e9servation conseill\u00e9e aux heures de pointe<\/li>\n<\/ul>\n<p>Deux recettes signatures \u00e0 la carte<\/p>\n<p>Deux interpr\u00e9tations composent la carte, avec une trame commune. Ainsi, chaque tasse raconte la m\u00eame origine et change d\u2019humeur. Le chocolat chaud demeure le fil rouge, entre force et douceur. Choisissez selon le moment, ou partagez pour comparer.<\/p>\n<p>La R\u00e9serve \u2014 <strong>Chocolat Chaud Grande R\u00e9serve<\/strong> : boisson chocolat\u00e9e associant chocolat noir du <strong>Venezuela<\/strong> et chocolat au lait du <strong>P\u00e9rou<\/strong>, relev\u00e9e d\u2019\u00e9corces d\u2019orange, de <strong>vanille<\/strong>, de <strong>cannelle<\/strong> et d\u2019\u00e9pices. Tarif: <strong>35\u20ac<\/strong>.<\/p>\n<p>La R\u00e9serve \u2014 <strong>Chocolat Chaud Retour en Enfance<\/strong> : boisson chocolat\u00e9e m\u00ealant le noir du <strong>Venezuela<\/strong> et le lait du <strong>P\u00e9rou<\/strong>, servie avec des madeleines marbr\u00e9es vanille et chocolat, c\u0153ur fondant au caramel chocolat. Tarif: <strong>35\u20ac<\/strong>.<\/p>\n<p>Besoin d\u2019\u00e9pices fines ou d\u2019un souvenir d\u2019enfance? Aussi, la premi\u00e8re recette s\u00e9duit les amateurs de tension aromatique. La seconde rassure, gr\u00e2ce au biscuit moelleux et au c\u0153ur coulant. Dans les deux cas, le chocolat chaud garde sa profondeur de cacao.<\/p>\n<p>Cadre, service et conseils pratiques<\/p>\n<p>Le salon invite au temps long, loin du tumulte. Ainsi, un service pr\u00e9cis maintient la temp\u00e9rature et le confort. De plus, la tasse arrive napp\u00e9e, sans d\u00e9bord, pour appr\u00e9cier l\u2019odeur. On peut \u00e9tirer le chocolat chaud avec une gorg\u00e9e d\u2019eau entre deux.<\/p>\n<p>Arrivez en d\u00e9but d\u2019apr\u00e8s-midi pour profiter du calme. En revanche, les heures tardives attirent une client\u00e8le plus nombreuse. Aussi, un partage \u00e0 deux fonctionne bien avec la recette madeleine. En bref, prenez le temps de sentir avant la premi\u00e8re gorg\u00e9e.<\/p>\n<p>Pourquoi ce chocolat fait la diff\u00e9rence<\/p>\n<p>Tout part d\u2019un sourcing clair et d\u2019une recette ma\u00eetris\u00e9e. Ainsi, l\u2019assemblage croise puissance, sucrosit\u00e9 et texture satin\u00e9e. De plus, la chauffe douce \u00e9vite l\u2019amertume brute. Le chocolat chaud garde alors une ligne nette, sans lourdeur.<\/p>\n<p>La constance compte, du bar au salon, pour ce chocolat chaud. Par cons\u00e9quent, chaque tasse arrive \u00e0 bonne tenue et au bon velout\u00e9. Aussi, la parfumerie d\u2019\u00e9pices reste lisible de la premi\u00e8re \u00e0 la derni\u00e8re gorg\u00e9e. Ce soin fait la signature, jour apr\u00e8s jour.<\/p>\n<p>Pour un rendez-vous discret ou une halte apr\u00e8s une balade, c\u2019est une id\u00e9e s\u00fbre. D\u00e9sormais, Parisiens et voyageurs y trouvent un rep\u00e8re d\u2019apr\u00e8s-midi. En bref, ce chocolat chaud r\u00e9conforte sans peser, et laisse un souvenir net.<\/p>\n","protected":false},"excerpt":{"rendered":"ParisSelectBook &#8211; La R\u00e9serve Paris (8e) d\u00e9voile son chocolat chaud signature pour un go\u00fbter raffin\u00e9 cet hiver &#8211;&hellip;\n","protected":false},"author":2,"featured_media":582719,"comment_status":"","ping_status":"","sticky":false,"template":"","format":"standard","meta":{"footnotes":""},"categories":[1888],"tags":[11,51218,1777,674,1011,27,12,626,25],"class_list":{"0":"post-582718","1":"post","2":"type-post","3":"status-publish","4":"format-standard","5":"has-post-thumbnail","7":"category-paris","8":"tag-actualites","9":"tag-chocolat-chaud","10":"tag-eu","11":"tag-europe","12":"tag-fr","13":"tag-france","14":"tag-news","15":"tag-paris","16":"tag-republique-francaise"},"share_on_mastodon":{"url":"https:\/\/pubeurope.com\/@fr\/115674163832721134","error":""},"_links":{"self":[{"href":"https:\/\/www.europesays.com\/fr\/wp-json\/wp\/v2\/posts\/582718","targetHints":{"allow":["GET"]}}],"collection":[{"href":"https:\/\/www.europesays.com\/fr\/wp-json\/wp\/v2\/posts"}],"about":[{"href":"https:\/\/www.europesays.com\/fr\/wp-json\/wp\/v2\/types\/post"}],"author":[{"embeddable":true,"href":"https:\/\/www.europesays.com\/fr\/wp-json\/wp\/v2\/users\/2"}],"replies":[{"embeddable":true,"href":"https:\/\/www.europesays.com\/fr\/wp-json\/wp\/v2\/comments?post=582718"}],"version-history":[{"count":0,"href":"https:\/\/www.europesays.com\/fr\/wp-json\/wp\/v2\/posts\/582718\/revisions"}],"wp:featuredmedia":[{"embeddable":true,"href":"https:\/\/www.europesays.com\/fr\/wp-json\/wp\/v2\/media\/582719"}],"wp:attachment":[{"href":"https:\/\/www.europesays.com\/fr\/wp-json\/wp\/v2\/media?parent=582718"}],"wp:term":[{"taxonomy":"category","embeddable":true,"href":"https:\/\/www.europesays.com\/fr\/wp-json\/wp\/v2\/categories?post=582718"},{"taxonomy":"post_tag","embeddable":true,"href":"https:\/\/www.europesays.com\/fr\/wp-json\/wp\/v2\/tags?post=582718"}],"curies":[{"name":"wp","href":"https:\/\/api.w.org\/{rel}","templated":true}]}}