{"id":582720,"date":"2025-12-06T19:00:22","date_gmt":"2025-12-06T19:00:22","guid":{"rendered":"https:\/\/www.europesays.com\/fr\/582720\/"},"modified":"2025-12-06T19:00:22","modified_gmt":"2025-12-06T19:00:22","slug":"parmi-les-70-000-tombes-que-compte-le-pere-lachaise-a-paris-celle-de-fernand-arbelot-est-une-des-plus-folles","status":"publish","type":"post","link":"https:\/\/www.europesays.com\/fr\/582720\/","title":{"rendered":"Parmi les 70 000 tombes que compte le P\u00e8re-Lachaise \u00e0 Paris, celle de Fernand Arbelot est une des plus folles"},"content":{"rendered":"<p>                    Par<br \/>\n        <strong><br \/>\n            <a href=\"https:\/\/actu.fr\/auteur\/thomas-martin\" title=\"Consulter tous les articles de Thomas Martin\" target=\"_blank\" rel=\"noopener\">Thomas Martin<\/a><br \/>\n                    <\/strong><\/p>\n<p>        Publi\u00e9 le<\/p>\n<p>            6 d\u00e9c. 2025 \u00e0 19h28        <\/p>\n<p>Il n\u2019est pas l\u2019h\u00f4te le plus connu du <a href=\"https:\/\/actu.fr\/tag\/cimetiere-du-pere-lachaise\" target=\"_blank\" rel=\"noopener\">cimeti\u00e8re du P\u00e8re-Lachaise<\/a> \u00e0 Paris mais <strong>Fernand Arbelot<\/strong> a une s\u00e9pulture qui fait parler d\u2019elle parmi les quelque <strong>70 000 tombes<\/strong> pr\u00e9sentes dans l\u2019est de la capitale. Un morceau de <a href=\"https:\/\/actu.fr\/tag\/patrimoine\" target=\"_blank\" rel=\"noopener\">patrimoine<\/a> \u00e0 d\u00e9couvrir lors d\u2019une <a href=\"https:\/\/actu.fr\/tag\/balade\" target=\"_blank\" rel=\"noopener\">balade<\/a> aux m\u00eames titres que d\u2019autres derni\u00e8res demeures <a href=\"https:\/\/actu.fr\/ile-de-france\/paris_75056\/photos-toussaint-a-paris-les-tombes-immanquables-du-cimetiere-du-pere-lachaise_45951224.html\" target=\"_blank\" rel=\"noopener\">immanquables<\/a> pr\u00e9sentes ici.\u00a0<\/p>\n<p>En contemplation devant ce visage f\u00e9minin<\/p>\n<p class=\" wall-content\">Con\u00e7ue dans les ann\u00e9es 1940, cette s\u00e9pulture repr\u00e9sente un homme allong\u00e9, tenant dans ses mains, en miroir, le visage d\u2019une femme, fig\u00e9 dans l\u2019\u00e9ternit\u00e9. Une mise en sc\u00e8ne qui intrigue forc\u00e9ment. D\u2019autant que sur la plinthe avant est \u00e9crit : Sur la plinthe avant : \u00ab\u00a0Ils furent \u00e9merveill\u00e9s du beau voyage qui les mena jusqu\u2019au bout de la vie\u00a0\u00bb.\u00a0<\/p>\n<p class=\" wall-content\">Le gisant, sculpt\u00e9 en pierre sombre, ne semble pas mort, mais en contemplation devant ce visage f\u00e9minin, aux traits d\u00e9licats, qu\u2019il tient entre ses mains. Il s\u2019agirait du portrait de son \u00e9pouse, Arlette, qu\u2019Arbelot aurait voulu regarder \u201cjusqu\u2019\u00e0 la fin des temps\u201d. Un souhait qu\u2019il aurait formul\u00e9 de son vivant.\u00a0<\/p>\n<p class=\" wall-content\">Cette tombe, que l\u2019on doit \u00e0 Adolphe Wansart, sculpteur et peintre belge, marque un contraste entre la vie semble-t-il plut\u00f4t discr\u00e8te de Fernand Arbelot et la flamboyance de son monument.<\/p>\n<p class=\" wall-content\">Fernand Arbelot est n\u00e9 le 16 f\u00e9vrier 1880 \u00e0 Paris (17\u00e8me). Il sort dipl\u00f4m\u00e9 de l\u2019\u00e9cole des Hautes Etudes Commerciales. Il fait son service militaire en 1900 puis en janvier 1914, devient directeur de la Banque Continentale de Paris (Boulevard Haussmann). Il est mobilis\u00e9 le 29 novembre 1914 et obtient le grade de lieutenant.<\/p>\n<p class=\" wall-content\">Il \u00e9pouse le 7 ao\u00fbt 1919, \u00e0 Paris (16e), Henriette Marie Louise Gicquel.\u00a0 Son acte de mariage le note comme employ\u00e9 de commerce.<\/p>\n<p>Votre r\u00e9gion, votre actu !<\/p>\n<p>Recevez chaque jour les infos qui comptent pour vous.<\/p>\n<p>\t<a href=\"https:\/\/actu.fr\/newsletter\" class=\"ac-btn ac-btn--corner ac-btn--medium ac-btn--blue800\" target=\"_blank\" rel=\"noopener\">S&rsquo;incrire<\/a><\/p>\n<p class=\" wall-content\">En ao\u00fbt 1942, il fait partie des directeurs adjoints de l\u2019agence de la Westminster Foreign Bank Ltd (18, place Vend\u00f4me \u00e0 Paris) puis en est directeur en octobre 1942, indique la notice le concernant sur le site du P\u00e8re-Lachaise.\u00a0<\/p>\n<p class=\" wall-content\">Fernand Arbelot d\u00e9c\u00e8de le 16 novembre 1942 \u00e0 Rueil-Malmaison (Hauts-de-Seine). Ses obs\u00e8ques ont lieu en l\u2019\u00e9glise de Rueil-Malmaison, ville o\u00f9 on l\u2019inhume. Lors de l\u2019inhumation de sa femme, le 20 avril 1967, ses restes la rejoignent, le m\u00eame jour, au cimeti\u00e8re du P\u00e8re-Lachaise.<\/p>\n<p class=\" wall-content\">C\u2019est la singularit\u00e9 de sa s\u00e9pulture, bien plus que sa biographie, qui lui assure donc aujourd\u2019hui un h\u00e9ritage posthume.<\/p>\n<p class=\" wall-content\">La tombe est r\u00e9guli\u00e8rement partag\u00e9e sur les r\u00e9seaux sociaux, c\u00e9l\u00e9br\u00e9e comme l\u2019une des plus romantiques du cimeti\u00e8re.\u00a0<\/p>\n<p class=\" wall-content\">Pendant ce temps, Fernand Arbelot, inconnu devenu iconique, continue de regarder l\u2019amour. Jusqu\u2019au bout.<\/p>\n<p class=\" wall-content\">Personnalisez votre actualit\u00e9 en ajoutant vos villes et m\u00e9dias en favori avec <a href=\"https:\/\/moncompte.actu.fr\" title=\"D\u00e9couvez Mon Actu\" rel=\"nofollow noopener\" data-trk=\"{&quot;cta&quot;:{&quot;action&quot;:&quot;https:\\\/\\\/moncompte.actu.fr&quot;,&quot;category&quot;:&quot;mon compte&quot;,&quot;from&quot;:&quot;article footer&quot;,&quot;name&quot;:&quot;Mon actu&quot;,&quot;type&quot;:&quot;cta&quot;}}\" target=\"_blank\">Mon Actu<\/a>.<\/p>\n","protected":false},"excerpt":{"rendered":"Par Thomas Martin Publi\u00e9 le 6 d\u00e9c. 2025 \u00e0 19h28 Il n\u2019est pas l\u2019h\u00f4te le plus connu du&hellip;\n","protected":false},"author":2,"featured_media":582721,"comment_status":"","ping_status":"","sticky":false,"template":"","format":"standard","meta":{"footnotes":""},"categories":[1888],"tags":[11,14944,1777,674,1011,27,58904,1757,21922,12,626,2551,25],"class_list":{"0":"post-582720","1":"post","2":"type-post","3":"status-publish","4":"format-standard","5":"has-post-thumbnail","7":"category-paris","8":"tag-actualites","9":"tag-cimetiere-du-pere-lachaise","10":"tag-eu","11":"tag-europe","12":"tag-fr","13":"tag-france","14":"tag-histoire-patrimoine","15":"tag-insolite","16":"tag-monuments","17":"tag-news","18":"tag-paris","19":"tag-patrimoine","20":"tag-republique-francaise"},"share_on_mastodon":{"url":"https:\/\/pubeurope.com\/@fr\/115674167578115429","error":""},"_links":{"self":[{"href":"https:\/\/www.europesays.com\/fr\/wp-json\/wp\/v2\/posts\/582720","targetHints":{"allow":["GET"]}}],"collection":[{"href":"https:\/\/www.europesays.com\/fr\/wp-json\/wp\/v2\/posts"}],"about":[{"href":"https:\/\/www.europesays.com\/fr\/wp-json\/wp\/v2\/types\/post"}],"author":[{"embeddable":true,"href":"https:\/\/www.europesays.com\/fr\/wp-json\/wp\/v2\/users\/2"}],"replies":[{"embeddable":true,"href":"https:\/\/www.europesays.com\/fr\/wp-json\/wp\/v2\/comments?post=582720"}],"version-history":[{"count":0,"href":"https:\/\/www.europesays.com\/fr\/wp-json\/wp\/v2\/posts\/582720\/revisions"}],"wp:featuredmedia":[{"embeddable":true,"href":"https:\/\/www.europesays.com\/fr\/wp-json\/wp\/v2\/media\/582721"}],"wp:attachment":[{"href":"https:\/\/www.europesays.com\/fr\/wp-json\/wp\/v2\/media?parent=582720"}],"wp:term":[{"taxonomy":"category","embeddable":true,"href":"https:\/\/www.europesays.com\/fr\/wp-json\/wp\/v2\/categories?post=582720"},{"taxonomy":"post_tag","embeddable":true,"href":"https:\/\/www.europesays.com\/fr\/wp-json\/wp\/v2\/tags?post=582720"}],"curies":[{"name":"wp","href":"https:\/\/api.w.org\/{rel}","templated":true}]}}