{"id":582722,"date":"2025-12-06T19:02:21","date_gmt":"2025-12-06T19:02:21","guid":{"rendered":"https:\/\/www.europesays.com\/fr\/582722\/"},"modified":"2025-12-06T19:02:21","modified_gmt":"2025-12-06T19:02:21","slug":"echanges-entre-ukrainiens-et-americains-en-floride-la-russie-poursuit-ses-bombardements-actualites","status":"publish","type":"post","link":"https:\/\/www.europesays.com\/fr\/582722\/","title":{"rendered":"Echanges entre Ukrainiens et Am\u00e9ricains en Floride, la Russie poursuit ses bombardements : Actualit\u00e9s"},"content":{"rendered":"<p class=\"lead \">Les n\u00e9gociateurs ukrainiens et am\u00e9ricains, r\u00e9unis en Floride, se sont entretenus samedi au t\u00e9l\u00e9phone avec Volodymyr Zelensky sur le plan de Washington visant \u00e0 mettre fin \u00e0 la guerre avec la Russie, qui a une nouvelle fois men\u00e9 d&rsquo;importantes frappes nocturnes contre les infrastructures \u00e9nerg\u00e9tiques ukrainiennes.<\/p>\n<p class=\"lead \">Au troisi\u00e8me jour des discussions en Floride, le pr\u00e9sident ukrainien a indiqu\u00e9 avoir eu une conversation \u00ab\u00a0substantielle et constructive\u00a0\u00bb avec les \u00e9missaires am\u00e9ricains Steve Witkoff et Jared Kushner et les repr\u00e9sentants de Kiev, eux r\u00e9unis pr\u00e8s de Miami.<\/p>\n<p class=\"lead \">\u00ab\u00a0Les questions cl\u00e9s qui pourraient garantir la fin de l&rsquo;effusion de sang\u00a0\u00bb et \u00ab\u00a0le risque que la Russie ne tienne pas ses promesses\u00a0\u00bb ont \u00e9t\u00e9 abord\u00e9s, a-t-il assur\u00e9 sur les r\u00e9seaux sociaux.<\/p>\n<p class=\"lead \">Le chef d&rsquo;Etat ukrainien a ajout\u00e9 avoir \u00ab\u00a0convenu de prochaines \u00e9tapes\u00a0\u00bb et du \u00ab\u00a0format des discussions\u00a0\u00bb avec les Etats-Unis, sans dire si les \u00e9changes en Floride \u00e9taient achev\u00e9s ou non.<\/p>\n<p class=\"lead \">Tandis que, dans la nuit, 653 drones et 51 missiles russes ont vis\u00e9 l&rsquo;Ukraine, selon son arm\u00e9e, des discussions diplomatiques se poursuivent sur plusieurs fronts pour tenter de mettre fin \u00e0 la guerre d\u00e9clench\u00e9e par l&rsquo;invasion russe en f\u00e9vrier 2022.<\/p>\n<p class=\"lead \">Ukrainiens et Am\u00e9ricains se sont accord\u00e9s vendredi pour affirmer que \u00ab\u00a0tout progr\u00e8s r\u00e9el vers un accord d\u00e9pendait de la volont\u00e9 de la Russie de s&rsquo;engager s\u00e9rieusement en faveur d&rsquo;une paix durable\u00a0\u00bb, a affirm\u00e9 la diplomatie am\u00e9ricaine.<\/p>\n<p class=\"lead \">Washington a ajout\u00e9 que les participants s&rsquo;\u00e9taient \u00ab\u00a0mis d&rsquo;accord sur le cadre des arrangements de s\u00e9curit\u00e9 (..) et des capacit\u00e9s de dissuasion n\u00e9cessaires pour maintenir une paix durable\u00a0\u00bb apr\u00e8s un cessez-le-feu.<\/p>\n<p class=\"lead \">&#8211; R\u00e9union lundi \u00e0 Londres &#8211;<\/p>\n<p class=\"lead \">Loin de Miami, plusieurs dirigeants europ\u00e9ens, grands absents de ces n\u00e9gociations auxquelles ils n&rsquo;ont pas \u00e9t\u00e9 convi\u00e9s, se r\u00e9uniront lundi \u00e0 Londres.<\/p>\n<p class=\"lead \">Le pr\u00e9sident fran\u00e7ais Emmanuel Macron a annonc\u00e9 sur X qu&rsquo;il y rencontrerait son homologue ukrainien Volodymyr Zelensky, le Premier ministre britannique Keir Starmer et le chancelier allemand Friedrich Merz pour faire le point sur \u00ab\u00a0les n\u00e9gociations en cours dans le cadre de la m\u00e9diation am\u00e9ricaine\u00a0\u00bb.<\/p>\n<p class=\"lead \">Depuis la pr\u00e9sentation du plan am\u00e9ricain il y a bient\u00f4t trois semaines, l&rsquo;Union europ\u00e9enne tente de peser sur un texte dont la premi\u00e8re version avait \u00e9t\u00e9 per\u00e7ue comme tr\u00e8s favorables aux int\u00e9r\u00eats russes et n\u00e9goci\u00e9 par un homme, Steve Witkoff, critiqu\u00e9 pour sa proximit\u00e9 avec Moscou.<\/p>\n<p class=\"lead \">\u00ab\u00a0Imposer des restrictions et des contraintes \u00e0 l&rsquo;Ukraine ne nous apportera pas une paix durable\u00a0\u00bb, a r\u00e9p\u00e9t\u00e9 samedi la cheffe de la diplomatie europ\u00e9enne, Kaja Kallas.<\/p>\n<p class=\"lead \">Peu de d\u00e9tails ont filtr\u00e9 sur la teneur du plan am\u00e9ricain amend\u00e9 depuis sa premi\u00e8re version. Apr\u00e8s la visite des envoy\u00e9s am\u00e9ricains \u00e0 Moscou mardi, le Kremlin a d\u00e9clar\u00e9 que des progr\u00e8s avaient \u00e9t\u00e9 r\u00e9alis\u00e9s mais qu&rsquo;il restait \u00ab\u00a0beaucoup de travail.\u00a0\u00bb<\/p>\n<p class=\"lead \">Volodymyr Zelensky a dit samedi attendre le retour des deux n\u00e9gociateurs ukrainiens, Roustem Oumerov, et le chef d&rsquo;\u00e9tat-major des forces arm\u00e9es, Andri\u00ef Gnatov, \u00ab\u00a0avec un rapport d\u00e9taill\u00e9\u00a0\u00bb des pourparlers de Floride.<\/p>\n<p class=\"lead \">&#8211; Chauffage et eau coup\u00e9s &#8211;<\/p>\n<p class=\"lead \">Ces discussions diplomatiques interviennent au moment o\u00f9 des nouvelles frappes russes massives contre des infrastructures ukrainiennes ont priv\u00e9 samedi de chauffage et d&rsquo;eau des milliers de foyers \u00e0 travers le pays.<\/p>\n<p class=\"lead \">\u00ab\u00a0Les principales cibles de ces frappes ont, une fois de plus, \u00e9t\u00e9 des installations \u00e9nerg\u00e9tiques. L&rsquo;objectif de la Russie est d&rsquo;infliger des souffrances \u00e0 des millions d&rsquo;Ukrainiens\u00a0\u00bb, a r\u00e9agi Volodymyr Zelensky sur les r\u00e9seaux sociaux.<\/p>\n<p class=\"lead \">Trois bless\u00e9s ont \u00e9t\u00e9 rapport\u00e9s par le gouverneur dans la r\u00e9gion de Kiev, et d&rsquo;autres drones et missiles ont pris pour cible des sites \u00e9nerg\u00e9tiques dans les r\u00e9gions de Tcherniguiv (nord), Zaporijjia (sud), Lviv (ouest) et Dnipropetrovsk (centre-est), ont affirm\u00e9 des responsables ukrainiens.<\/p>\n<p class=\"lead \">\u00ab\u00a0Dans la r\u00e9gion d&rsquo;Odessa (sud-ouest), 9.500 abonn\u00e9s sont toujours priv\u00e9s de chauffage et 34.000 d&rsquo;eau courante en raison des d\u00e9g\u00e2ts\u00a0\u00bb, a pr\u00e9cis\u00e9 le vice-Premier ministre charg\u00e9 de la Reconstruction, Oleksi\u00ef Kouleba.<\/p>\n<p class=\"lead \">De son c\u00f4t\u00e9, le minist\u00e8re russe de la D\u00e9fense a indiqu\u00e9 que 116 drones ukrainiens avaient \u00e9t\u00e9 intercept\u00e9s au-dessus de la Russie dans la nuit.<\/p>\n<p class=\"small font-weight-bold text-gray3 \"> publi\u00e9 le 6 d\u00e9cembre \u00e0 19h14, AFP<\/p>\n<p>                             Partager<\/p>\n","protected":false},"excerpt":{"rendered":"Les n\u00e9gociateurs ukrainiens et am\u00e9ricains, r\u00e9unis en Floride, se sont entretenus samedi au t\u00e9l\u00e9phone avec Volodymyr Zelensky sur&hellip;\n","protected":false},"author":2,"featured_media":582723,"comment_status":"","ping_status":"","sticky":false,"template":"","format":"standard","meta":{"footnotes":""},"categories":[1591],"tags":[11,2120,312,1887,12,2403,1885,1886,132,220,308],"class_list":{"0":"post-582722","1":"post","2":"type-post","3":"status-publish","4":"format-standard","5":"has-post-thumbnail","7":"category-russie","8":"tag-actualites","9":"tag-conflit","10":"tag-diplomatie","11":"tag-federation-de-russie","12":"tag-news","13":"tag-paix","14":"tag-russia","15":"tag-russian-federation","16":"tag-russie","17":"tag-ukraine","18":"tag-usa"},"share_on_mastodon":{"url":"https:\/\/pubeurope.com\/@fr\/115674175536730175","error":""},"_links":{"self":[{"href":"https:\/\/www.europesays.com\/fr\/wp-json\/wp\/v2\/posts\/582722","targetHints":{"allow":["GET"]}}],"collection":[{"href":"https:\/\/www.europesays.com\/fr\/wp-json\/wp\/v2\/posts"}],"about":[{"href":"https:\/\/www.europesays.com\/fr\/wp-json\/wp\/v2\/types\/post"}],"author":[{"embeddable":true,"href":"https:\/\/www.europesays.com\/fr\/wp-json\/wp\/v2\/users\/2"}],"replies":[{"embeddable":true,"href":"https:\/\/www.europesays.com\/fr\/wp-json\/wp\/v2\/comments?post=582722"}],"version-history":[{"count":0,"href":"https:\/\/www.europesays.com\/fr\/wp-json\/wp\/v2\/posts\/582722\/revisions"}],"wp:featuredmedia":[{"embeddable":true,"href":"https:\/\/www.europesays.com\/fr\/wp-json\/wp\/v2\/media\/582723"}],"wp:attachment":[{"href":"https:\/\/www.europesays.com\/fr\/wp-json\/wp\/v2\/media?parent=582722"}],"wp:term":[{"taxonomy":"category","embeddable":true,"href":"https:\/\/www.europesays.com\/fr\/wp-json\/wp\/v2\/categories?post=582722"},{"taxonomy":"post_tag","embeddable":true,"href":"https:\/\/www.europesays.com\/fr\/wp-json\/wp\/v2\/tags?post=582722"}],"curies":[{"name":"wp","href":"https:\/\/api.w.org\/{rel}","templated":true}]}}