{"id":582724,"date":"2025-12-06T19:03:18","date_gmt":"2025-12-06T19:03:18","guid":{"rendered":"https:\/\/www.europesays.com\/fr\/582724\/"},"modified":"2025-12-06T19:03:18","modified_gmt":"2025-12-06T19:03:18","slug":"guerre-en-ukraine-macron-va-rencontrer-zelensky-lundi-letat-de-la-centrale-de-tchernobyl-inquietant","status":"publish","type":"post","link":"https:\/\/www.europesays.com\/fr\/582724\/","title":{"rendered":"Guerre en Ukraine : Macron va rencontrer Zelensky lundi, l\u2019\u00e9tat de la centrale de Tchernobyl inqui\u00e9tant"},"content":{"rendered":"<p class=\"mb-4 text-lg md:leading-8 break-words\"><strong>R\u00e9cap &#8211; \u00ab\u00a020 Minutes\u00a0\u00bb fait le point pour vous tous les soirs sur le conflit en Ukraine. Ce samedi, Volodymyr Zelensky a annonc\u00e9 avoir eu une discussion \u00ab\u00a0constructives\u00a0\u00bb avec les \u00e9missaires am\u00e9ricains<\/strong><\/p>\n<p class=\"mb-4 text-lg md:leading-8 break-words\">Vous avez rat\u00e9 les derniers \u00e9v\u00e9nements sur la <a href=\"https:\/\/www.20minutes.fr\/monde\/ukraine\/?at_medium=RSS%20feed&amp;at_campaign=ynews&amp;utm_source=yahoo&amp;utm_medium=rss&amp;utm_campaign=news_feed&amp;utm_content=in_article_link\" rel=\"nofollow noopener\" target=\"_blank\" data-ylk=\"slk:guerre en Ukraine;elm:context_link;itc:0;sec:content-canvas\" class=\"link \">guerre en Ukraine<\/a>\u00a0? 20 Minutes fait le point pour vous tous les soirs. Voici l\u2019essentiel de ce samedi 6\u00a0d\u00e9cembre, au 1.381e jour du conflit.<\/p>\n<p>Le fait du jour<\/p>\n<p class=\"mb-4 text-lg md:leading-8 break-words\"><a href=\"https:\/\/www.20minutes.fr\/politique\/emmanuel-macron\/?at_medium=RSS%20feed&amp;at_campaign=ynews&amp;utm_source=yahoo&amp;utm_medium=rss&amp;utm_campaign=news_feed&amp;utm_content=in_article_link\" rel=\"nofollow noopener\" target=\"_blank\" data-ylk=\"slk:Emmanuel Macron;elm:context_link;itc:0;sec:content-canvas\" class=\"link \">Emmanuel Macron<\/a> a annonc\u00e9 sur X qu\u2019il allait rencontrer lundi \u00e0 Londres son <a href=\"https:\/\/www.20minutes.fr\/monde\/ukraine\/4189120-20251201-guerre-ukraine-zelensky-vient-rassurer-paris-avant-destin-joue-moscou?at_medium=RSS%20feed&amp;at_campaign=ynews&amp;utm_source=yahoo&amp;utm_medium=rss&amp;utm_campaign=news_feed&amp;utm_content=in_article_link\" rel=\"nofollow noopener\" target=\"_blank\" data-ylk=\"slk:homologue ukrainien;elm:context_link;itc:0;sec:content-canvas\" class=\"link \">homologue ukrainien<\/a>, le Premier ministre britannique Keir Starmer et le chancelier allemand Friedrich Merz pour faire le point sur \u00ab\u00a0les n\u00e9gociations en cours dans le cadre de la m\u00e9diation am\u00e9ricaine\u00a0\u00bb.<\/p>\n<p class=\"mb-4 text-lg md:leading-8 break-words\">\u00ab\u00a0Nous devons continuer \u00e0 faire pression sur la Russie pour la contraindre \u00e0 la paix\u00a0\u00bb, a ajout\u00e9 samedi le pr\u00e9sident fran\u00e7ais condamnant \u00ab\u00a0avec la plus grande fermet\u00e9\u00a0\u00bb les nouvelles frappes qui ont cibl\u00e9 l\u2019Ukraine et r\u00e9it\u00e9rant son \u00ab\u00a0soutien ind\u00e9fectible\u00a0\u00bb \u00e0 Kiev.<\/p>\n<p class=\"mb-4 text-lg md:leading-8 break-words\">Le Premier ministre nationaliste hongrois <a href=\"https:\/\/www.20minutes.fr\/dossier\/viktor_orban?at_medium=RSS%20feed&amp;at_campaign=ynews&amp;utm_source=yahoo&amp;utm_medium=rss&amp;utm_campaign=news_feed&amp;utm_content=in_article_link\" rel=\"nofollow noopener\" target=\"_blank\" data-ylk=\"slk:Viktor Orb\u00e1n;elm:context_link;itc:0;sec:content-canvas\" class=\"link \">Viktor Orb\u00e1n<\/a> a pour sa part annonc\u00e9 l\u2019envoi d\u2019une d\u00e9l\u00e9gation d\u2019hommes d\u2019affaires en Russie dans les prochains jours, pour pr\u00e9parer l\u2019apr\u00e8s-guerre en Ukraine, samedi lors d\u2019un meeting \u00e0 quelques mois des \u00e9lections l\u00e9gislatives dans son pays.<\/p>\n<p>La d\u00e9claration du jour<\/p>\n<blockquote class=\"mb-4 border-l-2 pl-5 italic text-tertiary\">\n<p class=\"mb-4 text-lg md:leading-8 break-words\">L\u2019Ukraine est d\u00e9termin\u00e9e \u00e0 continuer de travailler honn\u00eatement avec la partie am\u00e9ricaine pour instaurer une paix r\u00e9elle. Nous sommes convenus de prochaines \u00e9tapes et du format des discussions avec les Etats-Unis<\/p>\n<\/blockquote>\n<p class=\"mb-4 text-lg md:leading-8 break-words\">Le pr\u00e9sident ukrainien a indiqu\u00e9 avoir eu une conversation t\u00e9l\u00e9phonique \u00ab\u00a0substantielle et constructive\u00a0\u00bb avec les \u00e9missaires am\u00e9ricains Steve Witkoff et Jared Kushner et les n\u00e9gociateurs de Kiev venus les rencontrer en Floride pour(&#8230;)<\/p>\n<p class=\"mb-4 text-lg md:leading-8 break-words\"><a href=\"https:\/\/www.20minutes.fr\/monde\/ukraine\/4190074-20251206-guerre-ukraine-macron-va-rencontrer-zelensky-lundi-etat-centrale-tchernobyl-inquietant?at_medium=RSS%20feed&amp;at_campaign=ynews&amp;utm_source=yahoo&amp;utm_medium=rss&amp;utm_campaign=news_feed&amp;utm_content=read_more_link&quot;\" rel=\"nofollow noopener\" target=\"_blank\" data-ylk=\"slk:Lire la suite sur 20minutes;elm:context_link;itc:0;sec:content-canvas\" class=\"link \">Lire la suite sur 20minutes<\/a><\/p>\n<p>\u00c0 lire aussi :<br \/><a href=\"https:\/\/www.20minutes.fr\/monde\/ukraine\/4190058-20251206-guerre-ukraine-frappes-massives-drones-missiles-russes-visent-sites-energetiques?at_medium=RSS%20feed&amp;at_campaign=ynews&amp;utm_source=yahoo&amp;utm_medium=rss&amp;utm_campaign=news_feed&amp;utm_content=related_content_link\" rel=\"nofollow noopener\" target=\"_blank\" data-ylk=\"slk:Guerre en Ukraine\u00a0: Des frappes massives de drones et de missiles russes visent des sites \u00e9nerg\u00e9tiques;elm:context_link;itc:0;sec:content-canvas\" class=\"link \">Guerre en Ukraine\u00a0: Des frappes massives de drones et de missiles russes visent des sites \u00e9nerg\u00e9tiques<\/a><br \/><a href=\"https:\/\/www.20minutes.fr\/monde\/ukraine\/4190049-20251206-guerre-ukraine-discussions-marathon-entre-ukrainiens-americains-poursuivent-samedi-floride?at_medium=RSS%20feed&amp;at_campaign=ynews&amp;utm_source=yahoo&amp;utm_medium=rss&amp;utm_campaign=news_feed&amp;utm_content=related_content_link\" rel=\"nofollow noopener\" target=\"_blank\" data-ylk=\"slk:Guerre en Ukraine\u00a0: Les discussions marathon entre Ukrainiens et Am\u00e9ricains se poursuivent en Floride;elm:context_link;itc:0;sec:content-canvas\" class=\"link \">Guerre en Ukraine\u00a0: Les discussions marathon entre Ukrainiens et Am\u00e9ricains se poursuivent en Floride<\/a><\/p>\n","protected":false},"excerpt":{"rendered":"R\u00e9cap &#8211; \u00ab\u00a020 Minutes\u00a0\u00bb fait le point pour vous tous les soirs sur le conflit en Ukraine. Ce&hellip;\n","protected":false},"author":2,"featured_media":582725,"comment_status":"","ping_status":"","sticky":false,"template":"","format":"standard","meta":{"footnotes":""},"categories":[1590],"tags":[642,11,1073,1777,674,4710,131,12,9962,220,134],"class_list":{"0":"post-582724","1":"post","2":"type-post","3":"status-publish","4":"format-standard","5":"has-post-thumbnail","7":"category-ukraine","8":"tag-20-minutes","9":"tag-actualites","10":"tag-emmanuel-macron","11":"tag-eu","12":"tag-europe","13":"tag-friedrich-merz","14":"tag-guerre-en-ukraine","15":"tag-news","16":"tag-president-francais","17":"tag-ukraine","18":"tag-volodymyr-zelensky"},"share_on_mastodon":{"url":"https:\/\/pubeurope.com\/@fr\/115674179701454639","error":""},"_links":{"self":[{"href":"https:\/\/www.europesays.com\/fr\/wp-json\/wp\/v2\/posts\/582724","targetHints":{"allow":["GET"]}}],"collection":[{"href":"https:\/\/www.europesays.com\/fr\/wp-json\/wp\/v2\/posts"}],"about":[{"href":"https:\/\/www.europesays.com\/fr\/wp-json\/wp\/v2\/types\/post"}],"author":[{"embeddable":true,"href":"https:\/\/www.europesays.com\/fr\/wp-json\/wp\/v2\/users\/2"}],"replies":[{"embeddable":true,"href":"https:\/\/www.europesays.com\/fr\/wp-json\/wp\/v2\/comments?post=582724"}],"version-history":[{"count":0,"href":"https:\/\/www.europesays.com\/fr\/wp-json\/wp\/v2\/posts\/582724\/revisions"}],"wp:featuredmedia":[{"embeddable":true,"href":"https:\/\/www.europesays.com\/fr\/wp-json\/wp\/v2\/media\/582725"}],"wp:attachment":[{"href":"https:\/\/www.europesays.com\/fr\/wp-json\/wp\/v2\/media?parent=582724"}],"wp:term":[{"taxonomy":"category","embeddable":true,"href":"https:\/\/www.europesays.com\/fr\/wp-json\/wp\/v2\/categories?post=582724"},{"taxonomy":"post_tag","embeddable":true,"href":"https:\/\/www.europesays.com\/fr\/wp-json\/wp\/v2\/tags?post=582724"}],"curies":[{"name":"wp","href":"https:\/\/api.w.org\/{rel}","templated":true}]}}