{"id":582726,"date":"2025-12-06T19:04:14","date_gmt":"2025-12-06T19:04:14","guid":{"rendered":"https:\/\/www.europesays.com\/fr\/582726\/"},"modified":"2025-12-06T19:04:14","modified_gmt":"2025-12-06T19:04:14","slug":"etats-unis-vs-venezuela-larmee-venezuelienne-recrute-5-600-soldats-supplementaires","status":"publish","type":"post","link":"https:\/\/www.europesays.com\/fr\/582726\/","title":{"rendered":"Etats-Unis vs Venezuela : L\u2019arm\u00e9e v\u00e9n\u00e9zu\u00e9lienne recrute 5.600 soldats suppl\u00e9mentaires"},"content":{"rendered":"<p class=\"mb-4 text-lg md:leading-8 break-words\"><strong>d\u00e9fense &#8211; L\u2019arm\u00e9e v\u00e9n\u00e9zu\u00e9lienne a incorpor\u00e9 samedi \u00e0 Caracas 5.600 nouveaux soldats, voyant une \u00ab\u00a0menace\u00a0\u00bb dans le d\u00e9ploiement depuis ao\u00fbt par les Etats-Unis d\u2019une importante force navale dans les Cara\u00efbes<\/strong><\/p>\n<p class=\"mb-4 text-lg md:leading-8 break-words\">L\u2019arm\u00e9e v\u00e9n\u00e9zu\u00e9lienne a incorpor\u00e9 samedi \u00e0 Caracas 5.600 nouveaux soldats, voyant une \u00ab\u00a0menace\u00a0\u00bb dans <a href=\"https:\/\/www.20minutes.fr\/monde\/etats-unis\/4169691-20250827-face-navires-americains-deployes-caraibes-venezuela-mobilise-tour-marine?at_medium=RSS%20feed&amp;at_campaign=ynews&amp;utm_source=yahoo&amp;utm_medium=rss&amp;utm_campaign=news_feed&amp;utm_content=in_article_link\" rel=\"nofollow noopener\" target=\"_blank\" data-ylk=\"slk:le d\u00e9ploiement;elm:context_link;itc:0;sec:content-canvas\" class=\"link \">le d\u00e9ploiement<\/a> depuis ao\u00fbt par les Etats-Unis d\u2019une importante force navale dans les <a href=\"https:\/\/www.20minutes.fr\/monde\/caraibes\/?at_medium=RSS%20feed&amp;at_campaign=ynews&amp;utm_source=yahoo&amp;utm_medium=rss&amp;utm_campaign=news_feed&amp;utm_content=in_article_link\" rel=\"nofollow noopener\" target=\"_blank\" data-ylk=\"slk:Cara\u00efbes;elm:context_link;itc:0;sec:content-canvas\" class=\"link \">Cara\u00efbes<\/a>, comprenant notamment le plus grand porte-avions du monde. En r\u00e9ponse aux man\u0153uvres militaires am\u00e9ricaines, le pr\u00e9sident v\u00e9n\u00e9zu\u00e9lien <a href=\"https:\/\/www.20minutes.fr\/dossier\/nicolas_maduro?at_medium=RSS%20feed&amp;at_campaign=ynews&amp;utm_source=yahoo&amp;utm_medium=rss&amp;utm_campaign=news_feed&amp;utm_content=in_article_link\" rel=\"nofollow noopener\" target=\"_blank\" data-ylk=\"slk:Nicol\u00e1s Maduro;elm:context_link;itc:0;sec:content-canvas\" class=\"link \">Nicol\u00e1s Maduro<\/a> a appel\u00e9 lors d\u2019une c\u00e9r\u00e9monie \u00e0 renforcer l\u2019enr\u00f4lement militaire et \u00e0 serrer les rangs contre \u00ab\u00a0l\u2019imp\u00e9rialisme\u00a0\u00bb.<\/p>\n<p class=\"mb-4 text-lg md:leading-8 break-words\">Le nombre de volontaires pour int\u00e9grer les forces arm\u00e9es est en forte hausse, a pour sa part assur\u00e9 le g\u00e9n\u00e9ral Javier Jos\u00e9 Marcano T\u00e1bata. \u00ab\u00a0Au moment o\u00f9 l\u2019imp\u00e9rialisme menace [\u2026] notre patrie, notre peuple, les jeunes, sont des milliers \u00e0 rejoindre les Forces arm\u00e9es nationales bolivariennes\u00a0\u00bb, a-t-il assur\u00e9 lors de la c\u00e9r\u00e9monie qui s\u2019est tenue \u00e0 Fuerte Tiuna, le plus grand complexe militaire du <a href=\"https:\/\/www.20minutes.fr\/monde\/venezuela\/?at_medium=RSS%20feed&amp;at_campaign=ynews&amp;utm_source=yahoo&amp;utm_medium=rss&amp;utm_campaign=news_feed&amp;utm_content=in_article_link\" rel=\"nofollow noopener\" target=\"_blank\" data-ylk=\"slk:Venezuela;elm:context_link;itc:0;sec:content-canvas\" class=\"link \">Venezuela<\/a>, \u00e0 Caracas. L\u2019arm\u00e9e v\u00e9n\u00e9zu\u00e9lienne compte environ 200.000 soldats, auxquels s\u2019ajoutent 200.000 policiers, selon les chiffres officiels.<\/p>\n<p>Tensions accrues<\/p>\n<p class=\"mb-4 text-lg md:leading-8 break-words\"><a href=\"https:\/\/www.20minutes.fr\/monde\/etats-unis\/4170640-20250901-venezuela-armee-americaine-milices-tensions-diplomatiques-sait-bras-fer-entre-trump-maduro?at_medium=RSS%20feed&amp;at_campaign=ynews&amp;utm_source=yahoo&amp;utm_medium=rss&amp;utm_campaign=news_feed&amp;utm_content=in_article_link\" rel=\"nofollow noopener\" target=\"_blank\" data-ylk=\"slk:Les tensions;elm:context_link;itc:0;sec:content-canvas\" class=\"link \">Les tensions<\/a> entre les <a href=\"https:\/\/www.20minutes.fr\/monde\/etats-unis\/?at_medium=RSS%20feed&amp;at_campaign=ynews&amp;utm_source=yahoo&amp;utm_medium=rss&amp;utm_campaign=news_feed&amp;utm_content=in_article_link\" rel=\"nofollow noopener\" target=\"_blank\" data-ylk=\"slk:\u00c9tats-Unis;elm:context_link;itc:0;sec:content-canvas\" class=\"link \">\u00c9tats-Unis<\/a> et le Venezuela se sont encore accrues depuis que Washington a lanc\u00e9 des frappes sur des navires de narcotrafiquants pr\u00e9sum\u00e9s, causant la mort de 87 personnes, en mer des Cara\u00efbes en particulier, sans fournir de preuves de leur lien avec le narcotrafic.<\/p>\n<p class=\"mb-4 text-lg md:leading-8 break-words\">B\u00eate noire des \u00c9tats-Unis depuis un quart de si\u00e8cle, le Venezuela est accus\u00e9 par le pr\u00e9sident am\u00e9ricain Donald Trump d\u2019\u00eatre derri\u00e8re le trafic de produits stup\u00e9fiants qui inondent les \u00c9tats-U(&#8230;)<\/p>\n<p class=\"mb-4 text-lg md:leading-8 break-words\"><a href=\"https:\/\/www.20minutes.fr\/monde\/4190081-20251206-etats-unis-vs-venezuela-armee-venezuelienne-recrute-5-600-soldats-supplementaires?at_medium=RSS%20feed&amp;at_campaign=ynews&amp;utm_source=yahoo&amp;utm_medium=rss&amp;utm_campaign=news_feed&amp;utm_content=read_more_link&quot;\" rel=\"nofollow noopener\" target=\"_blank\" data-ylk=\"slk:Lire la suite sur 20minutes;elm:context_link;itc:0;sec:content-canvas\" class=\"link \">Lire la suite sur 20minutes<\/a><\/p>\n<p>\u00c0 lire aussi :<br \/><a href=\"https:\/\/www.20minutes.fr\/monde\/etats-unis\/4188804-20251201-venezuela-vs-etats-unis-trump-maduro-telephone-tension-reste-extreme?at_medium=RSS%20feed&amp;at_campaign=ynews&amp;utm_source=yahoo&amp;utm_medium=rss&amp;utm_campaign=news_feed&amp;utm_content=related_content_link\" rel=\"nofollow noopener\" target=\"_blank\" data-ylk=\"slk:Etats-Unis vs Venezuela\u00a0: Trump et Maduro se sont t\u00e9l\u00e9phon\u00e9 mais la tension reste extr\u00eame;elm:context_link;itc:0;sec:content-canvas\" class=\"link \">Etats-Unis vs Venezuela\u00a0: Trump et Maduro se sont t\u00e9l\u00e9phon\u00e9 mais la tension reste extr\u00eame<\/a><br \/><a href=\"https:\/\/www.20minutes.fr\/monde\/etats-unis\/4186666-20251120-lutte-contre-narcotrafic-pretexte-pourquoi-guerre-entre-etats-unis-venezuela-peu-probable?at_medium=RSS%20feed&amp;at_campaign=ynews&amp;utm_source=yahoo&amp;utm_medium=rss&amp;utm_campaign=news_feed&amp;utm_content=related_content_link\" rel=\"nofollow noopener\" target=\"_blank\" data-ylk=\"slk:\u00ab\u00a0La lutte contre le narcotrafic est un pr\u00e9texte\u00a0\u00bb\u2026 Pourquoi une guerre entre les Etats-Unis et le Venezuela est peu probable;elm:context_link;itc:0;sec:content-canvas\" class=\"link \">\u00ab\u00a0La lutte contre le narcotrafic est un pr\u00e9texte\u00a0\u00bb\u2026 Pourquoi une guerre entre les Etats-Unis et le Venezuela est peu probable<\/a><\/p>\n","protected":false},"excerpt":{"rendered":"d\u00e9fense &#8211; L\u2019arm\u00e9e v\u00e9n\u00e9zu\u00e9lienne a incorpor\u00e9 samedi \u00e0 Caracas 5.600 nouveaux soldats, voyant une \u00ab\u00a0menace\u00a0\u00bb dans le d\u00e9ploiement&hellip;\n","protected":false},"author":2,"featured_media":582727,"comment_status":"","ping_status":"","sticky":false,"template":"","format":"standard","meta":{"footnotes":""},"categories":[1589],"tags":[11,65945,73,1866,11884,69634,12,11232,1864,1865,1863,308,337],"class_list":{"0":"post-582726","1":"post","2":"type-post","3":"status-publish","4":"format-standard","5":"has-post-thumbnail","7":"category-etats-unis","8":"tag-actualites","9":"tag-caracas","10":"tag-etats-unis","11":"tag-etats-unis-damerique","12":"tag-forces-armees","13":"tag-limperialisme","14":"tag-news","15":"tag-soldats","16":"tag-united-states","17":"tag-united-states-of-america","18":"tag-us","19":"tag-usa","20":"tag-venezuela"},"share_on_mastodon":{"url":"https:\/\/pubeurope.com\/@fr\/115674183598076579","error":""},"_links":{"self":[{"href":"https:\/\/www.europesays.com\/fr\/wp-json\/wp\/v2\/posts\/582726","targetHints":{"allow":["GET"]}}],"collection":[{"href":"https:\/\/www.europesays.com\/fr\/wp-json\/wp\/v2\/posts"}],"about":[{"href":"https:\/\/www.europesays.com\/fr\/wp-json\/wp\/v2\/types\/post"}],"author":[{"embeddable":true,"href":"https:\/\/www.europesays.com\/fr\/wp-json\/wp\/v2\/users\/2"}],"replies":[{"embeddable":true,"href":"https:\/\/www.europesays.com\/fr\/wp-json\/wp\/v2\/comments?post=582726"}],"version-history":[{"count":0,"href":"https:\/\/www.europesays.com\/fr\/wp-json\/wp\/v2\/posts\/582726\/revisions"}],"wp:featuredmedia":[{"embeddable":true,"href":"https:\/\/www.europesays.com\/fr\/wp-json\/wp\/v2\/media\/582727"}],"wp:attachment":[{"href":"https:\/\/www.europesays.com\/fr\/wp-json\/wp\/v2\/media?parent=582726"}],"wp:term":[{"taxonomy":"category","embeddable":true,"href":"https:\/\/www.europesays.com\/fr\/wp-json\/wp\/v2\/categories?post=582726"},{"taxonomy":"post_tag","embeddable":true,"href":"https:\/\/www.europesays.com\/fr\/wp-json\/wp\/v2\/tags?post=582726"}],"curies":[{"name":"wp","href":"https:\/\/api.w.org\/{rel}","templated":true}]}}