{"id":582728,"date":"2025-12-06T19:05:17","date_gmt":"2025-12-06T19:05:17","guid":{"rendered":"https:\/\/www.europesays.com\/fr\/582728\/"},"modified":"2025-12-06T19:05:17","modified_gmt":"2025-12-06T19:05:17","slug":"nigel-farage-lance-son-parti-reform-uk-a-la-conquete-de-lecosse","status":"publish","type":"post","link":"https:\/\/www.europesays.com\/fr\/582728\/","title":{"rendered":"Nigel Farage lance son parti, Reform UK, \u00e0\u00a0la\u00a0conqu\u00eate de\u00a0l\u2019Ecosse"},"content":{"rendered":"<p>                      <img loading=\"lazy\" decoding=\"async\" src=\"https:\/\/www.europesays.com\/fr\/wp-content\/uploads\/2025\/12\/89b24f9_ftp-1-erkghyc00kzg-5614614-01-06.jpg\" alt=\"Nigel Farage, le leader de Reform UK, lors d\u2019un meeting \u00e0 Falkirk, en Ecosse, le 6\u00a0d\u00e9cembre 2025. \"   width=\"664\" height=\"443\"\/>    Nigel Farage, le leader de Reform UK, lors d\u2019un meeting \u00e0 Falkirk, en Ecosse, le 6\u00a0d\u00e9cembre 2025.  LESLEY MARTIN \/ AFP                          <\/p>\n<p class=\"article__paragraph  \">Nigel Farage, chef du parti britannique anti-immigration Reform UK, a rassembl\u00e9 des centaines de partisans, samedi 6\u00a0d\u00e9cembre, en Ecosse, territoire traditionnellement \u00e0 gauche, o\u00f9 il entend transposer son discours sur le \u00ab\u00a0d\u00e9clin\u00a0\u00bb, \u00e0 cinq mois des \u00e9lections au Parlement local.<\/p>\n<p class=\"article__paragraph  \">Le champion du Brexit, dont la formation caracole en t\u00eate des sondages au Royaume-Uni, avait choisi Falkirk, entre\u00a0Glasgow et\u00a0Edimbourg, une ville o\u00f9 ont eu lieu depuis plusieurs mois des manifestations anti-immigration et des contre-manifestations pour le respect des droits des migrants, devant un h\u00f4tel h\u00e9bergeant des demandeurs d\u2019asile.<\/p>\n<p class=\"article__paragraph  \">\u00ab\u00a0Qui a vot\u00e9 pour que certaines zones de nos villes deviennent litt\u00e9ralement m\u00e9connaissables par rapport \u00e0 leurs origines \u00e9cossaises\u00a0? Personne\u00a0\u00bb, a d\u00e9clar\u00e9 l\u2019homme politique de 61 ans, devant ses soutiens venus l\u2019\u00e9couter dans un h\u00f4tel. Le Royaume-Uni est \u00ab\u00a0en plein d\u00e9clin \u00e9conomique, social, et m\u00eame moral\u00a0\u00bb, a-t-il poursuivi.<\/p>\n<p>                                       Lire aussi |  Article r\u00e9serv\u00e9 \u00e0 nos abonn\u00e9s  <a href=\"https:\/\/www.lemonde.fr\/international\/article\/2025\/10\/05\/au-royaume-uni-les-pink-ladies-defilent-contre-la-migration-de-masse_6644515_3210.html\" class=\"js-article-read-also catcher--favoris__link\" data-premium=\"1\" id=\"article-title-3440491\" target=\"_blank\" rel=\"noopener\">Au Royaume-Uni, les \u00ab\u00a0Pink Ladies\u00a0\u00bb d\u00e9filent contre la migration \u00ab\u00a0de masse\u00a0\u00bb<\/a>    <\/p>\n<p>   Lire plus tard  <\/p>\n<p class=\"article__paragraph  \">Il a \u00e9t\u00e9 rejoint sur sc\u00e8ne par Malcolm Offord, ancien ministre et membre conservateur de la Chambre des lords, qui s\u2019ajoute \u00e0 la liste des d\u00e9fections en faveur de Reform. Ce dernier va renoncer \u00e0 son si\u00e8ge pour se pr\u00e9senter au Parlement \u00e9cossais en mai 2026. Selon de r\u00e9cents sondages, Reform UK pourrait devenir la deuxi\u00e8me force politique en Ecosse lors du renouvellement des d\u00e9put\u00e9s locaux.<\/p>\n<p>                    Soutiens politiques                    <\/p>\n<p class=\"article__paragraph  \">L\u2019\u00e9poque o\u00f9 Nigel Farage s\u2019\u00e9tait fait chasser d\u2019un pub \u00e0 Edimbourg en 2013 par une foule lui hurlant de \u00ab\u00a0rentrer \u00e0 Londres\u00a0\u00bb, alors qu\u2019il \u00e9tait venu faire campagne pour son parti d\u2019alors, UKIP, semble loin. Sa formation resterait largement derri\u00e8re les ind\u00e9pendantistes du SNP (gauche), qui gouvernent la province, mais devant le Labour (centre gauche), au pouvoir depuis l\u2019\u00e9t\u00e9 2024 au Royaume-Uni, qui a rapidement vu son soutien s\u2019effondrer.<\/p>\n<p class=\"article__paragraph  \">\u00ab\u00a0La crise migratoire est l\u2019une des raisons pour lesquelles Reform UK est en pleine progression en Ecosse\u00a0\u00bb, a affirm\u00e9 Nigel Farage samedi dans le Daily Mail. Ce sujet est devenu central aux yeux des \u00e9lecteurs \u00e9cossais depuis 2024, et constitue d\u00e9sormais leur deuxi\u00e8me source de pr\u00e9occupation derri\u00e8re l\u2019\u00e9conomie, selon YouGov.<\/p>\n<p class=\"article__paragraph  \">Reform UK pourrait ainsi passer de 7\u00a0% des voix lors des l\u00e9gislatives de 2024 \u00e0 un r\u00e9sultat qui pourrait d\u00e9passer 20\u00a0% lors de ce scrutin local \u2013\u00a0qui compte une plus grande dose de proportionnelle.<\/p>\n<p>                    Abolir les objectifs de neutralit\u00e9 carbone                    <\/p>\n<p class=\"article__paragraph  \">La formation convainc aussi les opposants \u00e0 l\u2019ind\u00e9pendance, mais elle a r\u00e9ussi \u00e0 \u00e9viter d\u2019entrer dans ce d\u00e9bat clivant pour se concentrer sur l\u2019immigration. Nigel Farage promet, d\u2019autre part, d\u2019abolir les objectifs de neutralit\u00e9 carbone pour favoriser les industries fossiles en mer du Nord, pourvoyeuses de nombreux emplois en Ecosse. Les grands perdants de la perc\u00e9e de Reform UK sont les conservateurs, d\u00e9j\u00e0 balay\u00e9s lors des l\u00e9gislatives britanniques de 2024.<\/p>\n<p>                                       Lire aussi |  Article r\u00e9serv\u00e9 \u00e0 nos abonn\u00e9s  <a href=\"https:\/\/www.lemonde.fr\/idees\/article\/2025\/05\/26\/avec-nigel-farage-l-extreme-droite-s-impose-en-principal-adversaire-du-gouvernement-britannique_6608517_3232.html\" class=\"js-article-read-also catcher--favoris__link\" data-premium=\"1\" id=\"article-title-3423419\" target=\"_blank\" rel=\"noopener\">Avec Nigel Farage, l\u2019extr\u00eame droite s\u2019impose en principal adversaire du gouvernement britannique<\/a>    <\/p>\n<p>   Lire plus tard  <\/p>\n<p class=\"article__paragraph  \">Le parti de Nigel Farage, qui vise la victoire lors des l\u00e9gislatives de 2029, engrange aussi les soutiens politiques, et a re\u00e7u jeudi la plus importante donation politique faite par un Britannique de son vivant\u00a0: 9\u00a0millions de livres (10\u00a0millions d\u2019euros) de l\u2019investisseur en cryptomonnaies, Christopher Harborne.<\/p>\n<p> Le Monde M\u00e9morable  <\/p>\n<p> <a href=\"https:\/\/www.lemonde.fr\/memorable\/?rfextension=inread\" class=\"inread__link js-services-inread-link\" target=\"_blank\" rel=\"noopener\">  <\/p>\n<p>Testez votre culture g\u00e9n\u00e9rale avec la r\u00e9daction du \u00ab Monde \u00bb<\/p>\n<p>Testez votre culture g\u00e9n\u00e9rale avec la r\u00e9daction du \u00ab Monde \u00bb<\/p>\n<p>D\u00e9couvrir<\/p>\n<p> <\/a>      <\/p>\n<p> Newsletter  <\/p>\n<p> <a href=\"https:\/\/www.lemonde.fr\/newsletters\/a-la-une\/\" class=\"inread__link js-services-inread-link\" target=\"_blank\" rel=\"noopener\">  <\/p>\n<p>\u00ab A la une \u00bb<\/p>\n<p>Chaque matin, parcourez l&rsquo;essentiel de l&rsquo;actualit\u00e9 du jour avec les derniers titres du \u00ab Monde \u00bb<\/p>\n<p>S&rsquo;inscrire<\/p>\n<p> <\/a>          <\/p>\n<p> Le Monde Application  <\/p>\n<p> <a href=\"https:\/\/lamatinale.onelink.me\/gKMy\/ahw2ubr3\" class=\"inread__link js-services-inread-link\" target=\"_blank\" rel=\"noopener\">  <\/p>\n<p>La Matinale du Monde<\/p>\n<p>Chaque matin, retrouvez notre s\u00e9lection de 20 articles \u00e0 ne pas manquer <\/p>\n<p>T\u00e9l\u00e9charger l&rsquo;application<\/p>\n<p> <\/a>      <\/p>\n<p> Newsletter abonn\u00e9s  <\/p>\n<p> <a href=\"https:\/\/www.lemonde.fr\/newsletters\/international\/\" class=\"inread__link js-services-inread-link\" target=\"_blank\" rel=\"noopener\">  <\/p>\n<p>\u00ab International \u00bb<\/p>\n<p>L\u2019essentiel de l\u2019actualit\u00e9 internationale de la semaine<\/p>\n<p>S&rsquo;inscrire<\/p>\n<p> <\/a>             <\/p>\n<p class=\"article__paragraph  \">Personnalit\u00e9 clivante, Nigel Farrage reste peu populaire en Ecosse, <a href=\"https:\/\/www.lemonde.fr\/europe\/article\/2016\/12\/21\/brexit-l-ecosse-demande-a-rester-dans-le-marche-unique_5052209_3214.html\" target=\"_blank\" rel=\"noopener\">territoire qui avait massivement vot\u00e9 contre le Brexit<\/a>, en 2016\u00a0: sept personnes sur dix affirment qu\u2019elles ne voteraient jamais pour lui, selon des chiffres du projet universitaire Scottish Election Study. Ses propos pol\u00e9miques comme ceux, mardi, sur la \u00ab\u00a0destruction culturelle\u00a0\u00bb \u00e0 Glasgow, visant des \u00e9coliers ne parlant pas \u00ab\u00a0l\u2019anglais comme langue maternelle\u00a0\u00bb, continuent de rebuter. Nigel Farage est \u00e9galement accus\u00e9 ces derniers jours d\u2019avoir tenu des propos racistes et antis\u00e9mites quand il \u00e9tait adolescent, ce qu\u2019il a d\u00e9menti avec une certaine ambigu\u00eft\u00e9.<\/p>\n<p>                                       Lire aussi |  Article r\u00e9serv\u00e9 \u00e0 nos abonn\u00e9s  <a href=\"https:\/\/www.lemonde.fr\/international\/article\/2025\/11\/26\/royaume-uni-le-leader-d-extreme-droite-nigel-farage-somme-de-faire-la-lumiere-sur-les-liens-de-son-parti-avec-la-russie_6654893_3210.html\" class=\"js-article-read-also catcher--favoris__link\" data-premium=\"1\" id=\"article-title-3448193\" target=\"_blank\" rel=\"noopener\">Nigel Farage, le leader d\u2019extr\u00eame droite britannique, somm\u00e9 de faire la lumi\u00e8re sur les liens de son parti avec la Russie<\/a>    <\/p>\n<p>   Lire plus tard  <\/p>\n<p class=\"author__detail\">  Le Monde avec AFP  <\/p>\n<p>                <a href=\"https:\/\/www.lemonde.fr\/syndication\/\" class=\"reuse__content\" title=\"R\u00e9utiliser ce contenu\" target=\"_blank\" rel=\"noopener\">R\u00e9utiliser ce contenu<\/a>      <\/p>\n","protected":false},"excerpt":{"rendered":"Nigel Farage, le leader de Reform UK, lors d\u2019un meeting \u00e0 Falkirk, en Ecosse, le 6\u00a0d\u00e9cembre 2025. LESLEY&hellip;\n","protected":false},"author":2,"featured_media":582729,"comment_status":"","ping_status":"","sticky":false,"template":"","format":"standard","meta":{"footnotes":""},"categories":[1588],"tags":[11,1777,674,12,473,1853,1851,1850,1852],"class_list":{"0":"post-582728","1":"post","2":"type-post","3":"status-publish","4":"format-standard","5":"has-post-thumbnail","7":"category-royaume-uni","8":"tag-actualites","9":"tag-eu","10":"tag-europe","11":"tag-news","12":"tag-royaume-uni","13":"tag-royaume-uni-de-grande-bretagne-et-dirlande-du-nord","14":"tag-uk","15":"tag-united-kingdom","16":"tag-united-kingdom-of-great-britain-and-northern-ireland"},"share_on_mastodon":{"url":"https:\/\/pubeurope.com\/@fr\/115674188089689391","error":""},"_links":{"self":[{"href":"https:\/\/www.europesays.com\/fr\/wp-json\/wp\/v2\/posts\/582728","targetHints":{"allow":["GET"]}}],"collection":[{"href":"https:\/\/www.europesays.com\/fr\/wp-json\/wp\/v2\/posts"}],"about":[{"href":"https:\/\/www.europesays.com\/fr\/wp-json\/wp\/v2\/types\/post"}],"author":[{"embeddable":true,"href":"https:\/\/www.europesays.com\/fr\/wp-json\/wp\/v2\/users\/2"}],"replies":[{"embeddable":true,"href":"https:\/\/www.europesays.com\/fr\/wp-json\/wp\/v2\/comments?post=582728"}],"version-history":[{"count":0,"href":"https:\/\/www.europesays.com\/fr\/wp-json\/wp\/v2\/posts\/582728\/revisions"}],"wp:featuredmedia":[{"embeddable":true,"href":"https:\/\/www.europesays.com\/fr\/wp-json\/wp\/v2\/media\/582729"}],"wp:attachment":[{"href":"https:\/\/www.europesays.com\/fr\/wp-json\/wp\/v2\/media?parent=582728"}],"wp:term":[{"taxonomy":"category","embeddable":true,"href":"https:\/\/www.europesays.com\/fr\/wp-json\/wp\/v2\/categories?post=582728"},{"taxonomy":"post_tag","embeddable":true,"href":"https:\/\/www.europesays.com\/fr\/wp-json\/wp\/v2\/tags?post=582728"}],"curies":[{"name":"wp","href":"https:\/\/api.w.org\/{rel}","templated":true}]}}