{"id":58273,"date":"2025-04-28T03:14:17","date_gmt":"2025-04-28T03:14:17","guid":{"rendered":"https:\/\/www.europesays.com\/fr\/58273\/"},"modified":"2025-04-28T03:14:17","modified_gmt":"2025-04-28T03:14:17","slug":"amelie-de-montchalin-annonce-la-fusion-ou-la-suppression-dun-tiers-des-agences-de-letat","status":"publish","type":"post","link":"https:\/\/www.europesays.com\/fr\/58273\/","title":{"rendered":"Am\u00e9lie de\u00a0Montchalin annonce la \u00ab\u00a0fusion ou la suppression\u00a0\u00bb d\u2019un tiers des agences de l\u2019\u00c9tat"},"content":{"rendered":"<p>Cela se confirme de jour en jour\u00a0: <a href=\"https:\/\/www.humanite.fr\/social-et-economie\/budget\/40-a-50-milliards-deuros-a-trouver-dans-le-budget-2026-annonce-eric-lombard-le-gouvernement-continue-a-foncer-dans-le-mur-austeritaire\" target=\"_blank\" rel=\"noopener\">le budget 2026 sera une v\u00e9ritable saign\u00e9e<\/a>. Nouvelle indication, ce dimanche 27\u00a0avril, avec les propos de la ministre des Comptes publics, Am\u00e9lie de\u00a0Montchalin. Invit\u00e9e de CNews et Europe 1, celle-ci a annonc\u00e9 que le gouvernement souhaitait \u00ab\u00a0d\u2019ici \u00e0 la fin de l\u2019ann\u00e9e\u00a0\u00bb, et dans le cadre du <a href=\"https:\/\/www.humanite.fr\/politique\/austerite\/40-milliards-deconomies-bayrou-annonce-la-grand-messe-de-lausterite\" target=\"_blank\" rel=\"noopener\">prochain projet de loi de finances<\/a>, acter la suppression ou la fusion d\u2019un tiers des agences et des op\u00e9rateurs de l\u2019\u00c9tat. Un choix qui sera fait, selon elle, en tenant compte de la n\u00e9cessit\u00e9 \u00ab\u00a0que nous r\u00e9duisions notre complexit\u00e9, que nous remettions un \u00c9tat plus fort, plus efficace sur le terrain\u00a0\u00bb.<\/p>\n<p>Derri\u00e8re ce charabia propre \u00e0 <a href=\"https:\/\/www.humanite.fr\/politique\/emmanuel-macron\/paroles-emmanuel-macron-les-mots-pour-le-pire\" target=\"_blank\" rel=\"noopener\">la novlangue macroniste<\/a>, c\u2019est une v\u00e9ritable purge qui se dessine. \u00ab\u00a0L\u2019\u00c9tat va faire du m\u00e9nage dans son organisation\u00a0\u00bb, a-t-elle ensuite d\u00e9taill\u00e9, assumant que le nombre d\u2019emplois publics sera r\u00e9duit. \u00ab\u00a0Parce que nous demandons des efforts collectifs, il faut que nous soyons irr\u00e9prochables. On va faire des \u00e9conomies de fonctionnement, rapprocher des \u00e9quipes, donc il y aura moins d\u2019emplois publics \u00e0 la cl\u00e9, a-t-elle poursuivi. Aujourd\u2019hui, il y a 180\u00a0000 personnes qui travaillent dans les agences et op\u00e9rateurs. C\u2019est-\u00e0-dire plus que le nombre de gendarmes dans le pays\u00a0!\u00a0\u00bb. Pour conna\u00eetre les modalit\u00e9s pr\u00e9cises de cette op\u00e9ration, Am\u00e9lie de\u00a0Montchalin a renvoy\u00e9 \u00e0 la mi-mai\u00a0: \u00ab\u00a0Je serai auditionn\u00e9e par une commission du S\u00e9nat, je ferai des annonces \u00e0 ce moment-l\u00e0\u00a0\u00bb.<\/p>\n<p>L\u2019agence bio, l\u2019Ademe et l\u2019OFB en danger\u00a0?<\/p>\n<p>Si la ministre n\u2019a pas sp\u00e9cifi\u00e9 quelles agences, ni quels op\u00e9rateurs, allaient \u00eatre \u00ab\u00a0fusionn\u00e9s ou supprim\u00e9s\u00a0\u00bb, elle a toutefois pr\u00e9cis\u00e9 que les universit\u00e9s ne seraient pas incluses. Reste que, ces derniers temps, des entit\u00e9s bien pr\u00e9cises \u00e9taient dans le collimateur du gouvernement ou de la droite parlementaire.<\/p>\n<p>C\u2019est notamment <a href=\"https:\/\/www.humanite.fr\/environnement\/agriculture\/le-gouvernement-ne-supprime-pas-lagence-bio-comment-la-ministre-de-lagriculture-a-fait-marche-arriere\" target=\"_blank\" rel=\"noopener\">le cas de l\u2019Agence bio<\/a>, cr\u00e9\u00e9e en 2001, avec pour mission de promouvoir le bio, analyser son march\u00e9 et financer ses fili\u00e8res. Mais aussi de l\u2019Ademe (Agence de l\u2019environnement et de la ma\u00eetrise de l\u2019\u00e9nergie) ou de l\u2019Office fran\u00e7ais de la biodiversit\u00e9 (<a href=\"https:\/\/www.humanite.fr\/societe\/fnsea\/2645793-2\" target=\"_blank\" rel=\"noopener\">OFB<\/a>).<\/p>\n<p>Une politique aust\u00e9ritaire que le gouvernement justifie par la volont\u00e9 de r\u00e9duire le d\u00e9ficit public qui s\u2019est creus\u00e9, en 2024, et par son action, \u00e0 5,8\u00a0% du PIB. Pour le ramener \u00e0 5,4\u00a0% d\u00e8s cette ann\u00e9e, l\u2019ex\u00e9cutif table sur pr\u00e8s de 50\u00a0milliards d\u2019euros d\u2019\u00e9conomies en 2025. Pour 2026, l\u2019objectif est de l\u2019abaisser \u00e0 4,6\u00a0% du PIB. Ce qui passera par plus de <a href=\"https:\/\/www.humanite.fr\/social-et-economie\/budget\/40-a-50-milliards-deuros-a-trouver-dans-le-budget-2026-annonce-eric-lombard-le-gouvernement-continue-a-foncer-dans-le-mur-austeritaire\" target=\"_blank\" rel=\"noopener\">40\u00a0milliards d\u2019euros de coupes drastiques<\/a>.\u00a0Donc un affaiblissement consid\u00e9rable des services publics.<\/p>\n<p>Le m\u00e9dia que les milliardaires ne peuvent pas s\u2019acheter<\/p>\n<p>Nous ne sommes financ\u00e9s par aucun milliardaire. Et nous en sommes fiers\u00a0! Mais nous sommes confront\u00e9s \u00e0 des d\u00e9fis financiers constants. Soutenez-nous\u00a0! Votre don sera d\u00e9fiscalis\u00e9\u00a0: donner 5\u20ac vous reviendra \u00e0 1.65\u20ac. Le prix d\u2019un caf\u00e9.<br \/><a href=\"https:\/\/www.humanite.fr\/lhumanite-cest-vous\" target=\"_blank\" rel=\"noopener\">Je veux en savoir plus\u00a0!<\/a><\/p>\n","protected":false},"excerpt":{"rendered":"Cela se confirme de jour en jour\u00a0: le budget 2026 sera une v\u00e9ritable saign\u00e9e. Nouvelle indication, ce dimanche&hellip;\n","protected":false},"author":2,"featured_media":58274,"comment_status":"","ping_status":"","sticky":false,"template":"","format":"standard","meta":{"footnotes":""},"categories":[2],"tags":[11,15441,6329,1011,27,8458,12,2542],"class_list":{"0":"post-58273","1":"post","2":"type-post","3":"status-publish","4":"format-standard","5":"has-post-thumbnail","7":"category-actualites","8":"tag-actualites","9":"tag-austu00e9ritu00e9","10":"tag-finances-publiques","11":"tag-fr","12":"tag-france","13":"tag-gouvernement-bayrou","14":"tag-news","15":"tag-u00e9conomie"},"share_on_mastodon":{"url":"https:\/\/pubeurope.com\/@fr\/114413414853439384","error":""},"_links":{"self":[{"href":"https:\/\/www.europesays.com\/fr\/wp-json\/wp\/v2\/posts\/58273","targetHints":{"allow":["GET"]}}],"collection":[{"href":"https:\/\/www.europesays.com\/fr\/wp-json\/wp\/v2\/posts"}],"about":[{"href":"https:\/\/www.europesays.com\/fr\/wp-json\/wp\/v2\/types\/post"}],"author":[{"embeddable":true,"href":"https:\/\/www.europesays.com\/fr\/wp-json\/wp\/v2\/users\/2"}],"replies":[{"embeddable":true,"href":"https:\/\/www.europesays.com\/fr\/wp-json\/wp\/v2\/comments?post=58273"}],"version-history":[{"count":0,"href":"https:\/\/www.europesays.com\/fr\/wp-json\/wp\/v2\/posts\/58273\/revisions"}],"wp:featuredmedia":[{"embeddable":true,"href":"https:\/\/www.europesays.com\/fr\/wp-json\/wp\/v2\/media\/58274"}],"wp:attachment":[{"href":"https:\/\/www.europesays.com\/fr\/wp-json\/wp\/v2\/media?parent=58273"}],"wp:term":[{"taxonomy":"category","embeddable":true,"href":"https:\/\/www.europesays.com\/fr\/wp-json\/wp\/v2\/categories?post=58273"},{"taxonomy":"post_tag","embeddable":true,"href":"https:\/\/www.europesays.com\/fr\/wp-json\/wp\/v2\/tags?post=58273"}],"curies":[{"name":"wp","href":"https:\/\/api.w.org\/{rel}","templated":true}]}}