{"id":582730,"date":"2025-12-06T19:06:18","date_gmt":"2025-12-06T19:06:18","guid":{"rendered":"https:\/\/www.europesays.com\/fr\/582730\/"},"modified":"2025-12-06T19:06:18","modified_gmt":"2025-12-06T19:06:18","slug":"allemagne-face-a-fessenheim-meier-motors-restaure-des-avions-anciens","status":"publish","type":"post","link":"https:\/\/www.europesays.com\/fr\/582730\/","title":{"rendered":"Allemagne. Face \u00e0 Fessenheim, Meier Motors restaure des avions anciens"},"content":{"rendered":"<p>Dans le hangar lumineux de Bremgarten, face \u00e0 Fessenheim de l\u2019autre c\u00f4t\u00e9 du Rhin, les warbirds patientent. Autour des \u201coiseaux de guerre\u201d, s\u2019affairent les soigneurs, m\u00e9canos, carrossiers, t\u00f4liers\u2026 Certains pensionnaires sont \u00e0 l\u2019\u00e9tat de squelette, tel ce Messerschmitt BF 109, \u00e9pine dorsale de la Luftwaffe, ou cet unique Focke Wulf 190 \u201clong nez\u201d. D\u2019autres sont convalescents, comme ce Beech 18, bimoteur \u00e0 l\u2019aluminium miroir, le v\u00e9loce Mustang P-51 ou le ventru Sea Fury.<\/p>\n<p>Aux commandes de Meier Motors, Elmar Meier. Fils d\u2019un pilote de la Seconde Guerre mondiale, l\u2019Allemand a cr\u00e9\u00e9 avec son fr\u00e8re une entreprise, un temps bas\u00e9e \u00e0 Colmar, entre\u00a01993 et\u00a01996, avant d\u2019atterrir \u00e0 Fribourg puis Bremgarten. Pour d\u00e9ployer ses&#8230;<\/p>\n","protected":false},"excerpt":{"rendered":"Dans le hangar lumineux de Bremgarten, face \u00e0 Fessenheim de l\u2019autre c\u00f4t\u00e9 du Rhin, les warbirds patientent. Autour&hellip;\n","protected":false},"author":2,"featured_media":582731,"comment_status":"","ping_status":"","sticky":false,"template":"","format":"standard","meta":{"footnotes":""},"categories":[1587],"tags":[11,672,2389,1804,5065,1805,1803,2413,1777,674,107,1801,1637,937,12,1802,1806,14851,104],"class_list":{"0":"post-582730","1":"post","2":"type-post","3":"status-publish","4":"format-standard","5":"has-post-thumbnail","7":"category-allemagne","8":"tag-actualites","9":"tag-allemagne","10":"tag-alsace","11":"tag-bundesrepublik-deutschland","12":"tag-colmar","13":"tag-de","14":"tag-deutschland","15":"tag-edition-colmar-guebwiller","16":"tag-eu","17":"tag-europe","18":"tag-fil-info","19":"tag-germany","20":"tag-haut-rhin","21":"tag-histoire","22":"tag-news","23":"tag-republique-federale-dallemagne","24":"tag-rheinblick","25":"tag-secteur-de-colmar","26":"tag-societe"},"share_on_mastodon":{"url":"https:\/\/pubeurope.com\/@fr\/115674191228330435","error":""},"_links":{"self":[{"href":"https:\/\/www.europesays.com\/fr\/wp-json\/wp\/v2\/posts\/582730","targetHints":{"allow":["GET"]}}],"collection":[{"href":"https:\/\/www.europesays.com\/fr\/wp-json\/wp\/v2\/posts"}],"about":[{"href":"https:\/\/www.europesays.com\/fr\/wp-json\/wp\/v2\/types\/post"}],"author":[{"embeddable":true,"href":"https:\/\/www.europesays.com\/fr\/wp-json\/wp\/v2\/users\/2"}],"replies":[{"embeddable":true,"href":"https:\/\/www.europesays.com\/fr\/wp-json\/wp\/v2\/comments?post=582730"}],"version-history":[{"count":0,"href":"https:\/\/www.europesays.com\/fr\/wp-json\/wp\/v2\/posts\/582730\/revisions"}],"wp:featuredmedia":[{"embeddable":true,"href":"https:\/\/www.europesays.com\/fr\/wp-json\/wp\/v2\/media\/582731"}],"wp:attachment":[{"href":"https:\/\/www.europesays.com\/fr\/wp-json\/wp\/v2\/media?parent=582730"}],"wp:term":[{"taxonomy":"category","embeddable":true,"href":"https:\/\/www.europesays.com\/fr\/wp-json\/wp\/v2\/categories?post=582730"},{"taxonomy":"post_tag","embeddable":true,"href":"https:\/\/www.europesays.com\/fr\/wp-json\/wp\/v2\/tags?post=582730"}],"curies":[{"name":"wp","href":"https:\/\/api.w.org\/{rel}","templated":true}]}}