{"id":582734,"date":"2025-12-06T19:08:15","date_gmt":"2025-12-06T19:08:15","guid":{"rendered":"https:\/\/www.europesays.com\/fr\/582734\/"},"modified":"2025-12-06T19:08:15","modified_gmt":"2025-12-06T19:08:15","slug":"le-reseau-x-sanctionne-par-bruxelles-elon-musk-reclame-labolition-de-lunion-europeenne","status":"publish","type":"post","link":"https:\/\/www.europesays.com\/fr\/582734\/","title":{"rendered":"Le r\u00e9seau X sanctionn\u00e9 par Bruxelles, Elon Musk r\u00e9clame l&rsquo;abolition de l&rsquo;Union europ\u00e9enne"},"content":{"rendered":"<ul class=\"jsx-862013697 ArticleChapo__List\">\n<li class=\"jsx-862013697 ArticleChapo__List_Item flex\">L&rsquo;homme d&rsquo;affaires proche de Donald Trump ne dig\u00e8re pas l&rsquo;amende de 120 millions de dollars que Bruxelles vient d&rsquo;infliger \u00e0 X.<\/li>\n<li class=\"jsx-862013697 ArticleChapo__List_Item flex\">C&rsquo;est la cons\u00e9quence d&rsquo;une s\u00e9rie d&rsquo;infractions au r\u00e8glement europ\u00e9en sur les services num\u00e9riques.<\/li>\n<li class=\"jsx-862013697 ArticleChapo__List_Item flex\">Dans un message post\u00e9 sur le r\u00e9seau, il estime que l&rsquo;UE \u00ab\u00a0devrait \u00eatre abolie et la souverainet\u00e9 rendue aux pays\u00a0\u00bb.<\/li>\n<\/ul>\n<p><a href=\"https:\/\/www.tf1info.fr\/actualite\/le-reseau-social-twitter-est-desormais-la-propriete-du-milliardaire-elon-musk-12947\/\" rel=\"noopener\" class=\"jsx-484472199 Link jsx-1428418400 jsx-1345422223\" target=\"_blank\"><\/p>\n<p style=\"font-weight:400\" class=\"jsx-1837267516\">Suivez la couverture compl\u00e8te<\/p>\n<p style=\"font-weight:800\" class=\"jsx-1837267516\">Twitter dans la galaxie d&rsquo;Elon Musk<\/p>\n<p><\/a><\/p>\n<p data-module=\"article-paragraph\" class=\"jsx-3046738180 Paragraph Paragraph__End\">Elon Musk contre-attaque. Alors que X vient d&rsquo;\u00eatre condamn\u00e9 \u00e0 une amende de 120 millions de dollars par Bruxelles, la premi\u00e8re impos\u00e9e \u00e0 l&rsquo;un des g\u00e9ants du num\u00e9rique dans le cadre du r\u00e8glement europ\u00e9en sur les services num\u00e9riques, l&rsquo;homme d&rsquo;affaires sud-africain proche de Donald Trump d\u00e9clare sur le m\u00eame r\u00e9seau que \u00ab\u00a0l&rsquo;Union europ\u00e9enne devrait \u00eatre abolie et la souverainet\u00e9 rendue aux pays, afin que les gouvernements puissent mieux repr\u00e9senter leurs citoyens\u00a0\u00bb. Rien que \u00e7a.<\/p>\n<p data-module=\"article-paragraph\" class=\"jsx-3046738180 Paragraph Paragraph__End\">Le r\u00e8glement en question, c&rsquo;est <a href=\"https:\/\/www.tf1info.fr\/international\/video-desinformation-haine-en-ligne-comment-l-ue-union-europenne-va-mettre-les-geants-du-web-facebook-twitter-x-snapchat-instagram-tiktok-au-pas-avec-son-dsa-2267626.html\" target=\"_blank\" rel=\"noopener\">le \u00ab\u00a0digital service act\u00a0\u00bb (DSA)<\/a>, entr\u00e9 en vigueur il y a maintenant deux ans pour lutter contre les contenus ill\u00e9gaux et dangereux en ligne : contrefa\u00e7ons, haine en ligne, p\u00e9dopornographie&#8230; Pour cela, il impose des obligations renforc\u00e9es aux plus grandes plateformes actives au sein de l&rsquo;Union europ\u00e9enne, que les soci\u00e9t\u00e9s concern\u00e9es rechignent \u00e0 mettre en place.<\/p>\n<p>Vers une crise diplomatique ?<\/p>\n<p data-module=\"article-paragraph\" class=\"jsx-3046738180 Paragraph Paragraph__End\">La sanction annonc\u00e9e vendredi ne porte que sur les seules infractions notifi\u00e9es en juillet 2024 \u00e0 X, lorsque Bruxelles avait accus\u00e9 simultan\u00e9ment la plateforme de tromperie des utilisateurs avec les coches bleues cens\u00e9es certifier les sources d&rsquo;informations, mais aussi de transparence insuffisante autour des publicit\u00e9s, et de non-respect de l&rsquo;obligation d&rsquo;acc\u00e8s aux donn\u00e9es internes par des chercheurs agr\u00e9\u00e9s.<\/p>\n<p data-module=\"article-paragraph\" class=\"jsx-3046738180 Paragraph Paragraph__End\">Les coches bleues \u00e9taient \u00e0 l&rsquo;origine attribu\u00e9es par l&rsquo;ex-Twitter \u00e0 des utilisateurs au terme d&rsquo;un processus de v\u00e9rification de leur identit\u00e9, afin d&rsquo;aider \u00e0 d\u00e9jouer les impostures. Mais apr\u00e8s avoir rachet\u00e9 la plateforme de microblogage, Elon Musk a r\u00e9serv\u00e9 ces badges aux abonn\u00e9s payants, au risque selon l&rsquo;UE d&rsquo;induire en erreur les utilisateurs.<\/p>\n<p><a href=\"https:\/\/www.tf1info.fr\/international\/video-desinformation-haine-en-ligne-comment-l-ue-union-europenne-va-mettre-les-geants-du-web-facebook-twitter-x-snapchat-instagram-tiktok-au-pas-avec-son-dsa-2267626.html\" rel=\"noopener\" class=\"jsx-3308031228 Link flex\" target=\"_blank\"><img decoding=\"async\" src=\"https:\/\/www.europesays.com\/fr\/wp-content\/uploads\/2025\/12\/gafam-illustr-3d33e0-0@1x.jpeg\" alt=\"SEBASTIEN BOZON \/ AFP\" loading=\"lazy\" importance=\"low\" fetchpriority=\"low\" class=\"\" aria-hidden=\"true\"\/><\/p>\n<p class=\"jsx-3657663356 ReadMoreArticle__Title\">Lire aussi<\/p>\n<p class=\"jsx-3657663356\">D\u00e9sinformation, haine en ligne\u2026 Comment l&rsquo;UE va mettre les g\u00e9ants du web au pas avec son DSA<\/p>\n<p><\/a><\/p>\n<p data-module=\"article-paragraph\" class=\"jsx-3046738180 Paragraph Paragraph__End\">\u00c0 l&rsquo;annonce de l&rsquo;amende contre X, le chef de la diplomatie am\u00e9ricaine Marco Rubio a d\u00e9nonc\u00e9 \u00ab\u00a0une attaque contre toutes les plateformes technologiques am\u00e9ricaines et le peuple am\u00e9ricain par des gouvernements \u00e9trangers\u00a0\u00bb. Cela \u00ab\u00a0n&rsquo;a rien \u00e0 voir avec de la censure\u00a0\u00bb, avait martel\u00e9 quelques heures plus t\u00f4t la vice-pr\u00e9sidente de la Commission europ\u00e9enne charg\u00e9e du num\u00e9rique, Henna Virkkunen, mettant en avant la stricte application des textes europ\u00e9ens. Les pr\u00e9mices d&rsquo;une crise diplomatique 2.0 ?<\/p>\n<p>J.V.<\/p>\n","protected":false},"excerpt":{"rendered":"L&rsquo;homme d&rsquo;affaires proche de Donald Trump ne dig\u00e8re pas l&rsquo;amende de 120 millions de dollars que Bruxelles vient&hellip;\n","protected":false},"author":2,"featured_media":582735,"comment_status":"","ping_status":"","sticky":false,"template":"","format":"standard","meta":{"footnotes":""},"categories":[1586],"tags":[1111,11,1921,75,46,1777,674,1779,1011,27,1922,2497,1907,12,25,69470,1778,364,133,1920],"class_list":{"0":"post-582734","1":"post","2":"type-post","3":"status-publish","4":"format-standard","5":"has-post-thumbnail","7":"category-europe","8":"tag-actu","9":"tag-actualites","10":"tag-article-video","11":"tag-donald-trump","12":"tag-elon-musk","13":"tag-eu","14":"tag-europe","15":"tag-european-union","16":"tag-fr","17":"tag-france","18":"tag-info","19":"tag-le-second-mandat-de-donald-trump","20":"tag-marco-rubio","21":"tag-news","22":"tag-republique-francaise","23":"tag-twitter-dans-la-galaxie-delon-musk","24":"tag-ue","25":"tag-union-europeenne","26":"tag-video","27":"tag-video-international"},"share_on_mastodon":{"url":"https:\/\/pubeurope.com\/@fr\/115674200159163436","error":""},"_links":{"self":[{"href":"https:\/\/www.europesays.com\/fr\/wp-json\/wp\/v2\/posts\/582734","targetHints":{"allow":["GET"]}}],"collection":[{"href":"https:\/\/www.europesays.com\/fr\/wp-json\/wp\/v2\/posts"}],"about":[{"href":"https:\/\/www.europesays.com\/fr\/wp-json\/wp\/v2\/types\/post"}],"author":[{"embeddable":true,"href":"https:\/\/www.europesays.com\/fr\/wp-json\/wp\/v2\/users\/2"}],"replies":[{"embeddable":true,"href":"https:\/\/www.europesays.com\/fr\/wp-json\/wp\/v2\/comments?post=582734"}],"version-history":[{"count":0,"href":"https:\/\/www.europesays.com\/fr\/wp-json\/wp\/v2\/posts\/582734\/revisions"}],"wp:featuredmedia":[{"embeddable":true,"href":"https:\/\/www.europesays.com\/fr\/wp-json\/wp\/v2\/media\/582735"}],"wp:attachment":[{"href":"https:\/\/www.europesays.com\/fr\/wp-json\/wp\/v2\/media?parent=582734"}],"wp:term":[{"taxonomy":"category","embeddable":true,"href":"https:\/\/www.europesays.com\/fr\/wp-json\/wp\/v2\/categories?post=582734"},{"taxonomy":"post_tag","embeddable":true,"href":"https:\/\/www.europesays.com\/fr\/wp-json\/wp\/v2\/tags?post=582734"}],"curies":[{"name":"wp","href":"https:\/\/api.w.org\/{rel}","templated":true}]}}