{"id":582740,"date":"2025-12-06T19:11:15","date_gmt":"2025-12-06T19:11:15","guid":{"rendered":"https:\/\/www.europesays.com\/fr\/582740\/"},"modified":"2025-12-06T19:11:15","modified_gmt":"2025-12-06T19:11:15","slug":"en-direct-miss-france-2026-suivez-la-ceremonie-decouvrez-les-portraits-et-la-gagnante","status":"publish","type":"post","link":"https:\/\/www.europesays.com\/fr\/582740\/","title":{"rendered":"EN DIRECT &#8211; Miss France 2026 : suivez la c\u00e9r\u00e9monie, d\u00e9couvrez les portraits et la gagnante"},"content":{"rendered":"<p>      Camille cerf sera la marraine de la future laur\u00e9ate<\/p>\n<p>Miss France 2026 sera marrain\u00e9e par Camille Cerf, \u00e9lue pour l&rsquo;ann\u00e9e 2015.\u00a0Son r\u00f4le ? Aider la gagnante dans toutes ses interventions publiques. En raison du d\u00e9part de l&rsquo;ex-Miss France, Cindy Fabre, en janvier dernier, l&rsquo;encadrement ne comptait plus d&rsquo;anciennes ayant v\u00e9cu l&rsquo;exp\u00e9rience et la m\u00e9diatisation d&rsquo;une victoire, ce dont a souffert Ang\u00e9lique Angarni-Filopon.<\/p>\n<p>\u00ab\u00a0Pour moi, il n&rsquo;y a rien de plus violent que de devenir Miss France, parce qu&rsquo;en une seconde, vous basculez dans un monde qu&rsquo;au final, vous ne connaissez pas du tout\u00a0\u00bb, explique Fr\u00e9d\u00e9ric Gilbert sur RTL.<\/p>\n<p>\u00ab\u00a0On se sent un petit peu seule. C&rsquo;est tr\u00e8s bizarre, c&rsquo;est tr\u00e8s dur. On est d&rsquo;un coup projet\u00e9 dans un monde d&rsquo;adultes. C&rsquo;est vrai que moi, je suis l\u00e0 pour l&rsquo;aider. S&rsquo;il y a des questions sur lesquelles elle ne se sent pas \u00e0 l&rsquo;aise, moi, je serai l\u00e0 aussi pour la soutenir et pour l&rsquo;accompagner\u00a0\u00bb, confirme Camille Cerf.<\/p>\n<p>Partager<\/p>\n","protected":false},"excerpt":{"rendered":"Camille cerf sera la marraine de la future laur\u00e9ate Miss France 2026 sera marrain\u00e9e par Camille Cerf, \u00e9lue&hellip;\n","protected":false},"author":2,"featured_media":582741,"comment_status":"","ping_status":"","sticky":false,"template":"","format":"standard","meta":{"footnotes":""},"categories":[4],"tags":[11,17055,2414,107,1011,27,3034,12,25],"class_list":{"0":"post-582740","1":"post","2":"type-post","3":"status-publish","4":"format-standard","5":"has-post-thumbnail","7":"category-france","8":"tag-actualites","9":"tag-camille-cerf","10":"tag-fil-culture","11":"tag-fil-info","12":"tag-fr","13":"tag-france","14":"tag-miss-france","15":"tag-news","16":"tag-republique-francaise"},"share_on_mastodon":{"url":"https:\/\/pubeurope.com\/@fr\/115674210787706060","error":""},"_links":{"self":[{"href":"https:\/\/www.europesays.com\/fr\/wp-json\/wp\/v2\/posts\/582740","targetHints":{"allow":["GET"]}}],"collection":[{"href":"https:\/\/www.europesays.com\/fr\/wp-json\/wp\/v2\/posts"}],"about":[{"href":"https:\/\/www.europesays.com\/fr\/wp-json\/wp\/v2\/types\/post"}],"author":[{"embeddable":true,"href":"https:\/\/www.europesays.com\/fr\/wp-json\/wp\/v2\/users\/2"}],"replies":[{"embeddable":true,"href":"https:\/\/www.europesays.com\/fr\/wp-json\/wp\/v2\/comments?post=582740"}],"version-history":[{"count":0,"href":"https:\/\/www.europesays.com\/fr\/wp-json\/wp\/v2\/posts\/582740\/revisions"}],"wp:featuredmedia":[{"embeddable":true,"href":"https:\/\/www.europesays.com\/fr\/wp-json\/wp\/v2\/media\/582741"}],"wp:attachment":[{"href":"https:\/\/www.europesays.com\/fr\/wp-json\/wp\/v2\/media?parent=582740"}],"wp:term":[{"taxonomy":"category","embeddable":true,"href":"https:\/\/www.europesays.com\/fr\/wp-json\/wp\/v2\/categories?post=582740"},{"taxonomy":"post_tag","embeddable":true,"href":"https:\/\/www.europesays.com\/fr\/wp-json\/wp\/v2\/tags?post=582740"}],"curies":[{"name":"wp","href":"https:\/\/api.w.org\/{rel}","templated":true}]}}