{"id":582750,"date":"2025-12-06T19:22:12","date_gmt":"2025-12-06T19:22:12","guid":{"rendered":"https:\/\/www.europesays.com\/fr\/582750\/"},"modified":"2025-12-06T19:22:12","modified_gmt":"2025-12-06T19:22:12","slug":"miss-france-2026-pourquoi-philippe-caveriviere-sest-fait-remonter-les-bretelles-par-alexandra-rosenfeld","status":"publish","type":"post","link":"https:\/\/www.europesays.com\/fr\/582750\/","title":{"rendered":"Miss France 2026 : Pourquoi Philippe Caverivi\u00e8re s&rsquo;est fait remonter les bretelles par Alexandra Rosenfeld ?"},"content":{"rendered":"<p>La suite apr\u00e8s la publicit\u00e9<\/p>\n<p>Membre du jury <a href=\"https:\/\/www.purepeople.com\/article\/miss-france-2026-le-president-du-concours-ouvre-les-portes-de-sa-petite-maison-nichee-dans-un-passage-parisien-et-envahie-par-une-collection-precieuse_a545303\/1\" target=\"_blank\" rel=\"noopener\">Miss France<\/a> aux c\u00f4t\u00e9s de Camille Cerf, Axelle Saint-Cirel, Sally, Bruce Toussaint, Tom Villa et Mich\u00e8le Bernier (<a href=\"https:\/\/www.purepeople.com\/article\/une-comedienne-ultra-populaire-une-creatrice-de-contenus-une-figure-des-jo-de-paris-voici-les-sept-membres-du-jury-de-miss-france-2026_a544906\/1\" target=\"_blank\" rel=\"noopener\">qui pr\u00e9side le jury<\/a>), <a href=\"https:\/\/www.purepeople.com\/people\/philippe-caveriviere_p123139\" target=\"_blank\" rel=\"noopener\">Philippe Caverivi\u00e8re<\/a> s\u2019est confi\u00e9 \u00e0 Nice-Matin sur son ancienne brouille avec <a href=\"https:\/\/www.purepeople.com\/people\/alexandra-rosenfeld_p89\" target=\"_blank\" rel=\"noopener\">Alexandra Rosenfeld<\/a>. L\u2019humoriste, pr\u00e9sent dans l\u2019\u00e9mission Quelle \u00c9poque sur France 2, avait, par le pass\u00e9, r\u00e9alis\u00e9 un sketch qui n\u2019\u00e9tait pas tr\u00e8s bien pass\u00e9 aupr\u00e8s des reines de beaut\u00e9. Une prestation qui avait particuli\u00e8rement d\u00e9plu \u00e0 Alexandra Rosenfeld \u2013 qui a r\u00e9cemment r\u00e9v\u00e9l\u00e9 avoir subi des <a href=\"https:\/\/www.purepeople.com\/article\/jarrivais-pas-a-partir-vraiment-cest-ca-lemprise-alexandra-rosenfeld-temoigne-pour-la-premiere-fois-a-la-tele-contre-son-ex-jean-imbert_a542112\/1\" target=\"_blank\" rel=\"noopener\">violences conjugales de la part de Jean Imbert<\/a> \u2013 et qui n\u2019avait pas h\u00e9sit\u00e9 \u00e0 lui faire part de son agacement.<\/p>\n<p>\u00ab\u00a0<strong>On avait \u00e9crit un sketch sur les Miss avec Nicolas Canteloup et St\u00e9phane Joly. Ce qui nous avait valu de nous faire engueuler par Alexandra Rosenfeld<\/strong>\u00ab\u00a0, a-t-il racont\u00e9 aux journalistes. Regrettant ce sketch qu\u2019il juge aujourd\u2019hui peu de bon go\u00fbt, il ajoute : \u00ab\u00a0<strong>On \u00e9tait vraiment des gros ringards de se moquer. Parce que c\u2019est hyper dur ce qu\u2019on leur demande. \u00c0 20, 22 ou 23 ans, j\u2019aurais \u00e9t\u00e9 incapable de faire ce qu\u2019elles font : prendre le micro, r\u00e9pondre \u00e0 une question politique<\/strong>.\u00a0\u00bb<\/p>\n<p>Philippe Caverivi\u00e8re fait son m\u00e9a culpa sur les Miss\u00a0<\/p>\n<p>\u00c9tonn\u00e9 qu\u2019on lui propose d\u2019\u00eatre membre du jury alors m\u00eame qu\u2019il s\u2019\u00e9tait moqu\u00e9 de l\u2019\u00e9lection, il confesse aujourd\u2019hui : \u00ab\u00a0Critiquer est un sport national. Mais si on prend un peu de recul, on r\u00e9alise qu\u2019Alexandra Rosenfeld fait une tr\u00e8s belle carri\u00e8re avec ses livres de coaching bien-\u00eatre, tout comme Sonia Rolland, actrice et r\u00e9alisatrice, ou Marine Lorphelin, sp\u00e9cialis\u00e9e en m\u00e9decine sportive. Laury Thilleman reprend Rendez-vous en Terre inconnue et Camille Cerf r\u00e9ussit dans l\u2019animation. La plupart ont d\u00e9montr\u00e9 toute l\u2019\u00e9tendue de leurs talents. Cela montre bien que ce n\u2019est pas le physique qui l\u2019emporte ; on s\u2019en fiche de cette loterie totalement d\u00e9bile de la beaut\u00e9. Tout se joue sur le petit plus, sur ce qu\u2019elles d\u00e9veloppent apr\u00e8s.\u00a0\u00bb<\/p>\n<blockquote>\n<p>Que les Miss soient tranquilles<\/p>\n<\/blockquote>\n<p>Pour rassurer les candidates pr\u00e9sentes ce soir, il conclut avec bienveillance : \u00ab\u00a0Que les Miss soient tranquilles, sur le bashing, elles n\u2019en prendront jamais autant que le jury ! C\u2019est fou, les commentaires que l\u2019on peut lire !\u00a0\u00bb. Au final, ce retour dans l\u2019univers de Miss France permet \u00e0 Philippe Caverivi\u00e8re de tourner la page de son ancien sketch mal re\u00e7u. L\u2019humoriste semble avoir fait amende honorable, pr\u00eat \u00e0 juger l\u2019\u00e9lection de ce soir avec respect et bienveillance.<\/p>\n","protected":false},"excerpt":{"rendered":"La suite apr\u00e8s la publicit\u00e9 Membre du jury Miss France aux c\u00f4t\u00e9s de Camille Cerf, Axelle Saint-Cirel, Sally,&hellip;\n","protected":false},"author":2,"featured_media":582751,"comment_status":"","ping_status":"","sticky":false,"template":"","format":"standard","meta":{"footnotes":""},"categories":[1359],"tags":[58,59,1011,27,973],"class_list":{"0":"post-582750","1":"post","2":"type-post","3":"status-publish","4":"format-standard","5":"has-post-thumbnail","7":"category-people","8":"tag-divertissement","9":"tag-entertainment","10":"tag-fr","11":"tag-france","12":"tag-people"},"share_on_mastodon":{"url":"https:\/\/pubeurope.com\/@fr\/115674254390401775","error":""},"_links":{"self":[{"href":"https:\/\/www.europesays.com\/fr\/wp-json\/wp\/v2\/posts\/582750","targetHints":{"allow":["GET"]}}],"collection":[{"href":"https:\/\/www.europesays.com\/fr\/wp-json\/wp\/v2\/posts"}],"about":[{"href":"https:\/\/www.europesays.com\/fr\/wp-json\/wp\/v2\/types\/post"}],"author":[{"embeddable":true,"href":"https:\/\/www.europesays.com\/fr\/wp-json\/wp\/v2\/users\/2"}],"replies":[{"embeddable":true,"href":"https:\/\/www.europesays.com\/fr\/wp-json\/wp\/v2\/comments?post=582750"}],"version-history":[{"count":0,"href":"https:\/\/www.europesays.com\/fr\/wp-json\/wp\/v2\/posts\/582750\/revisions"}],"wp:featuredmedia":[{"embeddable":true,"href":"https:\/\/www.europesays.com\/fr\/wp-json\/wp\/v2\/media\/582751"}],"wp:attachment":[{"href":"https:\/\/www.europesays.com\/fr\/wp-json\/wp\/v2\/media?parent=582750"}],"wp:term":[{"taxonomy":"category","embeddable":true,"href":"https:\/\/www.europesays.com\/fr\/wp-json\/wp\/v2\/categories?post=582750"},{"taxonomy":"post_tag","embeddable":true,"href":"https:\/\/www.europesays.com\/fr\/wp-json\/wp\/v2\/tags?post=582750"}],"curies":[{"name":"wp","href":"https:\/\/api.w.org\/{rel}","templated":true}]}}