{"id":582752,"date":"2025-12-06T19:23:29","date_gmt":"2025-12-06T19:23:29","guid":{"rendered":"https:\/\/www.europesays.com\/fr\/582752\/"},"modified":"2025-12-06T19:23:29","modified_gmt":"2025-12-06T19:23:29","slug":"en-images-guggenheim-jumelles-geantes-fondation-louis-vuitton-maison-dansante-redecouvrez-dix-oeuvres-marquantes-de-larchitecte-frank-gehry","status":"publish","type":"post","link":"https:\/\/www.europesays.com\/fr\/582752\/","title":{"rendered":": En images Guggenheim, jumelles g\u00e9antes, Fondation Louis Vuitton, Maison dansante&#8230; (Re)d\u00e9couvrez dix \u0153uvres marquantes de l&rsquo;architecte Frank Gehry"},"content":{"rendered":"<p>\n  Superstar dans son milieu, le ma\u00eetre du d\u00e9constructivisme, mort vendredi \u00e0 96\u00a0ans, tordait les lignes de ses \u00e9difices pour brouiller la fronti\u00e8re entre architecture et art.\n<\/p>\n<p>Il \u00e9tait l&rsquo;un des rares architectes contemporains \u00e0 s&rsquo;\u00eatre hiss\u00e9 au rang de superstar \u00e0 travers la plan\u00e8te, au point d&rsquo;avoir <a href=\"https:\/\/www.youtube.com\/watch?v=ivJZ7eho718\" target=\"_blank\" rel=\"noopener\" data-tooltip-url=\"https:\/\/www.youtube.com\/watch?v=ivJZ7eho718\">son personnage dans la s\u00e9rie Les Simpson<\/a>. <a href=\"https:\/\/www.franceinfo.fr\/culture\/le-grand-architecte-americano-canadien-frank-gehry-batisseur-du-musee-guggenheim-de-bilbao-et-de-la-fondation-louis-vuitton-est-mort_7660681.html\" target=\"_self\" rel=\"noopener noreferrer nofollow\" data-tooltip-url=\"https:\/\/www.franceinfo.fr\/culture\/le-grand-architecte-americano-canadien-frank-gehry-batisseur-du-musee-guggenheim-de-bilbao-et-de-la-fondation-louis-vuitton-est-mort_7660681.html\">L&rsquo;architecte Frank Gehry est mort<\/a> vendredi 5 d\u00e9cembre, \u00e0 l&rsquo;\u00e2ge de 96\u00a0ans. Avec ses projets faits de courbes et d&rsquo;ellipses, l&rsquo;Am\u00e9ricano-Canadien s&rsquo;est impos\u00e9 dans la profession comme le ma\u00eetre du d\u00e9constructivisme. Asym\u00e9trie, fragmentation, illusion d&rsquo;instabilit\u00e9&#8230; Frank Gehry n&rsquo;a jamais cess\u00e9 de questionner les r\u00e8gles de l&rsquo;architecture moderne. Une d\u00e9marche r\u00e9compens\u00e9e en 1989 par la plus haute distinction dans ce domaine, le prix Pritzker. Franceinfo revient sur dix \u0153uvres embl\u00e9matiques de l&rsquo;architecte.<\/p>\n<p>    <img loading=\"lazy\" decoding=\"async\" class=\"cms-media-image lazyload\" alt=\"Le Vitra Design Museum, situ\u00e9 \u00e0 Weil am Rhein, en Allemagne, est l\u2019un de ses premiers grands projets en Europe. Le b\u00e2timent, inaugur\u00e9 en 1989, marque l'essor de son style d\u00e9constructiviste. (MARKUS LANGE \/ ROBERT HARDING HERITAGE \/ AFP)\" width=\"432\" height=\"243\" data- src=\"https:\/\/www.europesays.com\/fr\/wp-content\/uploads\/2025\/12\/071-1160-2450-69345bce7d67c948436775.jpg\"\/><\/p>\n<p>      Le Vitra Design Museum, situ\u00e9 \u00e0 Weil am Rhein, en Allemagne, est l\u2019un de ses premiers grands projets en Europe. Le b\u00e2timent, inaugur\u00e9 en 1989, marque l&rsquo;essor de son style d\u00e9constructiviste. (MARKUS LANGE \/ ROBERT HARDING HERITAGE \/ AFP)<\/p>\n<p>    <img loading=\"lazy\" decoding=\"async\" class=\"cms-media-image lazyload\" alt=\"En 1996, Frank Gehry cosigne, avec l'architecte croate Vlado Miluni\u0107, un immeuble de bureaux, au centre de Prague, en R\u00e9publique tch\u00e8que. Ses deux tours courb\u00e9es, l'une en b\u00e9ton, et l'autre en verre, valent \u00e0 l'\u00e9difice le surnom de &quot;Maison dansante&quot;. (BROKER.COM \/ SIPA)\" width=\"432\" height=\"243\" data- src=\"https:\/\/www.europesays.com\/fr\/wp-content\/uploads\/2025\/12\/sipa-sipausa30196772-000008-69345397b6fcc470860155.jpg\"\/><\/p>\n<p>      En 1996, Frank Gehry cosigne, avec l&rsquo;architecte croate Vlado Miluni\u0107, un immeuble de bureaux, au centre de Prague, en R\u00e9publique tch\u00e8que. Ses deux tours courb\u00e9es, l&rsquo;une en b\u00e9ton, et l&rsquo;autre en verre, valent \u00e0 l&rsquo;\u00e9difice le surnom de \u00ab\u00a0Maison dansante\u00a0\u00bb. (BROKER.COM \/ SIPA)<\/p>\n<p>    <img loading=\"lazy\" decoding=\"async\" class=\"cms-media-image lazyload\" alt=\"En 1997, l'inauguration du mus\u00e9e Guggenheim de Bilbao, en Espagne, assoit la r\u00e9putation internationale de l'architecte et demeure l'un des projets les plus embl\u00e9matiques. Le b\u00e2timent, fait de roche calcaire, de verre et de courbes en titane, refl\u00e8te la lumi\u00e8re et l'avant-gardisme de Frank Gehry. (FRANCOIS LAURENS \/ HANS LUCAS \/ AFP)\" width=\"432\" height=\"243\" data- src=\"https:\/\/www.europesays.com\/fr\/wp-content\/uploads\/2025\/12\/080-hl-flaurens-2581688-6934438ddc68b127052652.jpg\"\/><\/p>\n<p>      En 1997, l&rsquo;inauguration du mus\u00e9e Guggenheim de Bilbao, en Espagne, assoit la r\u00e9putation internationale de l&rsquo;architecte et demeure l&rsquo;un des projets les plus embl\u00e9matiques. Le b\u00e2timent, fait de roche calcaire, de verre et de courbes en titane, refl\u00e8te la lumi\u00e8re et l&rsquo;avant-gardisme de Frank Gehry. (FRANCOIS LAURENS \/ HANS LUCAS \/ AFP)<\/p>\n<p>    <img loading=\"lazy\" decoding=\"async\" class=\"cms-media-image lazyload\" alt=\"En 2003, l'architecte reprend les courbes asym\u00e9triques du Guggenheim pour dessiner la vaste salle de concert Walt Disney \u00e0 Los Angeles, en Californie. (FREDERIC J. BROWN \/ AFP)\" width=\"432\" height=\"243\" data- src=\"https:\/\/www.europesays.com\/fr\/wp-content\/uploads\/2025\/12\/000-87a96we-6934447702b39088603376.jpg\"\/><\/p>\n<p>      En 2003, l&rsquo;architecte reprend les courbes asym\u00e9triques du Guggenheim pour dessiner la vaste salle de concert Walt Disney \u00e0 Los Angeles, en Californie. (FREDERIC J. BROWN \/ AFP)<\/p>\n<p>    <img loading=\"lazy\" decoding=\"async\" class=\"cms-media-image lazyload\" alt=\"En 2011, il ach\u00e8ve le 8 Spruce Street \u00e0 New York, son premier gratte-ciel, qui compte parmi les plus hautes tours r\u00e9sidentielles du monde avec 76 \u00e9tages. (TED SHAFFREY \/ AP \/ SIPA)\" width=\"432\" height=\"243\" data- src=\"https:\/\/www.europesays.com\/fr\/wp-content\/uploads\/2025\/12\/sipa-ap23001234-000004-6934467ac24db599333895.jpg\"\/><\/p>\n<p>      En 2011, il ach\u00e8ve le 8 Spruce Street \u00e0 New York, son premier gratte-ciel, qui compte parmi les plus hautes tours r\u00e9sidentielles du monde avec 76 \u00e9tages. (TED SHAFFREY \/ AP \/ SIPA)<\/p>\n<p>    <img loading=\"lazy\" decoding=\"async\" class=\"cms-media-image lazyload\" alt=\"La Fondation Louis Vuitton, inaugur\u00e9e en 2014 \u00e0 Paris, figure parmi ses r\u00e9centes r\u00e9alisations les plus embl\u00e9matiques. Le monument futuriste, fait de b\u00e9ton et de verre, jouxte le Jardin d'acclimatation du bois de Boulogne, dans l'ouest de la capitale fran\u00e7aise. (MICHEL CAVALIER \/ HEMIS.FR \/ AFP)\" width=\"432\" height=\"243\" data- src=\"https:\/\/www.europesays.com\/fr\/wp-content\/uploads\/2025\/12\/024-3482553-6934478c66af1613739393.jpg\"\/><\/p>\n<p>      La Fondation Louis Vuitton, inaugur\u00e9e en 2014 \u00e0 Paris, figure parmi ses r\u00e9centes r\u00e9alisations les plus embl\u00e9matiques. Le monument futuriste, fait de b\u00e9ton et de verre, jouxte le Jardin d&rsquo;acclimatation du bois de Boulogne, dans l&rsquo;ouest de la capitale fran\u00e7aise. (MICHEL CAVALIER \/ HEMIS.FR \/ AFP)<\/p>\n<p>    <img loading=\"lazy\" decoding=\"async\" class=\"cms-media-image lazyload\" alt=\"La tour de la Fondation Luma, complexe artistique et culturel \u00e0 Arles, dans les Bouches-du-Rh\u00f4ne, est l'une de ses derni\u00e8res \u0153uvres. Achev\u00e9 en 2021, l'\u00e9difice fait d'acier inoxydable et de verre scintille sur 56 m\u00e8tres de haut. (MOIRENC CAMILLE \/ HEMIS.FR \/ AFP)\" width=\"432\" height=\"243\" data- src=\"https:\/\/www.europesays.com\/fr\/wp-content\/uploads\/2025\/12\/024-4435890-6934508e23495775535051.jpg\"\/><\/p>\n<p>      La tour de la Fondation Luma, complexe artistique et culturel \u00e0 Arles, dans les Bouches-du-Rh\u00f4ne, est l&rsquo;une de ses derni\u00e8res \u0153uvres. Achev\u00e9 en 2021, l&rsquo;\u00e9difice fait d&rsquo;acier inoxydable et de verre scintille sur 56 m\u00e8tres de haut. (MOIRENC CAMILLE \/ HEMIS.FR \/ AFP)<\/p>\n<p>    <img loading=\"lazy\" decoding=\"async\" class=\"cms-media-image lazyload\" alt=\"L'architecte s'est aussi distingu\u00e9 par ses sculptures loufoques, comme son &quot;Poisson&quot;, cr\u00e9\u00e9 \u00e0 l'occasion des Jeux olympiques d'\u00e9t\u00e9 de 1992, \u00e0 Barcelone, en Espagne. (THORSTEN LANG \/ DPA \/ AFP)\" width=\"432\" height=\"243\" data- src=\"https:\/\/www.europesays.com\/fr\/wp-content\/uploads\/2025\/12\/043-dpa-7780018-69344b6dd0c99900634863.jpg\"\/><\/p>\n<p>      L&rsquo;architecte s&rsquo;est aussi distingu\u00e9 par ses sculptures loufoques, comme son \u00ab\u00a0Poisson\u00a0\u00bb, cr\u00e9\u00e9 \u00e0 l&rsquo;occasion des Jeux olympiques d&rsquo;\u00e9t\u00e9 de 1992, \u00e0 Barcelone, en Espagne. (THORSTEN LANG \/ DPA \/ AFP)<\/p>\n<p>    <img loading=\"lazy\" decoding=\"async\" class=\"cms-media-image lazyload\" alt=\"Ou encore cette paire de jumelles g\u00e9ante qui tr\u00f4ne depuis 1991 \u00e0 l'entr\u00e9e du Chiat\/Day Building, \u00e0 Venice, en Californie. (BERNARD FOUBERT \/ PHOTONONSTOP \/ AFP)\" width=\"432\" height=\"243\" data- src=\"https:\/\/www.europesays.com\/fr\/wp-content\/uploads\/2025\/12\/034-465482-1-69344c73b2c7c255094523.jpg\"\/><\/p>\n<p>      Ou encore cette paire de jumelles g\u00e9ante qui tr\u00f4ne depuis 1991 \u00e0 l&rsquo;entr\u00e9e du Chiat\/Day Building, \u00e0 Venice, en Californie. (BERNARD FOUBERT \/ PHOTONONSTOP \/ AFP)<\/p>\n<p>    <img loading=\"lazy\" decoding=\"async\" class=\"cms-media-image lazyload\" alt=\"Toute sa carri\u00e8re, Frank Gehry a remis en question les rep\u00e8res classiques d'un \u00e9difice. L'architecte repousse les limites de sa d\u00e9marche en 2010, avec la clinique Lou Ruvo \u00e0 Cleveland, aux Etats-Unis, dont les fa\u00e7ades et fen\u00eatres semblent s'effondrer. (MICHAEL DEFREITAS \/ ROBERT HARDING HERITAGE)\" width=\"432\" height=\"243\" data- src=\"https:\/\/www.europesays.com\/fr\/wp-content\/uploads\/2025\/12\/071-796-2145-693457353c948932999214.jpg\"\/><\/p>\n<p>      Toute sa carri\u00e8re, Frank Gehry a remis en question les rep\u00e8res classiques d&rsquo;un \u00e9difice. L&rsquo;architecte repousse les limites de sa d\u00e9marche en 2010, avec la clinique Lou Ruvo \u00e0 Cleveland, aux Etats-Unis, dont les fa\u00e7ades et fen\u00eatres semblent s&rsquo;effondrer. (MICHAEL DEFREITAS \/ ROBERT HARDING HERITAGE)<\/p>\n","protected":false},"excerpt":{"rendered":"Superstar dans son milieu, le ma\u00eetre du d\u00e9constructivisme, mort vendredi \u00e0 96\u00a0ans, tordait les lignes de ses \u00e9difices&hellip;\n","protected":false},"author":2,"featured_media":582753,"comment_status":"","ping_status":"","sticky":false,"template":"","format":"standard","meta":{"footnotes":""},"categories":[1358],"tags":[1348,1384,1385,1386,58,59,1011,27],"class_list":{"0":"post-582752","1":"post","2":"type-post","3":"status-publish","4":"format-standard","5":"has-post-thumbnail","7":"category-arts-et-design","8":"tag-arts","9":"tag-arts-and-design","10":"tag-arts-et-design","11":"tag-design","12":"tag-divertissement","13":"tag-entertainment","14":"tag-fr","15":"tag-france"},"share_on_mastodon":{"url":"https:\/\/pubeurope.com\/@fr\/115674261446875652","error":""},"_links":{"self":[{"href":"https:\/\/www.europesays.com\/fr\/wp-json\/wp\/v2\/posts\/582752","targetHints":{"allow":["GET"]}}],"collection":[{"href":"https:\/\/www.europesays.com\/fr\/wp-json\/wp\/v2\/posts"}],"about":[{"href":"https:\/\/www.europesays.com\/fr\/wp-json\/wp\/v2\/types\/post"}],"author":[{"embeddable":true,"href":"https:\/\/www.europesays.com\/fr\/wp-json\/wp\/v2\/users\/2"}],"replies":[{"embeddable":true,"href":"https:\/\/www.europesays.com\/fr\/wp-json\/wp\/v2\/comments?post=582752"}],"version-history":[{"count":0,"href":"https:\/\/www.europesays.com\/fr\/wp-json\/wp\/v2\/posts\/582752\/revisions"}],"wp:featuredmedia":[{"embeddable":true,"href":"https:\/\/www.europesays.com\/fr\/wp-json\/wp\/v2\/media\/582753"}],"wp:attachment":[{"href":"https:\/\/www.europesays.com\/fr\/wp-json\/wp\/v2\/media?parent=582752"}],"wp:term":[{"taxonomy":"category","embeddable":true,"href":"https:\/\/www.europesays.com\/fr\/wp-json\/wp\/v2\/categories?post=582752"},{"taxonomy":"post_tag","embeddable":true,"href":"https:\/\/www.europesays.com\/fr\/wp-json\/wp\/v2\/tags?post=582752"}],"curies":[{"name":"wp","href":"https:\/\/api.w.org\/{rel}","templated":true}]}}