{"id":582754,"date":"2025-12-06T19:25:27","date_gmt":"2025-12-06T19:25:27","guid":{"rendered":"https:\/\/www.europesays.com\/fr\/582754\/"},"modified":"2025-12-06T19:25:27","modified_gmt":"2025-12-06T19:25:27","slug":"une-plainte-contre-bardella-incroyable-hasard","status":"publish","type":"post","link":"https:\/\/www.europesays.com\/fr\/582754\/","title":{"rendered":"Une plainte contre Bardella\u00a0: \u00ab\u00a0Incroyable hasard\u00a0!\u00a0\u00bb"},"content":{"rendered":"<p>L\u2019\u00e9lection pr\u00e9sidentielle approchant \u00e0 grands pas, va-t-on nous refaire le coup de Fran\u00e7ois Fillon avec Jordan Bardella ? Un Bardella tr\u00e8s haut dans les sondages qui le donnent m\u00eame vainqueur au second tour, quel que soit le candidat en face de lui. Un Bardella qui \u00e9craserait m\u00eame M\u00e9lenchon, si ce dernier \u2013 \u00e0 Dieu ne plaise \u2013 se retrouvait qualifi\u00e9 au second tour. Un barrage r\u00e9publicain \u00e0 front renvers\u00e9 ! Certes, 2027, c\u2019est loin, mais l\u2019histoire politique des trente derni\u00e8res ann\u00e9es nous offre un plein wagon de favoris \u00e0 un an de l\u2019\u00e9ch\u00e9ance qui, finalement, sont rest\u00e9s, les bras ballants, sur le quai de l\u2019Histoire. Alors, le coup de Fran\u00e7ois Fillon ? C\u2019est la r\u00e9flexion r\u00e9flexe, sans tomber dans le complotisme, que l\u2019on peut se faire lorsqu\u2019on apprend, ce 5 d\u00e9cembre, que l\u2019association AC Corruption a d\u00e9pos\u00e9 une plainte contre le pr\u00e9sident du Rassemblement national pour favoritisme et d\u00e9tournement de fonds publics.<\/p>\n<p>Comme si politiques nationale et europ\u00e9enne n&rsquo;\u00e9taient pas intimement li\u00e9es&#8230;<\/p>\n<p>Cette association, fond\u00e9e en 2021 avec des dissidents de l\u2019association Anticor, accuse le d\u00e9put\u00e9 europ\u00e9en d\u2019avoir utilis\u00e9 les fonds allou\u00e9s par le Parlement europ\u00e9en pour financer des s\u00e9ances d\u2019entra\u00eenement \u00e0 la prise de parole devant les m\u00e9dias (m\u00e9dia training) en vue de pr\u00e9parer l\u2019\u00e9lection pr\u00e9sidentielle de 2022. Cette association, qui a saisi le Parquet national financier, s&rsquo;appuie sur des \u00e9l\u00e9ments publi\u00e9s le 25 novembre par Le Canard encha\u00een\u00e9. De 2019 \u00e0 2021, Jordan Bardella aurait b\u00e9n\u00e9fici\u00e9 de nombreuses s\u00e9ances de formation qui, peu \u00e0 peu, aurait \u00e9t\u00e9 orient\u00e9es vers la pr\u00e9paration de l\u2019\u00e9lection pr\u00e9sidentielle de 2022. \u00ab Monsieur Humeau a \u00e9t\u00e9 charg\u00e9 d\u2019aider Jordan Bardella non pas sur sa connaissance de l\u2019actualit\u00e9 europ\u00e9enne mais en vue de la pr\u00e9paration de l\u2019\u00e9lection pr\u00e9sidentielle fran\u00e7aise de 2022 et donc sur des questions de politique interne \u00bb, <a href=\"https:\/\/www.msn.com\/fr-fr\/actualite\/france\/info-bfmtv-jordan-bardella-vis%C3%A9-par-une-plainte-d%C3%A9pos%C3%A9e-au-pnf-pour-favoritisme-et-d%C3%A9tournement-de-fonds-publics\/ar-AA1RKNIk?ocid=msedgntp&amp;pc=U531&amp;cvid=69329785a668447590885a5e1a13e974&amp;ei=12\" target=\"_blank\" rel=\"noopener\">r\u00e9v\u00e8le Le Canard<\/a>. Comme si politiques nationale et europ\u00e9enne n&rsquo;\u00e9taient pas intimement li\u00e9es (que \u00e7a plaise ou pas) ! D\u2019o\u00f9, on imagine, la plainte pour d\u00e9tournement de fonds. Pascal Humeau (\u00e0 la ville, compagnon d\u2019Amandine B\u00e9got, animatrice de la matinale de RTL), \u00ab coach \u00bb de Bardella, aurait par ailleurs reconnu que l\u2019appel d\u2019offres qui avait \u00e9t\u00e9 pass\u00e9 en sa faveur ne l\u2019avait \u00e9t\u00e9 \u00ab que pour la forme \u00bb, le contrat lui ayant \u00e9t\u00e9 pr\u00e9sent\u00e9 comme acquis, puisque Bardella \u00ab souhaitait travailler avec lui \u00bb. D\u2019o\u00f9 la plainte pour favoritisme.<\/p>\n<p>Il y a \u00ab urgence \u00bb&#8230;<\/p>\n<p>AC Corruption n\u2019en est pas \u00e0 son premier d\u00e9p\u00f4t de plainte visant le Rassemblement national. En juillet dernier, elle d\u00e9posait plainte contre X pour d\u00e9tournement de biens publics, favoritisme ou encore prise ill\u00e9gale d&rsquo;int\u00e9r\u00eats. L\u2019avocat de l\u2019association, Me J\u00e9r\u00f4me Karsenti, d\u00e9non\u00e7ait \u00ab un syst\u00e8me de financement occulte du Rassemblement national \u00bb. AC Corruption se revendique <a href=\"https:\/\/ac-anti-corruption.fr\/qui-sommes-nous\/\" target=\"_blank\" rel=\"noopener\">\u00ab libre de tous partis \u00bb<\/a> et d\u00e9sireuse de \u00ab garder [sa] libert\u00e9 \u00bb. Tr\u00e8s bien. N\u00e9anmoins, on notera un certain tropisme et empressement vis-\u00e0-vis du Rassemblement national. Preuve en est la d\u00e9claration de Me Karsenti en juillet dernier \u00e0 l&rsquo;occasion de ce d\u00e9p\u00f4t de plainte. Il estimait que cette plainte s\u2019inscrivait dans un climat d\u2019\u00ab urgence \u00bb. Urgence, c\u2019est-\u00e0-dire ? Les propos de cet avocat \u00e9taient sans ambigu\u00eft\u00e9 : \u00ab <a href=\"https:\/\/www.francebleu.fr\/infos\/faits-divers-justice\/rassemblement-national-l-association-ac-anticorruption-porte-plainte-contre-x-pour-detournement-de-biens-publics-4758901\" target=\"_blank\" rel=\"noopener\">L&rsquo;extr\u00eame droite est probablement en voie de gagner les \u00e9lections<\/a> \u00bb. Nous y voil\u00e0. L&rsquo;urgence est d&rsquo;agir avant qu&rsquo;il ne soit trop tard. Suivait d&rsquo;ailleurs une charge contre Bollor\u00e9 et St\u00e9rin. Selon Me Karsenti, \u00ab Il y a des milliardaires qui ont un objectif : voir arriver l&rsquo;extr\u00eame droite au pouvoir \u00bb. Des milliardaires, toujours selon l\u2019avocat, qui \u00ab utilisent tous les moyens l\u00e9gaux et ill\u00e9gaux pour y parvenir, toutes les sources d&rsquo;influence qu&rsquo;ils peuvent. Il y a un moment donn\u00e9 o\u00f9 la loi doit dire non lorsqu&rsquo;elle le peut. \u00bb Affirmations qui restent \u00e0 d\u00e9montrer. Mais, en tout cas, l\u2019objectif est clair.<\/p>\n<p>Le coup de Fran\u00e7ois Fillon ou de Marine Le Pen ?<\/p>\n<p>Alors, pour 2027, le coup de Fran\u00e7ois Fillon ou, m\u00eame de Marine Le Pen, frapp\u00e9e, elle, d\u2019in\u00e9ligibilit\u00e9 avec ex\u00e9cution provisoire et donc dans l&rsquo;impossibilit\u00e9, pour l&rsquo;instant, de se pr\u00e9senter \u00e0 l\u2019\u00e9lection pr\u00e9sidentielle ? Concernant le premier coup, il n\u2019est pas \u00e9vident que cela fonctionne encore, tant l\u2019exasp\u00e9ration des Fran\u00e7ais est grande. On pourrait d&rsquo;ailleurs imaginer que ce d\u00e9p\u00f4t de plainte, dans ce contexte, soit m\u00eame totalement contreproductif. Et l\u2019in\u00e9ligibilit\u00e9 ? Interrog\u00e9 par BV, un avocat, fin connaisseur de cette superposition fatidique et subtile des calendrier judiciaire et politique, pense la chose assez peu probable. Mais, sait-on jamais\u2026<\/p>\n<p>De son c\u00f4t\u00e9, la premi\u00e8re r\u00e9action de Jordan Bardella a \u00e9t\u00e9, ce 5 d\u00e9cembre, de reprendre la c\u00e9l\u00e9brissime phrase d\u2019\u00c9ric Zemmour\u00a0: \u00ab\u00a0Quel hasard, incroyable hasard\u00a0! \u00bb Le hasard et la n\u00e9cessit\u00e9&#8230; du syst\u00e8me.<\/p>\n<p>\u00a0<\/p>\n<blockquote class=\"twitter-tweet\" data-media-max-width=\"560\">\n<p dir=\"ltr\" lang=\"zxx\"><a href=\"https:\/\/t.co\/qm5TZGdEZW\">https:\/\/t.co\/qm5TZGdEZW<\/a> <a href=\"https:\/\/t.co\/SG9ikiX3zV\">pic.twitter.com\/SG9ikiX3zV<\/a><\/p>\n<p>\u2014 Jordan Bardella (@J_Bardella) <a href=\"https:\/\/twitter.com\/J_Bardella\/status\/1996910907860177267?ref_src=twsrc%5Etfw\" target=\"_blank\" rel=\"noopener\">December 5, 2025<\/a><\/p>\n<\/blockquote>\n<p>                    <a href=\"#\" rel=\"nofollow\" onclick=\"window.print(); pfTrackEvent('Une plainte contre Bardella\u00a0: \u00ab\u00a0Incroyable hasard\u00a0!\u00a0\u00bb'); return false;\" title=\"Printer Friendly, PDF &amp; Email\"><br \/>\n                    <img decoding=\"async\" src=\"https:\/\/www.europesays.com\/fr\/wp-content\/uploads\/2025\/04\/printfriendly-icon-sm.png\" alt=\"Print Friendly, PDF &amp; Email\" class=\"pf-button-img\" style=\"width: 17px;height: 17px;\"\/>Imprimer, enregistrer en PDF cet article<br \/>\n                    <\/a><br \/>\n                <script async src=\"https:\/\/platform.twitter.com\/widgets.js\" charset=\"utf-8\"><\/script><\/p>\n","protected":false},"excerpt":{"rendered":"L\u2019\u00e9lection pr\u00e9sidentielle approchant \u00e0 grands pas, va-t-on nous refaire le coup de Fran\u00e7ois Fillon avec Jordan Bardella ?&hellip;\n","protected":false},"author":2,"featured_media":582755,"comment_status":"","ping_status":"","sticky":false,"template":"","format":"standard","meta":{"footnotes":""},"categories":[1356],"tags":[58,59,1011,27,252,1364],"class_list":{"0":"post-582754","1":"post","2":"type-post","3":"status-publish","4":"format-standard","5":"has-post-thumbnail","7":"category-television","8":"tag-divertissement","9":"tag-entertainment","10":"tag-fr","11":"tag-france","12":"tag-television","13":"tag-tv"},"share_on_mastodon":{"url":"https:\/\/pubeurope.com\/@fr\/115674266947350313","error":""},"_links":{"self":[{"href":"https:\/\/www.europesays.com\/fr\/wp-json\/wp\/v2\/posts\/582754","targetHints":{"allow":["GET"]}}],"collection":[{"href":"https:\/\/www.europesays.com\/fr\/wp-json\/wp\/v2\/posts"}],"about":[{"href":"https:\/\/www.europesays.com\/fr\/wp-json\/wp\/v2\/types\/post"}],"author":[{"embeddable":true,"href":"https:\/\/www.europesays.com\/fr\/wp-json\/wp\/v2\/users\/2"}],"replies":[{"embeddable":true,"href":"https:\/\/www.europesays.com\/fr\/wp-json\/wp\/v2\/comments?post=582754"}],"version-history":[{"count":0,"href":"https:\/\/www.europesays.com\/fr\/wp-json\/wp\/v2\/posts\/582754\/revisions"}],"wp:featuredmedia":[{"embeddable":true,"href":"https:\/\/www.europesays.com\/fr\/wp-json\/wp\/v2\/media\/582755"}],"wp:attachment":[{"href":"https:\/\/www.europesays.com\/fr\/wp-json\/wp\/v2\/media?parent=582754"}],"wp:term":[{"taxonomy":"category","embeddable":true,"href":"https:\/\/www.europesays.com\/fr\/wp-json\/wp\/v2\/categories?post=582754"},{"taxonomy":"post_tag","embeddable":true,"href":"https:\/\/www.europesays.com\/fr\/wp-json\/wp\/v2\/tags?post=582754"}],"curies":[{"name":"wp","href":"https:\/\/api.w.org\/{rel}","templated":true}]}}