{"id":582756,"date":"2025-12-06T19:27:17","date_gmt":"2025-12-06T19:27:17","guid":{"rendered":"https:\/\/www.europesays.com\/fr\/582756\/"},"modified":"2025-12-06T19:27:17","modified_gmt":"2025-12-06T19:27:17","slug":"excuse-moi-de-michel-sardou-et-nagui-laltercation-a-lorigine-de-leur-inimitie","status":"publish","type":"post","link":"https:\/\/www.europesays.com\/fr\/582756\/","title":{"rendered":"\u00ab\u00a0Excuse-moi de&#8230;\u00a0\u00bb : Michel Sardou et Nagui, l&rsquo;altercation \u00e0 l&rsquo;origine de leur inimiti\u00e9"},"content":{"rendered":"<p data-start=\"253\" data-end=\"515\">Nagui et Michel Sardou sont tous<br \/>\nles deux des stars dans leur domaine. Le premier en tant<br \/>\nqu\u2019animateur t\u00e9l\u00e9, puisqu\u2019il est une figure phare de France 2, et<br \/>\nle second dans la musique. Ainsi, ils se sont rencontr\u00e9s \u00e0<br \/>\nplusieurs reprises, sur des plateaux t\u00e9l\u00e9vis\u00e9s.<\/p>\n<p data-start=\"517\" data-end=\"726\">Cependant, ils \u00e9vitent autant<br \/>\nque possible de se croiser, puisqu\u2019ils sont loin d\u2019\u00eatre les<br \/>\nmeilleurs amis du monde. Et pour comprendre l\u2019origine de cette<br \/>\nembrouille, il faut remonter quelques ann\u00e9es en arri\u00e8re.<\/p>\n<p><strong data-start=\"728\" data-end=\"776\">Une altercation entre Nagui et Michel<br \/>\nSardou<\/strong><\/p>\n<p data-start=\"778\" data-end=\"1084\">Au cours de sa carri\u00e8re, Nagui<br \/>\na rencontr\u00e9 de nombreuses stars, en particulier de la chanson,<br \/>\nnotamment gr\u00e2ce \u00e0 l\u2019\u00e9mission Taratata, qu\u2019il pr\u00e9sente depuis 1993.<br \/>\nMais certaines interviews se sont mieux pass\u00e9es que d\u2019autres, et<br \/>\ncelle <a href=\"https:\/\/www.closermag.fr\/people\/johnny-hallyday-et-michel-sardou-cette-derniere-phrase-glacante-qui-a-scelle-leur-rupture-ecoute-non-je-ne-veux-meme-pas-3602855\" target=\"_blank\" rel=\"noopener\"><br \/>\navec Michel Sardou<\/a> ne fait pas vraiment partie de ses meilleurs<br \/>\nsouvenirs.<\/p>\n<p data-start=\"1086\" data-end=\"1604\">L\u2019affaire \u00e9clate publiquement<br \/>\nen octobre 2024. Interrog\u00e9 lors d\u2019un hommage pour les 40 ans de<br \/>\n<a href=\"https:\/\/www.closermag.fr\/people\/30-ans-de-taratata-ce-detail-insoupconnable-sur-le-look-de-nagui-3313729\" target=\"_blank\" rel=\"noopener\"><br \/>\nTaratata<\/a>, Nagui a d\u00e9clar\u00e9 que Michel Sardou ne reviendrait plus<br \/>\njamais dans l\u2019\u00e9mission. <a href=\"https:\/\/www.closermag.fr\/people\/nagui-en-froid-avec-michel-sardou-le-chanteur-persona-non-grata-a-taratata-pour-une-simple-et-bonne-raison-3486114\" target=\"_blank\" rel=\"noopener\"><br \/>\nLors de son passage dans C \u00e0 Vous<\/a>, l\u2019animateur expliquait sans<br \/>\nd\u00e9tour : \u00ab\u00a0<strong>On ne s\u2019est<br \/>\npas vraiment bien entendu.<\/strong> Je ne discute pas la carri\u00e8re,<br \/>\nle chanteur, ni le talent, mais \u00e7a me para\u00eet normal de dire \u00e0<br \/>\nquelqu\u2019un \u2018bienvenue\u2019 et de le penser (&#8230;) Je ne pense pas que lui<br \/>\nnon plus en ait envie.\u00a0\u00bb Voil\u00e0 qui avait le m\u00e9rite d\u2019\u00eatre<br \/>\nclair.<\/p>\n<p><strong data-start=\"1606\" data-end=\"1673\">Michel Sardou : sa<br \/>\npremi\u00e8re et derni\u00e8re apparition sur Taratata<\/strong><\/p>\n<p data-start=\"1675\" data-end=\"2236\">Cette fameuse interview<br \/>\nremonte \u00e0 1994, lors des d\u00e9buts de <strong>Nagui sur<br \/>\nTaratata.<\/strong> Dans cet entretien, l\u2019animateur interroge Michel<br \/>\nSardou sur les soup\u00e7ons de racisme ou d\u2019id\u00e9es fachos qui lui sont parfois attribu\u00e9s. Sardou<br \/>\nrejette fermement ces accusations : il se dit franco-fran\u00e7ais par naissance et par culture,<br \/>\nmais jamais raciste. Il affirmait que le seul endroit o\u00f9 les fronti\u00e8res n\u2019existent pas<br \/>\nc\u2019est la musique. L\u2019interpr\u00e8te des Lacs du Connemara a ainsi demand\u00e9 \u00e0 Nagui :<br \/>\nJ\u2019aimerais qu\u2019on \u00e9vite de<br \/>\nparler comme toi, c\u2019est-\u00e0-dire de nous mettre\u2026.\u00a0\u00bb<\/p>\n<p data-start=\"2238\" data-end=\"2514\">Visiblement, cette demande n\u2019a<br \/>\npas vraiment \u00e9t\u00e9 bien re\u00e7ue par l\u2019animateur qui s\u2019est d\u00e9fendu en<br \/>\ndisant : \u00ab\u00a0<strong>Attention<br \/>\nMichel, je ne fais que traduire, excuse-moi de me d\u00e9fendre, je ne<br \/>\nfais que traduire ce que l\u2019on me dit et que ce l\u2019on me<br \/>\nrapporte<\/strong>\u00ab\u00a0. Une interview assez\u2026 tendue.<\/p>\n","protected":false},"excerpt":{"rendered":"Nagui et Michel Sardou sont tous les deux des stars dans leur domaine. Le premier en tant qu\u2019animateur&hellip;\n","protected":false},"author":2,"featured_media":582757,"comment_status":"","ping_status":"","sticky":false,"template":"","format":"standard","meta":{"footnotes":""},"categories":[1355],"tags":[58,59,1011,27,30040,1361,873,10477],"class_list":{"0":"post-582756","1":"post","2":"type-post","3":"status-publish","4":"format-standard","5":"has-post-thumbnail","7":"category-musique","8":"tag-divertissement","9":"tag-entertainment","10":"tag-fr","11":"tag-france","12":"tag-michel-sardou","13":"tag-music","14":"tag-musique","15":"tag-nagui"},"share_on_mastodon":{"url":"https:\/\/pubeurope.com\/@fr\/115674273932132299","error":""},"_links":{"self":[{"href":"https:\/\/www.europesays.com\/fr\/wp-json\/wp\/v2\/posts\/582756","targetHints":{"allow":["GET"]}}],"collection":[{"href":"https:\/\/www.europesays.com\/fr\/wp-json\/wp\/v2\/posts"}],"about":[{"href":"https:\/\/www.europesays.com\/fr\/wp-json\/wp\/v2\/types\/post"}],"author":[{"embeddable":true,"href":"https:\/\/www.europesays.com\/fr\/wp-json\/wp\/v2\/users\/2"}],"replies":[{"embeddable":true,"href":"https:\/\/www.europesays.com\/fr\/wp-json\/wp\/v2\/comments?post=582756"}],"version-history":[{"count":0,"href":"https:\/\/www.europesays.com\/fr\/wp-json\/wp\/v2\/posts\/582756\/revisions"}],"wp:featuredmedia":[{"embeddable":true,"href":"https:\/\/www.europesays.com\/fr\/wp-json\/wp\/v2\/media\/582757"}],"wp:attachment":[{"href":"https:\/\/www.europesays.com\/fr\/wp-json\/wp\/v2\/media?parent=582756"}],"wp:term":[{"taxonomy":"category","embeddable":true,"href":"https:\/\/www.europesays.com\/fr\/wp-json\/wp\/v2\/categories?post=582756"},{"taxonomy":"post_tag","embeddable":true,"href":"https:\/\/www.europesays.com\/fr\/wp-json\/wp\/v2\/tags?post=582756"}],"curies":[{"name":"wp","href":"https:\/\/api.w.org\/{rel}","templated":true}]}}