{"id":582760,"date":"2025-12-06T19:29:15","date_gmt":"2025-12-06T19:29:15","guid":{"rendered":"https:\/\/www.europesays.com\/fr\/582760\/"},"modified":"2025-12-06T19:29:15","modified_gmt":"2025-12-06T19:29:15","slug":"prouve-par-218-etudes-cette-activite-que-tres-peu-osent-pratiquer-booste-le-moral-comme-jamais","status":"publish","type":"post","link":"https:\/\/www.europesays.com\/fr\/582760\/","title":{"rendered":"Prouv\u00e9 par 218 \u00e9tudes : cette activit\u00e9, que tr\u00e8s peu osent pratiquer, booste le moral comme jamais"},"content":{"rendered":"<p itemprop=\"description\">Certaines journ\u00e9es ont besoin d\u2019un petit<br \/>\ngeste simple, qui fait du bien au corps et apaise l\u2019esprit en m\u00eame<br \/>\ntemps.<\/p>\n<p data-start=\"196\" data-end=\"644\">Si on cherche un moyen simple et<br \/>\nagr\u00e9able de se sentir mieux, la solution pourrait bien \u00eatre\u2026 De<br \/>\n<strong>danser<\/strong>. Une <strong>m\u00e9ta-analyse<\/strong> qui a<br \/>\ncompil\u00e9 <strong>218 essais cliniques et 14 000<br \/>\nparticipants<\/strong>, publi\u00e9e en 2024 par le<br \/>\n<strong>British Medical<br \/>\nJournal,<\/strong> montre que <strong>la danse r\u00e9duit les<br \/>\nsympt\u00f4mes d\u00e9pressifs<\/strong> plus efficacement que la marche, le<br \/>\n<a href=\"https:\/\/www.bibamagazine.fr\/beaute\/minceur\/ventre-plat-posture-douce-yoga-plus-efficace-faire-100-abdominaux-491381.html\" target=\"_blank\" rel=\"noopener\">yoga<\/a>, la musculation et m\u00eame<br \/>\ncertains antid\u00e9presseurs. Eh oui, lire cela donne s\u00e9rieusement<br \/>\nenvie de se laisser aller sur le rythme.<\/p>\n<p>Pourquoi la danse fait du bien<br \/>\nau moral<\/p>\n<p data-start=\"273\" data-end=\"950\">La <strong>danse<\/strong>, ce<br \/>\nn\u2019est pas seulement bouger pour le plaisir des yeux. Selon l\u2019\u00e9tude,<br \/>\nelle agit comme un vrai <strong>coup de pouce pour le<br \/>\nmoral<\/strong> gr\u00e2ce \u00e0 plusieurs m\u00e9canismes simples mais efficaces.<br \/>\n<strong>Anticiper la m\u00e9lodie stimule la dopamine,<\/strong> cette<br \/>\nhormone qui nous donne un petit regain <strong>d\u2019\u00e9nergie<\/strong><br \/>\net de <strong>motivation<\/strong>, un peu comme un souffle qui<br \/>\npousse \u00e0 se lancer. Bouger, tourner, se laisser porter par le<br \/>\nrythme <strong>d\u00e9clenche les endorphines<\/strong>, ces fameuses<br \/>\nhormones qui font <strong>dispara\u00eetre le <a href=\"https:\/\/www.bibamagazine.fr\/lifestyle\/voyages\/ciao-stress-ville-plus-paisible-monde-477747.html\" target=\"_blank\" rel=\"noopener\">stress<\/a><\/strong> et apportent une<br \/>\n<strong>sensation de bien-\u00eatre imm\u00e9diate<\/strong>. Et<br \/>\n<strong>danser \u00e0 plusieurs ?<\/strong> L\u00e0,<br \/>\n<strong>l\u2019ocytocine<\/strong> entre en jeu, cette hormone qui<br \/>\n<strong>renforce le lien social<\/strong> et fait sentir que l\u00a0\u00bbon<br \/>\nn\u2019est pas seul dans la pi\u00e8ce.<\/p>\n<p data-start=\"952\" data-end=\"1447\">En combinant ces trois effets \u2013<br \/>\n<strong>dopamine, endorphines, ocytocine<\/strong> \u2013 <strong>la<br \/>\ndanse am\u00e9liore l\u2019humeur, r\u00e9duit l\u2019anxi\u00e9t\u00e9<\/strong> et donne ce<br \/>\npetit <strong>sentiment de l\u00e9g\u00e8ret\u00e9<\/strong> que l&rsquo;on aime tous<br \/>\nretrouver. Comme le souligne <strong>Michael Noetel, auteur<br \/>\nprincipal de l\u2019\u00e9tude<\/strong> : \u00ab Entre l&rsquo;activit\u00e9 physique,<br \/>\nl&rsquo;interaction sociale et l\u2019apport de la musique, je ne suis pas<br \/>\nsurpris que la danse ait donn\u00e9 de bons r\u00e9sultats. \u00bb Et<br \/>\nhonn\u00eatement, apr\u00e8s tout cela, m\u00eame quelques pas sur sa <a href=\"https:\/\/www.bibamagazine.fr\/culture\/musique\/chanson-annees-1960-bonheur-etude-424275.html\" target=\"_blank\" rel=\"noopener\">chanson<\/a> pr\u00e9f\u00e9r\u00e9e semblent<br \/>\npresque indispensables.<\/p>\n<p>Les<br \/>\nautres bienfaits de la danse selon l\u2019\u00e9tude<\/p>\n<p data-start=\"190\" data-end=\"690\">La <strong>danse<\/strong> ne se<br \/>\nlimite pas \u00e0 <strong>booster le moral<\/strong>, c\u2019est aussi un vrai<br \/>\n<a href=\"https:\/\/www.bibamagazine.fr\/lifestyle\/sport\/jusqua-1000-calories-par-seance-oubliez-la-marche-ce-sport-est-parfait-pour-perdre-du-poids-494982.html\" target=\"_blank\" rel=\"noopener\">sport<\/a> complet. Elle fait<br \/>\n<strong>travailler le cardio, am\u00e9liore l\u2019\u00e9quilibre<\/strong>,<br \/>\n<strong>renforce la posture, affine la coordination<\/strong> et<br \/>\n<strong>sollicite les muscles profonds<\/strong>\u2026 Et tout cela sans<br \/>\naucune pression de performance. Pas besoin de suivre un programme<br \/>\nstrict ou de compter les r\u00e9p\u00e9titions : selon <strong>Michael<br \/>\nNoetel,<\/strong> ce qui fait vraiment la diff\u00e9rence, c\u2019est<br \/>\nl\u2019intensit\u00e9 du mouvement, la musique qui nous emporte et, surtout,<br \/>\nle plaisir que l&rsquo;on prend \u00e0 bouger.<\/p>\n<p data-start=\"692\" data-end=\"1277\">Mais le plus int\u00e9ressant reste<br \/>\nsans doute ce c\u00f4t\u00e9 <strong>\u00ab expression de soi \u00bb.<\/strong> La<br \/>\n<strong>danse<\/strong> permet de retrouver un espace pour exprimer<br \/>\nce que la <a href=\"https:\/\/www.bibamagazine.fr\/lifestyle\/psycho\/ce-regime-minceur-mythique-serait-surtout-le-secret-cache-pour-vaincre-la-depression-selon-la-science-483342.html\" target=\"_blank\" rel=\"noopener\">d\u00e9pression<\/a> a tendance \u00e0<br \/>\n\u00e9touffer. Les gestes deviennent un langage \u00e0 part enti\u00e8re : on peut<br \/>\n<strong>traduire en mouvements des \u00e9motions compliqu\u00e9es<\/strong>,<br \/>\n<strong>se lib\u00e9rer de tensions accumul\u00e9es<\/strong> et<br \/>\n<strong>reconnecter avec ce qui nous d\u00e9finit vraiment.<\/strong><br \/>\nC\u2019est un peu comme si, le temps d\u2019une chanson, on avait la<br \/>\npermission de laisser parler notre corps et notre humeur, sans<br \/>\njugement ni contrainte. Et ce petit m\u00e9lange de bien-\u00eatre physique<br \/>\net \u00e9motionnel, il n\u2019a pas de prix.<\/p>\n","protected":false},"excerpt":{"rendered":"Certaines journ\u00e9es ont besoin d\u2019un petit geste simple, qui fait du bien au corps et apaise l\u2019esprit en&hellip;\n","protected":false},"author":2,"featured_media":582761,"comment_status":"","ping_status":"","sticky":false,"template":"","format":"standard","meta":{"footnotes":""},"categories":[10],"tags":[930,69635,12408,61156,3477,1993,1283,1011,27,72,5776,9346,69636,5912,27233,69637,59496,746,71,933],"class_list":{"0":"post-582760","1":"post","2":"type-post","3":"status-publish","4":"format-standard","5":"has-post-thumbnail","7":"category-sante","8":"tag-le","9":"tag-69635","10":"tag-activite","11":"tag-booste","12":"tag-cette","13":"tag-comme","14":"tag-etudes","15":"tag-fr","16":"tag-france","17":"tag-health","18":"tag-jamais","19":"tag-moral","20":"tag-osent","21":"tag-par","22":"tag-peu","23":"tag-pratiquer","24":"tag-prouve","25":"tag-que","26":"tag-sante","27":"tag-tres"},"share_on_mastodon":{"url":"https:\/\/pubeurope.com\/@fr\/115674281812883268","error":""},"_links":{"self":[{"href":"https:\/\/www.europesays.com\/fr\/wp-json\/wp\/v2\/posts\/582760","targetHints":{"allow":["GET"]}}],"collection":[{"href":"https:\/\/www.europesays.com\/fr\/wp-json\/wp\/v2\/posts"}],"about":[{"href":"https:\/\/www.europesays.com\/fr\/wp-json\/wp\/v2\/types\/post"}],"author":[{"embeddable":true,"href":"https:\/\/www.europesays.com\/fr\/wp-json\/wp\/v2\/users\/2"}],"replies":[{"embeddable":true,"href":"https:\/\/www.europesays.com\/fr\/wp-json\/wp\/v2\/comments?post=582760"}],"version-history":[{"count":0,"href":"https:\/\/www.europesays.com\/fr\/wp-json\/wp\/v2\/posts\/582760\/revisions"}],"wp:featuredmedia":[{"embeddable":true,"href":"https:\/\/www.europesays.com\/fr\/wp-json\/wp\/v2\/media\/582761"}],"wp:attachment":[{"href":"https:\/\/www.europesays.com\/fr\/wp-json\/wp\/v2\/media?parent=582760"}],"wp:term":[{"taxonomy":"category","embeddable":true,"href":"https:\/\/www.europesays.com\/fr\/wp-json\/wp\/v2\/categories?post=582760"},{"taxonomy":"post_tag","embeddable":true,"href":"https:\/\/www.europesays.com\/fr\/wp-json\/wp\/v2\/tags?post=582760"}],"curies":[{"name":"wp","href":"https:\/\/api.w.org\/{rel}","templated":true}]}}