{"id":582764,"date":"2025-12-06T19:32:11","date_gmt":"2025-12-06T19:32:11","guid":{"rendered":"https:\/\/www.europesays.com\/fr\/582764\/"},"modified":"2025-12-06T19:32:11","modified_gmt":"2025-12-06T19:32:11","slug":"telethon-2025-la-premiere-fois-que-ca-arrive-la-chanteuse-santa-signe-un-don-colossal-pour-aider-la-recherche","status":"publish","type":"post","link":"https:\/\/www.europesays.com\/fr\/582764\/","title":{"rendered":"T\u00e9l\u00e9thon 2025\u00a0: \u00ab\u00a0La premi\u00e8re fois que \u00e7a arrive\u00a0\u00bb, la chanteuse Santa signe un don colossal pour aider la recherche"},"content":{"rendered":"<p>\n                                                                La chanteuse Santa, marraine du T\u00e9l\u00e9thon 2025, a marqu\u00e9 l\u2019ouverture de la 39e \u00e9dition vendredi soir en annon\u00e7ant un don personnel de 99\u00a0999\u00a0euros, un montant in\u00e9dit dans l\u2019histoire de l\u2019\u00e9v\u00e9nement caritatif.\n                            <\/p>\n<p data-reader-unique-id=\"2\">\u00ab\u00a0C\u2019est un truc qui ne s\u2019est jamais produit dans toute l\u2019histoire du T\u00e9l\u00e9thon\u00a0\u00bb. La chanteuse Santa, marraine du T\u00e9l\u00e9thon 2025, vient de signer un ch\u00e8que d\u2019un montant historique\u00a0en faveur de la lutte contre la myopathie et autres maladies g\u00e9n\u00e9tiques.<\/p>\n<p>Un don historique<\/p>\n<p data-reader-unique-id=\"2\">Ce vendredi 5\u00a0d\u00e9cembre lors du lancement de la 39e \u00e9dition du T\u00e9l\u00e9thon, <a href=\"https:\/\/www.midilibre.fr\/2025\/07\/20\/un-ouragan-aux-arenes-la-chanteuse-santa-absolument-renversante-au-festival-de-nimes-12835369.php\" target=\"_self\" rel=\"noopener\">la chanteuse\u00a0Santa<\/a> a cr\u00e9\u00e9 la surprise sur le plateau de France T\u00e9l\u00e9vision en signant un ch\u00e8que \u00e0 cinq chiffres\u00a0: \u00ab\u00a0Notre marraine est une petite cachotti\u00e8re. Santa a un c\u0153ur absolument \u00e9norme\u00a0\u00bb, a d\u2019abord annonc\u00e9 le pr\u00e9sentateur Cyril F\u00e9raud.<\/p>\n<p data-reader-unique-id=\"2\">\u00ab\u00a0Son chiffre pr\u00e9f\u00e9r\u00e9, c\u2019est le 9. Sachez que Santa, pour ce 39e T\u00e9l\u00e9thon offre elle-m\u00eame 99\u00a0999\u00a0euros au T\u00e9l\u00e9thon, a-t-il poursuivi sous un tonnerre d\u2019applaudissements. Le chiffre est in\u00e9dit, ce que confirme Sophie Davant qui n\u2019avait jamais vu \u00e7a\u00a0: \u00ab\u00a0C\u2019est la premi\u00e8re fois que \u00e7a arrive\u00a0\u00bb.<\/p>\n<p>\u00ab\u00a0Humblement, je mets ma pierre \u00e0 l\u2019\u00e9difice\u00a0\u00bb<\/p>\n<p data-reader-unique-id=\"47\">Pour <a href=\"https:\/\/www.midilibre.fr\/2025\/11\/25\/vitaa-et-slimane-absents-au-telethon-a-cause-de-la-chanteuse-santa-france-televisions-reagit-aux-allegations-mensongeres-de-cyril-hanouna-13073556.php\" target=\"_self\" rel=\"noopener\">Santa<\/a> le 9 est \u00ab\u00a0le chiffre de l\u2019espoir\u00a0\u00bb. La chanteuse se dit pourtant \u00ab\u00a0frustr\u00e9e\u00a0\u00bb de ne pas donner plus pour le programme expliquant avoir pris sur \u00ab\u00a0les b\u00e9n\u00e9fices de sa tourn\u00e9e\u00a0\u00bb.<\/p>\n<p data-reader-unique-id=\"57\">Et d\u2019ajouter\u00a0: \u00ab\u00a0Humblement, je mets ma pierre \u00e0 l\u2019\u00e9difice parce que je crois en la recherche et je crois vraiment en l\u2019envie que vous portez tous dans vos c\u0153urs\u00a0\u00bb.<\/p>\n","protected":false},"excerpt":{"rendered":"La chanteuse Santa, marraine du T\u00e9l\u00e9thon 2025, a marqu\u00e9 l\u2019ouverture de la 39e \u00e9dition vendredi soir en annon\u00e7ant&hellip;\n","protected":false},"author":2,"featured_media":582765,"comment_status":"","ping_status":"","sticky":false,"template":"","format":"standard","meta":{"footnotes":""},"categories":[8],"tags":[1111,58,59,1011,27,1857,1932],"class_list":{"0":"post-582764","1":"post","2":"type-post","3":"status-publish","4":"format-standard","5":"has-post-thumbnail","7":"category-divertissement","8":"tag-actu","9":"tag-divertissement","10":"tag-entertainment","11":"tag-fr","12":"tag-france","13":"tag-sociu00e9tu00e9","14":"tag-solidaritu00e9"},"share_on_mastodon":{"url":"https:\/\/pubeurope.com\/@fr\/115674293572895832","error":""},"_links":{"self":[{"href":"https:\/\/www.europesays.com\/fr\/wp-json\/wp\/v2\/posts\/582764","targetHints":{"allow":["GET"]}}],"collection":[{"href":"https:\/\/www.europesays.com\/fr\/wp-json\/wp\/v2\/posts"}],"about":[{"href":"https:\/\/www.europesays.com\/fr\/wp-json\/wp\/v2\/types\/post"}],"author":[{"embeddable":true,"href":"https:\/\/www.europesays.com\/fr\/wp-json\/wp\/v2\/users\/2"}],"replies":[{"embeddable":true,"href":"https:\/\/www.europesays.com\/fr\/wp-json\/wp\/v2\/comments?post=582764"}],"version-history":[{"count":0,"href":"https:\/\/www.europesays.com\/fr\/wp-json\/wp\/v2\/posts\/582764\/revisions"}],"wp:featuredmedia":[{"embeddable":true,"href":"https:\/\/www.europesays.com\/fr\/wp-json\/wp\/v2\/media\/582765"}],"wp:attachment":[{"href":"https:\/\/www.europesays.com\/fr\/wp-json\/wp\/v2\/media?parent=582764"}],"wp:term":[{"taxonomy":"category","embeddable":true,"href":"https:\/\/www.europesays.com\/fr\/wp-json\/wp\/v2\/categories?post=582764"},{"taxonomy":"post_tag","embeddable":true,"href":"https:\/\/www.europesays.com\/fr\/wp-json\/wp\/v2\/tags?post=582764"}],"curies":[{"name":"wp","href":"https:\/\/api.w.org\/{rel}","templated":true}]}}