{"id":582766,"date":"2025-12-06T19:33:14","date_gmt":"2025-12-06T19:33:14","guid":{"rendered":"https:\/\/www.europesays.com\/fr\/582766\/"},"modified":"2025-12-06T19:33:14","modified_gmt":"2025-12-06T19:33:14","slug":"la-selection-des-beaux-livres-scientifiques-a-mettre-sous-le-sapin","status":"publish","type":"post","link":"https:\/\/www.europesays.com\/fr\/582766\/","title":{"rendered":"La s\u00e9lection des beaux livres scientifiques \u00e0 mettre sous le sapin"},"content":{"rendered":"\n<p class=\"article__paragraph  \">La r\u00e9daction du cahier \u00ab\u00a0Science &amp;\u00a0m\u00e9decine\u00a0\u00bb du Monde vous conseille onze beaux livres, issus de toutes les disciplines, pour faire aussi des r\u00e9veillons un festin du savoir. Au menu notamment\u00a0: de la zoologie, de la cartographie c\u00e9leste et un almanach scientifique pour les enfants.<\/p>\n<p>           Ce que la g\u00e9om\u00e9trie du vivant nous r\u00e9v\u00e8le                     <img loading=\"lazy\" decoding=\"async\" src=\"https:\/\/www.europesays.com\/fr\/wp-content\/uploads\/2025\/12\/b16db63_upload-1-5ge2fizwkwyw-les-formes-de-la-nature-david-maitland1.jpg\" alt=\"\"   width=\"664\" height=\"443\"\/>      ULMER                 <\/p>\n<p class=\"article__paragraph  \">Esprits curieux, pr\u00e9cipitez-vous\u00a0! Le zoologiste et photographe multiprim\u00e9 David Maitland partage sa fascination pour les d\u00e9tails de la nature dans un ouvrage profond et superbement illustr\u00e9, \u00e0 savourer dans un large fauteuil pour ne rater aucune page. Ses exp\u00e9ditions naturalistes, bourr\u00e9es d\u2019anecdotes et racont\u00e9es avec simplicit\u00e9 et humour, l\u00e9gendent pr\u00e8s de 150 clich\u00e9s d\u00e9voilant la g\u00e9om\u00e9trie cach\u00e9e du vivant. Ainsi l\u2019\u00e9caille de mulet blanc qui ressemble \u00e0 une porcelaine japonaise de type Raku ou la section transversale d\u2019une tige de roseau commun (photo de la couverture du livre) qui dessine une spirale d\u2019Archim\u00e8de presque parfaite. \u00ab\u00a0Au fil des ann\u00e9es pass\u00e9es \u00e0 \u00e9tudier et \u00e0 documenter la nature, j\u2019ai v\u00e9cu de nombreux moments magiques\u00a0\u00bb, explique-t-il. La rainette aux yeux rouges qu\u2019il a surprise dans une fleur de lune en est un.<\/p>\n<p class=\"catcher__desc\">Les Formes de la nature, de David Maitland (Ulmer, 288\u00a0p., 40\u00a0\u20ac)<\/p>\n<p>            Aventures d\u2019un chat en libert\u00e9                     <img loading=\"lazy\" decoding=\"async\" src=\"https:\/\/www.europesays.com\/fr\/wp-content\/uploads\/2025\/12\/0c685aa_upload-1-9a6iicnpjdca-le-chat-co-te-sauvage-joe-l-brunet-et-franc-ois-le-ger-salamandre1.jpg\" alt=\"\"   width=\"664\" height=\"443\"\/>      SALAMANDRE                 <\/p>\n<p class=\"article__paragraph  \">F\u00e9lin discret parcourant les for\u00eats d\u2019Europe depuis des mill\u00e9naires, le chat forestier fut longtemps pr\u00e9sent\u00e9 comme \u00ab\u00a0gigantesque\u00a0\u00bb et \u00ab\u00a0diaboliquement vorace\u00a0\u00bb avant d\u2019\u00eatre s\u00e9rieusement \u00e9tudi\u00e9 par des universitaires dans les ann\u00e9es 1960. Deux naturalistes passionn\u00e9s lui donnent, dans ce livre richement illustr\u00e9, un superbe \u00e9crin. On le d\u00e9couvre, au fil des saisons, muloter pour se nourrir, tenter d\u2019\u00e9viter son pr\u00e9dateur le renard, chercher abri sous un vieux ch\u00eane enneig\u00e9 et m\u00eame rencontrer des vaches\u00a0! Une vie de libert\u00e9 qui est cependant trois fois plus courte que celle de son cousin domestique.<\/p>\n<p class=\"reading-mode-only \"><strong>Il vous reste 76.63% de cet article \u00e0 lire. La suite est r\u00e9serv\u00e9e aux abonn\u00e9s.<\/strong><\/p>\n","protected":false},"excerpt":{"rendered":"La r\u00e9daction du cahier \u00ab\u00a0Science &amp;\u00a0m\u00e9decine\u00a0\u00bb du Monde vous conseille onze beaux livres, issus de toutes les disciplines,&hellip;\n","protected":false},"author":2,"featured_media":582767,"comment_status":"","ping_status":"","sticky":false,"template":"","format":"standard","meta":{"footnotes":""},"categories":[7],"tags":[1011,27,43,40,41,39,42,44],"class_list":{"0":"post-582766","1":"post","2":"type-post","3":"status-publish","4":"format-standard","5":"has-post-thumbnail","7":"category-sciences-et-technologies","8":"tag-fr","9":"tag-france","10":"tag-science","11":"tag-science-and-technology","12":"tag-sciences","13":"tag-sciences-et-technologies","14":"tag-technologies","15":"tag-technology"},"share_on_mastodon":{"url":"https:\/\/pubeurope.com\/@fr\/115674299226082184","error":""},"_links":{"self":[{"href":"https:\/\/www.europesays.com\/fr\/wp-json\/wp\/v2\/posts\/582766","targetHints":{"allow":["GET"]}}],"collection":[{"href":"https:\/\/www.europesays.com\/fr\/wp-json\/wp\/v2\/posts"}],"about":[{"href":"https:\/\/www.europesays.com\/fr\/wp-json\/wp\/v2\/types\/post"}],"author":[{"embeddable":true,"href":"https:\/\/www.europesays.com\/fr\/wp-json\/wp\/v2\/users\/2"}],"replies":[{"embeddable":true,"href":"https:\/\/www.europesays.com\/fr\/wp-json\/wp\/v2\/comments?post=582766"}],"version-history":[{"count":0,"href":"https:\/\/www.europesays.com\/fr\/wp-json\/wp\/v2\/posts\/582766\/revisions"}],"wp:featuredmedia":[{"embeddable":true,"href":"https:\/\/www.europesays.com\/fr\/wp-json\/wp\/v2\/media\/582767"}],"wp:attachment":[{"href":"https:\/\/www.europesays.com\/fr\/wp-json\/wp\/v2\/media?parent=582766"}],"wp:term":[{"taxonomy":"category","embeddable":true,"href":"https:\/\/www.europesays.com\/fr\/wp-json\/wp\/v2\/categories?post=582766"},{"taxonomy":"post_tag","embeddable":true,"href":"https:\/\/www.europesays.com\/fr\/wp-json\/wp\/v2\/tags?post=582766"}],"curies":[{"name":"wp","href":"https:\/\/api.w.org\/{rel}","templated":true}]}}