{"id":582768,"date":"2025-12-06T19:34:13","date_gmt":"2025-12-06T19:34:13","guid":{"rendered":"https:\/\/www.europesays.com\/fr\/582768\/"},"modified":"2025-12-06T19:34:13","modified_gmt":"2025-12-06T19:34:13","slug":"elon-musk-appelle-a-abolir-lunion-europeenne-apres-lamende-de-120-millions-deuros-infligee-au-reseau-x","status":"publish","type":"post","link":"https:\/\/www.europesays.com\/fr\/582768\/","title":{"rendered":"Elon Musk appelle \u00e0\u00a0\u00ab\u00a0abolir\u00a0\u00bb l\u2019Union europ\u00e9enne apr\u00e8s l\u2019amende de\u00a0120\u00a0millions d\u2019euros inflig\u00e9e au\u00a0r\u00e9seau\u00a0X"},"content":{"rendered":"\n<p class=\"article__paragraph  \">Elon Musk n\u2019a pas appr\u00e9ci\u00e9 l\u2019amende de 120\u00a0millions d\u2019euros inflig\u00e9e, vendredi, par la Commission europ\u00e9enne au r\u00e9seau social X, dont il est le dirigeant. Selon l\u2019ex\u00e9cutif europ\u00e9en, le r\u00e9seau a enfreint plusieurs r\u00e8gles de la loi sur les services num\u00e9riques (Digital Services Act, DSA).<\/p>\n<p>                                       Lire aussi |  Article r\u00e9serv\u00e9 \u00e0 nos abonn\u00e9s  <a href=\"https:\/\/www.lemonde.fr\/economie\/article\/2025\/12\/05\/la-commission-inflige-une-amende-de-120-millions-d-euros-au-reseau-x_6656113_3234.html\" class=\"js-article-read-also catcher--favoris__link\" data-premium=\"1\" id=\"article-title-3449751\" target=\"_blank\" rel=\"noopener\">La Commission europ\u00e9enne inflige une amende de 120\u00a0millions d\u2019euros au r\u00e9seau X<\/a>    <\/p>\n<p>   Lire plus tard  <\/p>\n<p class=\"article__paragraph  \">\u00ab\u00a0L\u2019Union europ\u00e9enne (UE) devrait \u00eatre abolie et la souverainet\u00e9 rendue aux pays, afin que les gouvernements puissent mieux repr\u00e9senter leurs citoyens\u00a0\u00bb, a r\u00e9agi l\u2019entrepreneur samedi sur son r\u00e9seau social.<\/p>\n<p class=\"article__paragraph  \">\u00ab\u00a0L\u2019UE a inflig\u00e9 cette amende d\u00e9raisonnable non seulement \u00e0 X, mais aussi \u00e0 moi personnellement, a poursuivi Elon Musk sur X. J\u2019aime l\u2019Europe, mais pas le monstre bureaucratique qu\u2019est l\u2019UE.\u00a0\u00bb \u00ab\u00a0Les commissaires \u201cwoke\u201d de la Stasi [police politique de l\u2019ex-RDA] de l\u2019UE sont sur le point de comprendre toute la signification de l\u2019effet Streisand\u00a0\u00bb, a-t-il rench\u00e9ri, en r\u00e9f\u00e9rence \u00e0 ce ph\u00e9nom\u00e8ne qui veut qu\u2019une information devienne de plus en plus visible \u00e0 mesure qu\u2019on tente de la censurer.<\/p>\n<p class=\"article__paragraph  \">L\u2019entrepreneur n\u2019est pas le seul \u00e0 avoir r\u00e9agi outre-Atlantique. \u00ab\u00a0L\u2019amende inflig\u00e9e par la Commission europ\u00e9enne n\u2019est pas seulement une attaque contre X, c\u2019est une attaque contre toutes les plateformes technologiques am\u00e9ricaines et le peuple am\u00e9ricain par des gouvernements \u00e9trangers\u00a0\u00bb, a ainsi d\u00e9nonc\u00e9 le chef de la diplomatie am\u00e9ricaine, Marco Rubio.<\/p>\n<p class=\"article__paragraph  \">Plusieurs repr\u00e9sentants et diplomates europ\u00e9ens ont, en revanche, pris la parole pour d\u00e9fendre l\u2019Union europ\u00e9enne. \u00ab\u00a0L\u2019internationale r\u00e9actionnaire a beau s\u2019\u00e9poumoner, nous ne nous laisserons pas intimider, a ainsi r\u00e9agi le ministre des affaires \u00e9trang\u00e8res fran\u00e7ais, Jean-No\u00ebl Barrot. Chez nous, la transparence s\u2019impose aux grandes plateformes. La r\u00e8gle est la m\u00eame pour tous. TikTok l\u2019a accept\u00e9e, X l\u2019a refus\u00e9e. La Commission europ\u00e9enne a s\u00e9vi, elle a bien fait. Et ce n\u2019est que le d\u00e9but\u00a0\u00bb.<\/p>\n<p class=\"author__detail\">  Le Monde  <\/p>\n<p>                <a href=\"https:\/\/www.lemonde.fr\/syndication\/\" class=\"reuse__content\" title=\"R\u00e9utiliser ce contenu\" target=\"_blank\" rel=\"noopener\">R\u00e9utiliser ce contenu<\/a>      <\/p>\n","protected":false},"excerpt":{"rendered":"Elon Musk n\u2019a pas appr\u00e9ci\u00e9 l\u2019amende de 120\u00a0millions d\u2019euros inflig\u00e9e, vendredi, par la Commission europ\u00e9enne au r\u00e9seau social&hellip;\n","protected":false},"author":2,"featured_media":582769,"comment_status":"","ping_status":"","sticky":false,"template":"","format":"standard","meta":{"footnotes":""},"categories":[6],"tags":[35,33,34,1011,27],"class_list":{"0":"post-582768","1":"post","2":"type-post","3":"status-publish","4":"format-standard","5":"has-post-thumbnail","7":"category-economie","8":"tag-business","9":"tag-economie","10":"tag-economy","11":"tag-fr","12":"tag-france"},"share_on_mastodon":{"url":"https:\/\/pubeurope.com\/@fr\/115674301461860506","error":""},"_links":{"self":[{"href":"https:\/\/www.europesays.com\/fr\/wp-json\/wp\/v2\/posts\/582768","targetHints":{"allow":["GET"]}}],"collection":[{"href":"https:\/\/www.europesays.com\/fr\/wp-json\/wp\/v2\/posts"}],"about":[{"href":"https:\/\/www.europesays.com\/fr\/wp-json\/wp\/v2\/types\/post"}],"author":[{"embeddable":true,"href":"https:\/\/www.europesays.com\/fr\/wp-json\/wp\/v2\/users\/2"}],"replies":[{"embeddable":true,"href":"https:\/\/www.europesays.com\/fr\/wp-json\/wp\/v2\/comments?post=582768"}],"version-history":[{"count":0,"href":"https:\/\/www.europesays.com\/fr\/wp-json\/wp\/v2\/posts\/582768\/revisions"}],"wp:featuredmedia":[{"embeddable":true,"href":"https:\/\/www.europesays.com\/fr\/wp-json\/wp\/v2\/media\/582769"}],"wp:attachment":[{"href":"https:\/\/www.europesays.com\/fr\/wp-json\/wp\/v2\/media?parent=582768"}],"wp:term":[{"taxonomy":"category","embeddable":true,"href":"https:\/\/www.europesays.com\/fr\/wp-json\/wp\/v2\/categories?post=582768"},{"taxonomy":"post_tag","embeddable":true,"href":"https:\/\/www.europesays.com\/fr\/wp-json\/wp\/v2\/tags?post=582768"}],"curies":[{"name":"wp","href":"https:\/\/api.w.org\/{rel}","templated":true}]}}