{"id":582783,"date":"2025-12-06T19:43:21","date_gmt":"2025-12-06T19:43:21","guid":{"rendered":"https:\/\/www.europesays.com\/fr\/582783\/"},"modified":"2025-12-06T19:43:21","modified_gmt":"2025-12-06T19:43:21","slug":"cest-de-la-politique-mignoni-fulmine-apres-le-forfait-dollivon","status":"publish","type":"post","link":"https:\/\/www.europesays.com\/fr\/582783\/","title":{"rendered":"\u00ab c&rsquo;est de la politique \u00bb, Mignoni fulmine apr\u00e8s le forfait d&rsquo;Ollivon"},"content":{"rendered":"<p>\u00c0 peine revenu de son aventure avec le XV de France, Charles Ollivon esp\u00e9rait retrouver les terrains d\u00e8s ce week-end. Victime d\u2019une commotion face \u00e0 l\u2019Australie le 22 novembre, le troisi\u00e8me-ligne toulonnais avait suivi le protocole m\u00e9dical impos\u00e9. Il a respect\u00e9 la p\u00e9riode de repos et repris l\u2019entra\u00eenement en d\u00e9but de semaine. Sauf qu&rsquo;un avis ext\u00e9rieur est venu bouleverser les plans pour le staff dirig\u00e9 par Pierre Mignoni et lui.<\/p>\n<p>\u00a0<\/p>\n<p>Le joueur du RC Toulon ne sera pas du d\u00e9placement \u00e0 \u00c9dimbourg dimanche pour la premi\u00e8re journ\u00e9e de la Coupe des champions. Pierre Mignoni n\u2019a pas cach\u00e9 son d\u00e9sarroi. Le manager du RCT a confirm\u00e9 que son joueur avait \u00e9t\u00e9 \u00ab sorti de l\u2019\u00e9quipe \u00bb apr\u00e8s un dernier test m\u00e9dical r\u00e9alis\u00e9 mercredi en visioconf\u00e9rence. Il a aussi rappel\u00e9 que Charles Ollivon avait repris normalement et se disait lui-m\u00eame pr\u00eat \u00e0 jouer. Pour lui, nul doute que le protocole avait \u00e9t\u00e9 respect\u00e9 \u00e0 la lettre.<\/p>\n<p>\u00a0<\/p>\n<p>Le verdict m\u00e9dical qui fait d\u00e9bat<\/p>\n<blockquote>\n<p>\u00ab On a suivi le protocole de reprise de Charles Ollivon apr\u00e8s sa commotion, qui n&rsquo;avait pas \u00e9t\u00e9 d\u00e9tect\u00e9e tout de suite. Nous avons pris le relais, nous l&rsquo;avons remis sur pied et il \u00e9tait 100 % apte \u00e0 s&rsquo;entra\u00eener et le joueur lui-m\u00eame disait qu&rsquo;il \u00e9tait pr\u00eat \u00e0 jouer. C&rsquo;\u00e9tait un protocole commotion malheureusement classique. Un m\u00e9decin ext\u00e9rieur doit aussi valider la reprise du joueur. Cette personne-l\u00e0 a dit non. Elle doit certainement avoir des raisons, elle a certainement raison. Mais \u00e0 partir du moment o\u00f9 il est apte, je consid\u00e8re que c&rsquo;est de la politique \u00bb, a l\u00e2ch\u00e9 Mignoni, laissant transpara\u00eetre son agacement face \u00e0 une situation qu\u2019il juge paradoxale.<\/p>\n<\/blockquote>\n<p>\u00a0<\/p>\n<p>L\u2019ancien demi de m\u00eal\u00e9e a tenu \u00e0 rappeler l\u2019essentiel. La sant\u00e9 du joueur reste prioritaire. \u00ab La commotion est un vrai sujet, il est hors de question de faire jouer quelqu\u2019un qui n\u2019est pas \u00e0 100 % \u00bb, reconna\u00eet-il. Priv\u00e9 de son leader de troisi\u00e8me ligne, Toulon devra composer sans Ollivon pour ce choc europ\u00e9en en \u00c9cosse. Une absence qui p\u00e8se lourd, tant le joueur incarne un rep\u00e8re dans le collectif varois. Pour Mignoni, ce forfait illustre les limites d\u2019un protocole qui, s\u2019il prot\u00e8ge, peut aussi frustrer ceux qui se sentent pr\u00eats \u00e0 reprendre le combat.<\/p>\n<p>Partagez cette info avec vos amis et vos proches en cliquant ici<br \/>Pour r\u00e9sumer<\/p>\n<p>Victime d\u2019une commotion face \u00e0 l\u2019Australie, Charles Ollivon ne jouera pas \u00e0 \u00c9dimbourg. D\u00e9clar\u00e9 inapte par un m\u00e9decin ind\u00e9pendant malgr\u00e9 son retour \u00e0 l\u2019entra\u00eenement, le troisi\u00e8me-ligne laisse Toulon priv\u00e9 de son leader et Mignoni en col\u00e8re.<\/p>\n<p> <img decoding=\"async\" width=\"76\" height=\"76\" loading=\"lazy\" src=\"https:\/\/www.europesays.com\/fr\/wp-content\/uploads\/2025\/04\/avatar-quinze.png\" alt=\"Voldi Fr\u00e9jus\u00a0Hounvio\"\/><\/p>\n","protected":false},"excerpt":{"rendered":"\u00c0 peine revenu de son aventure avec le XV de France, Charles Ollivon esp\u00e9rait retrouver les terrains d\u00e8s&hellip;\n","protected":false},"author":2,"featured_media":582784,"comment_status":"","ping_status":"","sticky":false,"template":"","format":"standard","meta":{"footnotes":""},"categories":[9619],"tags":[1111,11,3460,1777,674,1011,27,12,882,25,2310],"class_list":{"0":"post-582783","1":"post","2":"type-post","3":"status-publish","4":"format-standard","5":"has-post-thumbnail","7":"category-toulon","8":"tag-actu","9":"tag-actualites","10":"tag-champions-cup","11":"tag-eu","12":"tag-europe","13":"tag-fr","14":"tag-france","15":"tag-news","16":"tag-provence-alpes-cote-dazur","17":"tag-republique-francaise","18":"tag-toulon"},"share_on_mastodon":{"url":"https:\/\/pubeurope.com\/@fr\/115674338579693579","error":""},"_links":{"self":[{"href":"https:\/\/www.europesays.com\/fr\/wp-json\/wp\/v2\/posts\/582783","targetHints":{"allow":["GET"]}}],"collection":[{"href":"https:\/\/www.europesays.com\/fr\/wp-json\/wp\/v2\/posts"}],"about":[{"href":"https:\/\/www.europesays.com\/fr\/wp-json\/wp\/v2\/types\/post"}],"author":[{"embeddable":true,"href":"https:\/\/www.europesays.com\/fr\/wp-json\/wp\/v2\/users\/2"}],"replies":[{"embeddable":true,"href":"https:\/\/www.europesays.com\/fr\/wp-json\/wp\/v2\/comments?post=582783"}],"version-history":[{"count":0,"href":"https:\/\/www.europesays.com\/fr\/wp-json\/wp\/v2\/posts\/582783\/revisions"}],"wp:featuredmedia":[{"embeddable":true,"href":"https:\/\/www.europesays.com\/fr\/wp-json\/wp\/v2\/media\/582784"}],"wp:attachment":[{"href":"https:\/\/www.europesays.com\/fr\/wp-json\/wp\/v2\/media?parent=582783"}],"wp:term":[{"taxonomy":"category","embeddable":true,"href":"https:\/\/www.europesays.com\/fr\/wp-json\/wp\/v2\/categories?post=582783"},{"taxonomy":"post_tag","embeddable":true,"href":"https:\/\/www.europesays.com\/fr\/wp-json\/wp\/v2\/tags?post=582783"}],"curies":[{"name":"wp","href":"https:\/\/api.w.org\/{rel}","templated":true}]}}