{"id":582791,"date":"2025-12-06T19:48:26","date_gmt":"2025-12-06T19:48:26","guid":{"rendered":"https:\/\/www.europesays.com\/fr\/582791\/"},"modified":"2025-12-06T19:48:26","modified_gmt":"2025-12-06T19:48:26","slug":"rouen-est-une-ville-ennuyeuse-elles-ont-donc-lance-des-ateliers-pour-y-remedier","status":"publish","type":"post","link":"https:\/\/www.europesays.com\/fr\/582791\/","title":{"rendered":"\u00ab\u2009Rouen est une ville ennuyeuse\u2009\u00bb, elles ont donc lanc\u00e9 des ateliers pour y rem\u00e9dier"},"content":{"rendered":"<p>                    Par<br \/>\n        <strong><br \/>\n            <a href=\"https:\/\/actu.fr\/auteur\/jessie-leclerc\" title=\"Consulter tous les articles de Jessie Leclerc\" target=\"_blank\" rel=\"noopener\">Jessie Leclerc<\/a><br \/>\n                    <\/strong><\/p>\n<p>        Publi\u00e9 le<\/p>\n<p>            6 d\u00e9c. 2025 \u00e0 17h04        <\/p>\n<p>\u00c0 22\u00a0ans, <strong>Ka\u00efna et Fiona<\/strong> en avaient assez d\u2019entendre la m\u00eame phrase\u2009: \u00ab\u2009Il n\u2019y a rien \u00e0 faire <a href=\"https:\/\/actu.fr\/normandie\/rouen_76540\" target=\"_blank\" rel=\"noopener\">\u00e0 Rouen<\/a>.\u2009\u00bb Amies et grandes adeptes des r\u00e9seaux sociaux elles d\u00e9cident de transformer la plainte en projet. De l\u00e0 <strong>na\u00eet Kazart<\/strong>, une initiative qui veut \u00ab\u2009redynamiser la ville\u2009\u00bb et donner acc\u00e8s \u00e0 la culture sous toutes ses formes. Rencontre.<\/p>\n<p>\u00ab\u2009Rouen est une ville ennuyeuse\u2009\u00bb<\/p>\n<p class=\" wall-content\">Elles sont parties d\u2019un constat\u2009: \u00ab\u2009Rouen est une ville ennuyeuse\u2009\u00bb.<\/p>\n<p class=\" wall-content\">\u00ab\u2009On a remarqu\u00e9 qu\u2019il n\u2019y avait pas \u00e9norm\u00e9ment de choses pour la jeunesse \u00e0 Rouen. Nous, on part tout le temps sur Paris pour se divertir, car <strong>ici on ne trouve rien<\/strong>\u2009\u00bb, d\u00e9plore Ka\u00efna, professeur de danse \u00e0 la MJC et la Maison pour tous de Sotteville-l\u00e8s-Rouen. Fatigu\u00e9es de toujours devoir aller dans la capitale, et faute de solution trouv\u00e9e sur place, les deux amies d\u00e9cident de <strong>cr\u00e9er elles-m\u00eames leur solution\u2009: Kazart<\/strong>.<\/p>\n<p class=\" wall-content\"><a href=\"https:\/\/www.instagram.com\/p\/DPej-auiMfe\/embed\" title=\"Ouvrir le lien sur Instagram\" target=\"_blank\" rel=\"noopener\">Visualiser le contenu sur Instagram<\/a><\/p>\n<p class=\" wall-content\">Kazart, contraction de \u00ab\u2009casa\u2009\u00bb et \u00ab\u2009art\u2009\u00bb signifie litt\u00e9ralement,<strong> \u00ab\u2009la maison de l\u2019art\u2009\u00bb<\/strong>. L\u2019association \u00e0 but non lucratif propose des <strong>ateliers cr\u00e9atifs<\/strong> et culturels pens\u00e9s pour les jeunes\u2009: d\u00e9coration de tote bag ou de coques de t\u00e9l\u00e9phones, peinture, bento cake et bient\u00f4t des <a href=\"https:\/\/actu.fr\/normandie\/rouen_76540\/vous-voulez-apprendre-a-danser-a-rouen-ces-ateliers-sont-ouverts-a-tous-les-niveaux_63390211.html\" target=\"_blank\" rel=\"noopener\">stages de danses<\/a> africaines et hip-hop.<\/p>\n<p class=\" wall-content\">Et les deux cr\u00e9atrices de contenu n\u2019ont rien laiss\u00e9 au hasard. \u00ab\u2009On est parties \u00e0 Lyon et Paris tester ce qui se faisait et on a essay\u00e9 de<strong> voir ce qui pouvait s\u2019appliquer \u00e0 Rouen<\/strong>\u2009\u00bb, d\u00e9crit Fiona, dipl\u00f4m\u00e9e de p\u00e2tisserie.<\/p>\n<p class=\" wall-content\">Elles observent rapidement que l\u2019offre locale est plus limit\u00e9e que dans ces deux grandes villes, mais ne se laissent pas abattre pour autant.<\/p>\n<p>Vid\u00e9os : en ce moment sur ActuDes ateliers dans des restaurants et caf\u00e9s partenaires<\/p>\n<p class=\" wall-content\">Le concept est plut\u00f4t simple. Les filles proposent divers ateliers qu\u2019<strong>elles organisent de A \u00e0 Z<\/strong>, jusqu\u2019\u00e0 l\u2019animation le Jour-J, dans des \u00e9tablissements partenaires. Actuellement, quatre commer\u00e7ants ont accept\u00e9 leur pari un peu fou\u2009: Bubblicious, Gold Beef, <a href=\"https:\/\/actu.fr\/normandie\/rouen_76540\/a-rouen-ce-restaurant-100-annees-90-2000-remplace-une-creperie-historique_62983664.html\" target=\"_blank\" rel=\"noopener\">le Millennial<\/a> et New School Tacos.<\/p>\n<p class=\" wall-content\">Elles s\u2019adaptent \u00e0 chaque lieu et l\u2019\u00e9change profite \u00e0 tous. \u00ab\u2009On ach\u00e8te tout le mat\u00e9riel, les restos n\u2019ont rien \u00e0 faire. De leur c\u00f4t\u00e9 <strong>\u00e7a leur ram\u00e8ne du monde<\/strong>, surtout sur des journ\u00e9es et horaires plus creux\u2009\u00bb, d\u00e9taille Fiona.<\/p>\n<p>Votre r\u00e9gion, votre actu !<\/p>\n<p>Recevez chaque jour les infos qui comptent pour vous.<\/p>\n<p>\t<a href=\"https:\/\/actu.fr\/newsletter\" class=\"ac-btn ac-btn--corner ac-btn--medium ac-btn--blue800\" target=\"_blank\" rel=\"noopener\">S&rsquo;incrire<\/a><\/p>\n<p class=\" wall-content\">Pour chaque animation, il faut compter <strong>une vingtaine d\u2019euros<\/strong> et jusqu\u2019\u00e0 35\u00a0euros pour l\u2019atelier <a href=\"https:\/\/actu.fr\/normandie\/rouen_76540\/apres-la-parfumerie-elle-ouvre-sa-patisserie-a-rouen-inspiree-par-son-ancien-metier_63341433.html\" target=\"_blank\" rel=\"noopener\">Bento cakes<\/a>. \u00ab\u2009C\u2019est un petit co\u00fbt, mais \u00e7a reste raisonnable, \u00e7a nous permet de rembourser le mat\u00e9riel et souvent une boisson est offerte\u2009\u00bb, expliquent les associ\u00e9es.<\/p>\n<p>Cr\u00e9er du lien<\/p>\n<p class=\" wall-content\">Avec leurs ateliers, les Rouennaises visent principalement \u00ab\u2009les 14-29\u00a0ans\u2009\u00bb, avance Fiona. Elles esp\u00e8rent ainsi rassembler et<strong> cr\u00e9er du lien<\/strong>. \u00ab\u2009On cherche aussi \u00e0 ce que les jeunes seuls d\u00e9couvrent Rouen et rencontrent du monde\u2009\u00bb, confie Ka\u00efna.<\/p>\n<p class=\" wall-content\">\u00ab\u2009On a d\u00e9j\u00e0 eu deux filles venues seules et super stress\u00e9es \u00e0 un atelier, qui ont finalement \u00e9t\u00e9 tellement contentes qu\u2019elles ont r\u00e9serv\u00e9 de nouveau la semaine d\u2019apr\u00e8s\u2009\u00bb, se r\u00e9jouit la jeune femme.<\/p>\n<p class=\" wall-content\">Ka\u00efna et Fiona sont persuad\u00e9es d\u2019avoir lanc\u00e9 <strong>un projet qui a du sens<\/strong>. Sur les r\u00e9seaux sociaux, les vues et les likes s\u2019accumulent. D\u00e9j\u00e0 des internautes d\u2019autres villes comment \u00e0 s\u2019y int\u00e9resser. \u00ab\u2009On a m\u00eame eu des messages de gens du\u00a0Havre\u2009\u00bb, s\u2019\u00e9tonne encore Fiona.<\/p>\n<p>Des projets \u00e0 venir<\/p>\n<p class=\" wall-content\">Kazart compte d\u00e9velopper un site web pour faciliter les inscriptions, d\u2019ici la fin de l\u2019ann\u00e9e. Les filles esp\u00e8rent aussi pouvoir <strong>collaborer avec les mairies<\/strong> locales pour continuer de s\u2019\u00e9tendre et m\u00eame organiser des \u00e9v\u00e9nements.<\/p>\n<p class=\" wall-content\">\u00ab\u2009Pourquoi pas inviter des artistes. Certains sont d\u00e9j\u00e0 venus nous voir naturellement. Mais aussi des <a href=\"https:\/\/actu.fr\/normandie\/rouen_76540\/un-jour-une-idee-cadeau-a-rouen-un-accessoire-artisanal-de-creatrices-locales_61911881.html\" target=\"_blank\" rel=\"noopener\">entrepreneurs locaux<\/a> pour montrer ce qu\u2019ils font, avec des ateliers autour, un traiteur et de la musique en fond\u2009\u00bb, d\u00e9taille d\u00e9j\u00e0 Fiona.<\/p>\n<p class=\" wall-content\">Et si les filles ont autant d\u2019id\u00e9es ensemble, c\u2019est parce que leur duo fonctionne tr\u00e8s bien. Il faut dire que les deux amies se sont rencontr\u00e9es au lyc\u00e9e et ne se sont plus jamais quitt\u00e9es.<\/p>\n<p class=\" wall-content\">\u00ab\u2009Pour les ateliers, on est super<strong> compl\u00e9mentaires<\/strong>. Moi je suis cal\u00e9e en p\u00e2tisserie et Ka\u00efna est super dou\u00e9e dans <a href=\"https:\/\/actu.fr\/normandie\/rouen_76540\/nouveau-la-vive-un-atelier-creatif-en-plein-centre-ville-de-rouen_60731358.html\" target=\"_blank\" rel=\"noopener\">tout ce qui est cr\u00e9atif<\/a>\u2009\u00bb, sourit Fiona. \u00ab\u2009Quand on bosse ensemble c\u2019est simple, \u00e7a file tout droit\u2009\u00bb.<\/p>\n<p class=\" wall-content\">Pour participer aux ateliers, les organisatrices publient leur planning sur leurs r\u00e9seaux sociaux. Les r\u00e9servations se font par messages priv\u00e9s.<\/p>\n<p>Retrouvez Kazart sur <a href=\"https:\/\/www.instagram.com\/kazartoff\/\" target=\"_blank\" rel=\"noopener\">Instagram<\/a> et <a href=\"https:\/\/www.tiktok.com\/@kazart.unique\" target=\"_blank\" rel=\"noopener\">TikTok<\/a>.Suivez l\u2019actualit\u00e9 de Rouen <a href=\"https:\/\/www.whatsapp.com\/channel\/0029VaKfnf99hXF2ddApFB1D\" target=\"_blank\" rel=\"noopener\">sur notre cha\u00eene WhatsApp<\/a> et <a href=\"https:\/\/www.tiktok.com\/@76actu.fr?lang=fr\" target=\"_blank\" rel=\"noopener\">sur notre compte TikTok<\/a><\/p>\n<p class=\" wall-content\">Personnalisez votre actualit\u00e9 en ajoutant vos villes et m\u00e9dias en favori avec <a href=\"https:\/\/moncompte.actu.fr\" title=\"D\u00e9couvez Mon Actu\" rel=\"nofollow noopener\" data-trk=\"{&quot;cta&quot;:{&quot;action&quot;:&quot;https:\\\/\\\/moncompte.actu.fr&quot;,&quot;category&quot;:&quot;mon compte&quot;,&quot;from&quot;:&quot;article footer&quot;,&quot;name&quot;:&quot;Mon actu&quot;,&quot;type&quot;:&quot;cta&quot;}}\" target=\"_blank\">Mon Actu<\/a>.<\/p>\n<p>                    <script async src=\"\/\/www.instagram.com\/embed.js\"><\/script><script async src=\"\/\/www.tiktok.com\/embed.js\"><\/script><\/p>\n","protected":false},"excerpt":{"rendered":"Par Jessie Leclerc Publi\u00e9 le 6 d\u00e9c. 2025 \u00e0 17h04 \u00c0 22\u00a0ans, Ka\u00efna et Fiona en avaient assez&hellip;\n","protected":false},"author":2,"featured_media":582792,"comment_status":"","ping_status":"","sticky":false,"template":"","format":"standard","meta":{"footnotes":""},"categories":[9587],"tags":[1111,11,9086,1777,674,1011,27,1757,1652,12,5161,25,938,9590],"class_list":{"0":"post-582791","1":"post","2":"type-post","3":"status-publish","4":"format-standard","5":"has-post-thumbnail","7":"category-rouen","8":"tag-actu","9":"tag-actualites","10":"tag-bon-plan-a-rouen","11":"tag-eu","12":"tag-europe","13":"tag-fr","14":"tag-france","15":"tag-insolite","16":"tag-loisirs-culture","17":"tag-news","18":"tag-normandie","19":"tag-republique-francaise","20":"tag-reseaux-sociaux","21":"tag-rouen"},"share_on_mastodon":{"url":"https:\/\/pubeurope.com\/@fr\/115674356324075570","error":""},"_links":{"self":[{"href":"https:\/\/www.europesays.com\/fr\/wp-json\/wp\/v2\/posts\/582791","targetHints":{"allow":["GET"]}}],"collection":[{"href":"https:\/\/www.europesays.com\/fr\/wp-json\/wp\/v2\/posts"}],"about":[{"href":"https:\/\/www.europesays.com\/fr\/wp-json\/wp\/v2\/types\/post"}],"author":[{"embeddable":true,"href":"https:\/\/www.europesays.com\/fr\/wp-json\/wp\/v2\/users\/2"}],"replies":[{"embeddable":true,"href":"https:\/\/www.europesays.com\/fr\/wp-json\/wp\/v2\/comments?post=582791"}],"version-history":[{"count":0,"href":"https:\/\/www.europesays.com\/fr\/wp-json\/wp\/v2\/posts\/582791\/revisions"}],"wp:featuredmedia":[{"embeddable":true,"href":"https:\/\/www.europesays.com\/fr\/wp-json\/wp\/v2\/media\/582792"}],"wp:attachment":[{"href":"https:\/\/www.europesays.com\/fr\/wp-json\/wp\/v2\/media?parent=582791"}],"wp:term":[{"taxonomy":"category","embeddable":true,"href":"https:\/\/www.europesays.com\/fr\/wp-json\/wp\/v2\/categories?post=582791"},{"taxonomy":"post_tag","embeddable":true,"href":"https:\/\/www.europesays.com\/fr\/wp-json\/wp\/v2\/tags?post=582791"}],"curies":[{"name":"wp","href":"https:\/\/api.w.org\/{rel}","templated":true}]}}