{"id":582798,"date":"2025-12-06T19:55:12","date_gmt":"2025-12-06T19:55:12","guid":{"rendered":"https:\/\/www.europesays.com\/fr\/582798\/"},"modified":"2025-12-06T19:55:12","modified_gmt":"2025-12-06T19:55:12","slug":"la-gendarmerie-lance-un-appel-a-temoins","status":"publish","type":"post","link":"https:\/\/www.europesays.com\/fr\/582798\/","title":{"rendered":"la gendarmerie lance un appel \u00e0 t\u00e9moins"},"content":{"rendered":"<p>Un habitant d\u2019Oberschaeffolsheim de 68 ans n\u2019a plus donn\u00e9 signe de vie depuis vendredi soir. Ce soir-l\u00e0, sa compagne venait de le d\u00e9poser chez un barbier du village. Or, il n\u2019est jamais rentr\u00e9 chez lui.<\/p>\n<p>L\u2019homme \u00e9tait v\u00eatu d\u2019une veste noire, d\u2019un jogging gris et portait un b\u00e9ret. Il mesure 1m70 et est d\u00e9crit comme costaud.<\/p>\n<p>Samedi 6\u00a0d\u00e9cembre, de nombreuses patrouilles de gendarmerie ont effectu\u00e9 des recherches dans le secteur. Le ma\u00eetre-chien accompagn\u00e9 de son Saint-Hubert et les plongeurs ont \u00e9galement \u00e9t\u00e9 d\u00e9ploy\u00e9s sur le terrain.<\/p>\n<p>Les personnes ayant des \u00e9l\u00e9ments pour retrouver le disparu peuvent joindre les gendarmes de la brigade de Wolfisheim au 03-88-78-20-19 ou au 17. Ils indiquent que l\u2019homme pourrait \u00eatre d\u00e9sorient\u00e9.<\/p>\n","protected":false},"excerpt":{"rendered":"Un habitant d\u2019Oberschaeffolsheim de 68 ans n\u2019a plus donn\u00e9 signe de vie depuis vendredi soir. Ce soir-l\u00e0, sa&hellip;\n","protected":false},"author":2,"featured_media":582799,"comment_status":"","ping_status":"","sticky":false,"template":"","format":"standard","meta":{"footnotes":""},"categories":[2820],"tags":[1111,11,2389,2649,2880,1777,674,274,107,1011,27,775,12,21307,25,640,3089],"class_list":{"0":"post-582798","1":"post","2":"type-post","3":"status-publish","4":"format-standard","5":"has-post-thumbnail","7":"category-strasbourg","8":"tag-actu","9":"tag-actualites","10":"tag-alsace","11":"tag-bas-rhin","12":"tag-edition-strasbourg","13":"tag-eu","14":"tag-europe","15":"tag-faits-divers-justice","16":"tag-fil-info","17":"tag-fr","18":"tag-france","19":"tag-grand-est","20":"tag-news","21":"tag-oberschaeffolsheim","22":"tag-republique-francaise","23":"tag-strasbourg","24":"tag-strasbourg-sud"},"share_on_mastodon":{"url":"https:\/\/pubeurope.com\/@fr\/115674384011910774","error":""},"_links":{"self":[{"href":"https:\/\/www.europesays.com\/fr\/wp-json\/wp\/v2\/posts\/582798","targetHints":{"allow":["GET"]}}],"collection":[{"href":"https:\/\/www.europesays.com\/fr\/wp-json\/wp\/v2\/posts"}],"about":[{"href":"https:\/\/www.europesays.com\/fr\/wp-json\/wp\/v2\/types\/post"}],"author":[{"embeddable":true,"href":"https:\/\/www.europesays.com\/fr\/wp-json\/wp\/v2\/users\/2"}],"replies":[{"embeddable":true,"href":"https:\/\/www.europesays.com\/fr\/wp-json\/wp\/v2\/comments?post=582798"}],"version-history":[{"count":0,"href":"https:\/\/www.europesays.com\/fr\/wp-json\/wp\/v2\/posts\/582798\/revisions"}],"wp:featuredmedia":[{"embeddable":true,"href":"https:\/\/www.europesays.com\/fr\/wp-json\/wp\/v2\/media\/582799"}],"wp:attachment":[{"href":"https:\/\/www.europesays.com\/fr\/wp-json\/wp\/v2\/media?parent=582798"}],"wp:term":[{"taxonomy":"category","embeddable":true,"href":"https:\/\/www.europesays.com\/fr\/wp-json\/wp\/v2\/categories?post=582798"},{"taxonomy":"post_tag","embeddable":true,"href":"https:\/\/www.europesays.com\/fr\/wp-json\/wp\/v2\/tags?post=582798"}],"curies":[{"name":"wp","href":"https:\/\/api.w.org\/{rel}","templated":true}]}}