{"id":582806,"date":"2025-12-06T19:59:31","date_gmt":"2025-12-06T19:59:31","guid":{"rendered":"https:\/\/www.europesays.com\/fr\/582806\/"},"modified":"2025-12-06T19:59:31","modified_gmt":"2025-12-06T19:59:31","slug":"des-orientations-budgetaires-remplies-dincertitudes","status":"publish","type":"post","link":"https:\/\/www.europesays.com\/fr\/582806\/","title":{"rendered":"Des orientations budg\u00e9taires remplies d\u2019incertitudes"},"content":{"rendered":"<p>                    Par<br \/>\n        <strong><br \/>\n            <a href=\"https:\/\/actu.fr\/auteur\/journaliste-sm\" title=\"Consulter tous les articles de R\u00e9daction Clisson\" target=\"_blank\" rel=\"noopener\">R\u00e9daction Clisson<\/a><br \/>\n                    <\/strong><\/p>\n<p>        Publi\u00e9 le<\/p>\n<p>            5 d\u00e9c. 2025 \u00e0 22h50        <\/p>\n<p>Lors de cette pr\u00e9sentation des <b>orientations budg\u00e9taires pour 2026<\/b>, il est un mot qui a \u00e9t\u00e9 r\u00e9p\u00e9t\u00e9 \u00e0 trois reprises, <b>c\u2019est \u00ab\u2009la prudence\u2009\u00bb.<\/b> L\u2019absence de cadre financier au niveau national l\u2019incitait d\u2019autant plus.<\/p>\n<p class=\" wall-content\">Par exemple, la<b> collectivit\u00e9 ne sait pas quel sera le montant de la dotation globale de fonctionnement<\/b>, attribu\u00e9 par l\u2019\u00c9tat. Pour rappel, elle est <b>pass\u00e9e de 683\u2009603\u00a0\u20ac en 2024 \u00e0 660\u2009246\u00a0\u20ac en 2025<\/b>, soit une baisse de 3,41\u2009% (elle \u00e9tait de 1\u2009072\u2009542\u00a0\u20ac en 2015).<\/p>\n<blockquote class=\"ac-article-quote wall-content\">\n<p>Quelle somme sera attribu\u00e9e en 2026\u2009? On sait d\u2019ores et d\u00e9j\u00e0 que ce sera moins, car le Dilico (dispositif de lissage conjoncturel des recettes fiscales de collectivit\u00e9s territoriales) qui doit servir \u00e0 la contribution des communes les plus ais\u00e9es \u00e0 l\u2019effort national, va ponctionner au moins 20\u2009000\u00a0euros. Si la DGF pass\u00e9e \u00e0 640\u2009020\u00a0\u20ac, ce sera une baisse totale de 6.37\u2009% pour 2026.<\/p>\n<p>Philippe Birot, adjoint aux finances<\/p><\/blockquote>\n<blockquote class=\"ac-article-quote wall-content\">\n<p>Quand on pense qu\u2019un d\u00e9put\u00e9 a \u00e9mis l\u2019id\u00e9e de multiplier le Dilico par 10, on peut s\u2019interroger sur comment vont faire les municipalit\u00e9s et les intercommunalit\u00e9s pour continuer leurs investissements\u2009?<\/p>\n<p>Le maire Alain Vey<\/p><\/blockquote>\n<p>Vid\u00e9os : en ce moment sur Actu<\/p>\n<p class=\" wall-content\">Il en est de m\u00eame pour la<b> dotation de solidarit\u00e9 communautaire<\/b>, attribu\u00e9e par la <b>M\u00e9tropole nantaise<\/b>. Elle a baiss\u00e9 de 1,59\u2009% entre\u00a02024 et\u00a02025.<\/p>\n<blockquote class=\"ac-article-quote wall-content\">\n<p>Sans information pr\u00e9cise, il est prudent de pr\u00e9voir la m\u00eame baisse pour 2026<\/p>\n<p>Philippe Birot<\/p><\/blockquote>\n<p>Votre r\u00e9gion, votre actu !<\/p>\n<p>Recevez chaque jour les infos qui comptent pour vous.<\/p>\n<p>\t<a href=\"https:\/\/actu.fr\/newsletter\" class=\"ac-btn ac-btn--corner ac-btn--medium ac-btn--blue800\" target=\"_blank\" rel=\"noopener\">S&rsquo;incrire<\/a><\/p>\n<p class=\" wall-content\">Seule l\u2019attribution de compensation, vers\u00e9e par la M\u00e9tropole, a augment\u00e9, <b>passant de 226\u2009185\u00a0\u20ac en 2024 \u00e0 292\u2009169\u00a0\u20ac pour 2025<\/b> soit une hausse de 29.17\u2009%\u2009: toutefois en raison de l\u2019application d\u2019une clause de revoyure, elle sera de 260\u2009748\u00a0\u20ac pour 2026.<\/p>\n<p>Une situation financi\u00e8re confortable<\/p>\n<p class=\" wall-content\">Toutefois, malgr\u00e9 ces baisses de recettes, <b>la collectivit\u00e9 se porte tr\u00e8s bien financi\u00e8rement.<\/b> Pour preuve, depuis 2015,<a href=\"https:\/\/actu.fr\/pays-de-la-loire\/basse-goulaine_44009\/pour-la-10e-fois-les-taux-de-la-taxe-fonciere-vont-baisser-dans-cette-commune-de-loire-atlantique_62055195.html\" target=\"_blank\" rel=\"noopener\"><b> la municipalit\u00e9 n\u2019a eu de cesse de baisser les taux de sa fiscalit\u00e9 locale<\/b><\/a> (taxe d\u2019habitation et avant taxe fonci\u00e8re). Malgr\u00e9 le contexte,<b> la ville pourrait continuer cette faveur<\/b>.<\/p>\n<blockquote class=\"ac-article-quote wall-content\">\n<p>En effet, il n\u2019est pas exclu, que nous regardions pour ne pas augmenter ces taux. Tout comme en 2025, on devrait b\u00e9n\u00e9ficier d\u2019une revalorisation des valeurs locatives au 1er\u00a0janvier 2026. Elles devraient toutefois \u00eatre plus contenues aux alentours de 1 ou 2\u2009%.<\/p>\n<\/blockquote>\n<p class=\" wall-content\">Si<b> 2025 a \u00e9t\u00e9 propice aux investissements (<\/b>constructions neuves ou r\u00e9habilitations), il en sera <b>de m\u00eame en 2026<\/b>. Il sera en effet pr\u00e9vu<b> l\u2019extension de la salle du conseil municipal,<\/b> comme la r\u00e9novation du local des boulistes. Des projets d\u00e9j\u00e0 programm\u00e9s en 2025. D\u2019autres projets sont \u00e0 l\u2019\u00e9tude comme la <b>reprise de la toiture de la mairie, la r\u00e9fection du b\u00e2timent<\/b> \u00ab\u2009Casa\u2019Ados\u2009\u00bb, la participation au projet \u00ab\u2009Longue Mine\u2009\u00bb et<b> l\u2019am\u00e9lioration de l\u2019isolation de l\u2019\u00e9cole du Grignon<\/b>\u2026 Aux futurs \u00e9lus de s\u2019en emparer.<\/p>\n<blockquote class=\"ac-article-quote wall-content\">\n<p>Quant \u00e0 l\u2019endettement, \u00ab\u2009il est toujours ma\u00eetris\u00e9.<\/p>\n<p>Philippe Birot<\/p><\/blockquote>\n<p class=\" wall-content\">En effet, aucun emprunt n\u2019a \u00e9t\u00e9 souscrit depuis 2008 ce qui permet d\u2019avoir de r\u00e9elles capacit\u00e9s de financement.<\/p>\n<p class=\" wall-content\">N\u00e9anmoins,<b> la municipalit\u00e9 ne s\u2019interdira pas d\u2019avoir recours \u00e0 l\u2019emprunt <\/b>si la conjoncture \u00e9conomique l\u2019imposait. <b>L\u2019encours de la dette par habitant est pass\u00e9 de 1\u2009299\u00a0\u20ac en 2007 \u00e0 68\u00a0\u20ac en 2026.<\/b><\/p>\n<p class=\" wall-content\">Personnalisez votre actualit\u00e9 en ajoutant vos villes et m\u00e9dias en favori avec <a href=\"https:\/\/moncompte.actu.fr\" title=\"D\u00e9couvez Mon Actu\" rel=\"nofollow noopener\" data-trk=\"{&quot;cta&quot;:{&quot;action&quot;:&quot;https:\\\/\\\/moncompte.actu.fr&quot;,&quot;category&quot;:&quot;mon compte&quot;,&quot;from&quot;:&quot;article footer&quot;,&quot;name&quot;:&quot;Mon actu&quot;,&quot;type&quot;:&quot;cta&quot;}}\" target=\"_blank\">Mon Actu<\/a>.<\/p>\n","protected":false},"excerpt":{"rendered":"Par R\u00e9daction Clisson Publi\u00e9 le 5 d\u00e9c. 2025 \u00e0 22h50 Lors de cette pr\u00e9sentation des orientations budg\u00e9taires pour&hellip;\n","protected":false},"author":2,"featured_media":582807,"comment_status":"","ping_status":"","sticky":false,"template":"","format":"standard","meta":{"footnotes":""},"categories":[2818],"tags":[1111,11,1003,1777,674,1011,27,766,12,2636,25,104,2900],"class_list":{"0":"post-582806","1":"post","2":"type-post","3":"status-publish","4":"format-standard","5":"has-post-thumbnail","7":"category-nantes","8":"tag-actu","9":"tag-actualites","10":"tag-budget","11":"tag-eu","12":"tag-europe","13":"tag-fr","14":"tag-france","15":"tag-nantes","16":"tag-news","17":"tag-pays-de-la-loire","18":"tag-republique-francaise","19":"tag-societe","20":"tag-vignoble-nantais"},"share_on_mastodon":{"url":"https:\/\/pubeurope.com\/@fr\/115674399793200592","error":""},"_links":{"self":[{"href":"https:\/\/www.europesays.com\/fr\/wp-json\/wp\/v2\/posts\/582806","targetHints":{"allow":["GET"]}}],"collection":[{"href":"https:\/\/www.europesays.com\/fr\/wp-json\/wp\/v2\/posts"}],"about":[{"href":"https:\/\/www.europesays.com\/fr\/wp-json\/wp\/v2\/types\/post"}],"author":[{"embeddable":true,"href":"https:\/\/www.europesays.com\/fr\/wp-json\/wp\/v2\/users\/2"}],"replies":[{"embeddable":true,"href":"https:\/\/www.europesays.com\/fr\/wp-json\/wp\/v2\/comments?post=582806"}],"version-history":[{"count":0,"href":"https:\/\/www.europesays.com\/fr\/wp-json\/wp\/v2\/posts\/582806\/revisions"}],"wp:featuredmedia":[{"embeddable":true,"href":"https:\/\/www.europesays.com\/fr\/wp-json\/wp\/v2\/media\/582807"}],"wp:attachment":[{"href":"https:\/\/www.europesays.com\/fr\/wp-json\/wp\/v2\/media?parent=582806"}],"wp:term":[{"taxonomy":"category","embeddable":true,"href":"https:\/\/www.europesays.com\/fr\/wp-json\/wp\/v2\/categories?post=582806"},{"taxonomy":"post_tag","embeddable":true,"href":"https:\/\/www.europesays.com\/fr\/wp-json\/wp\/v2\/tags?post=582806"}],"curies":[{"name":"wp","href":"https:\/\/api.w.org\/{rel}","templated":true}]}}