{"id":582808,"date":"2025-12-06T20:00:55","date_gmt":"2025-12-06T20:00:55","guid":{"rendered":"https:\/\/www.europesays.com\/fr\/582808\/"},"modified":"2025-12-06T20:00:55","modified_gmt":"2025-12-06T20:00:55","slug":"heureusement-quil-y-a-lambiance-des-supporters-pessimistes","status":"publish","type":"post","link":"https:\/\/www.europesays.com\/fr\/582808\/","title":{"rendered":"\u00ab heureusement qu\u2019il y a l\u2019ambiance \u00bb, des supporters pessimistes"},"content":{"rendered":"<p>                    Par<br \/>\n        <strong><br \/>\n            <a href=\"https:\/\/actu.fr\/auteur\/thomas-bernard\" title=\"Consulter tous les articles de Thomas Bernard\" target=\"_blank\" rel=\"noopener\">Thomas Bernard<\/a><br \/>\n                    <\/strong><\/p>\n<p>        Publi\u00e9 le<\/p>\n<p>            6 d\u00e9c. 2025 \u00e0 19h39        <\/p>\n<p>26\u2009654. C\u2019est le nombre de supporters pr\u00e9sents au stade de la Beaujoire, ce samedi 6\u00a0d\u00e9cembre, lors de la 15\u1d49 journ\u00e9e de Ligue\u00a01 entre le FC Nantes et le RC Lens. Malgr\u00e9 une enceinte bien remplie, <b>les Canaris ont de nouveau conc\u00e9d\u00e9 une d\u00e9faite (1-2)<\/b>. La sixi\u00e8me rencontre cons\u00e9cutive sans la moindre victoire. Avec ce r\u00e9sultat, les Jaune et Vert restent 1<b>6\u1d49 et barragistes<\/b>, sous la menace de la zone de rel\u00e9gation. Pour la derni\u00e8re l\u2019ann\u00e9e \u00e0 domicile, <a href=\"https:\/\/actu.fr\/nantes\/\" target=\"_blank\" rel=\"noopener\">actu Nantes<\/a> a interrog\u00e9 les supporters sur leurs perspectives pour la suite de la saison.<\/p>\n<p>\u00ab\u2009Je crains la descente\u2009\u00bb<\/p>\n<p class=\" wall-content\">Avant la rencontre, peu de fans interrog\u00e9s \u00e9taient optimistes. \u00ab\u2009Je signe pour un match nul\u2009\u00bb, confie Mathilde. Il faut dire que les spectateurs de la Beaujoire, n\u2019ont pas \u00e9t\u00e9 g\u00e2t\u00e9s cette ann\u00e9e.<\/p>\n<p class=\" wall-content\">Le cru 2025 est relativement m\u00e9diocre, seulement<b> quatre victoires \u00e0 domicile en 18 rencontres disput\u00e9es en 2025<\/b>.<\/p>\n<p class=\" wall-content\">\u00ab\u2009Je suis un peu r\u00e9sign\u00e9. J\u2019avais des attentes et j\u2019ai \u00e9t\u00e9 rapidement d\u00e9\u00e7u. J\u2019ai l\u2019impression qu\u2019on vit la m\u00eame saison\u2009\u00bb, souffle Vincent, supporter du FC Nantes depuis plus de 20\u00a0ans et accompagn\u00e9 de son fr\u00e8re Christophe.<\/p>\n<p class=\" wall-content\">Depuis la saison 2006\/2007, l\u2019octuple champion de France n\u2019avait pas connu tel mauvais d\u00e9but de saison. Une saison lors de laquelle, <b>les Nantais avaient \u00e9t\u00e9 rel\u00e9gu\u00e9s en Ligue\u00a02<\/b>.<\/p>\n<p><a class=\"jo-module-caroussel__img-container\" href=\"https:\/\/static.actu.fr\/uploads\/2025\/12\/e29712b774396079712b77439ea971v-1.jpeg\" title=\"Agrandir la photo Habitu\u00e9 de la Beaujoire, Ma\u00ebl (\u00e0 gauche) a accompagn\u00e9 Guillaume qui d\u00e9couvrait le stade nantais. \u00ab\u2009Je voulais d\u00e9couvrir l\u2019ambiance en vrai\u2009\u00bb, sourit Guillaume. (\u00a9 Thomas Bernard \/ actu Nantes)\" data-idx=\"1\" target=\"_blank\" rel=\"noopener\"><br \/>\n    <img decoding=\"async\" class=\"jo-module-caroussel__img\" loading=\"lazy\" src=\"https:\/\/www.europesays.com\/fr\/wp-content\/uploads\/2025\/12\/e29712b774396079712b77439ea971v-1-640x427.jpeg\" alt=\"Habitu\u00e9 de la Beaujoire, Ma\u00ebl (\u00e0 gauche) a accompagn\u00e9 Guillaume qui d\u00e9couvrait le stade nantais. \u00ab\u2009Je voulais d\u00e9couvrir l\u2019ambiance en vrai\u2009\u00bb, sourit Guillaume. (\u00a9 Thomas Bernard \/ actu Nantes)\" width=\"640\" height=\"427\"\/><\/a><a class=\"jo-module-caroussel__img-container\" href=\"https:\/\/static.actu.fr\/uploads\/2025\/12\/0c8212b774396209212b77439c5921v-1.jpeg\" title=\"Agrandir la photo Olivier, Lucas et Mathilde sont venus voir la rencontre entre amis. (\u00a9 Thomas Bernard \/ actu Nantes)\" data-idx=\"2\" target=\"_blank\" rel=\"noopener\"><br \/>\n    <img decoding=\"async\" class=\"jo-module-caroussel__img\" loading=\"lazy\" src=\"https:\/\/www.europesays.com\/fr\/wp-content\/uploads\/2025\/12\/0c8212b774396209212b77439c5921v-1-640x427.jpeg\" alt=\"Olivier, Lucas et Mathilde sont venus voir la rencontre entre amis. (\u00a9 Thomas Bernard \/ actu Nantes)\" width=\"640\" height=\"427\"\/><\/a><\/p>\n<p class=\" wall-content\">\u00ab\u2009Au vu des derni\u00e8res rencontres, je crains la descente. Je ne trouve pas de progression depuis le match face \u00e0 Monaco. En plus, des \u00e9quipes comme Lorient, Metz ou Le\u00a0Havre jouent mieux que nous\u2009\u00bb, regrette Ma\u00ebl.<\/p>\n<p>Votre r\u00e9gion, votre actu !<\/p>\n<p>Recevez chaque jour les infos qui comptent pour vous.<\/p>\n<p>\t<a href=\"https:\/\/actu.fr\/newsletter\" class=\"ac-btn ac-btn--corner ac-btn--medium ac-btn--blue800\" target=\"_blank\" rel=\"noopener\">S&rsquo;incrire<\/a><\/p>\n<p class=\" wall-content\">Ce samedi, les supporters crois\u00e9s ont salu\u00e9 le comportement des joueurs sur le terrain, battus par plus forts.<\/p>\n<p class=\" wall-content\">\u00ab\u00a0Au-del\u00e0 du r\u00e9sultat, c\u2019est surtout l\u2019attitude que j\u2019attends. Les derniers matchs, j\u2019ai eu l\u2019impression qu\u2019il y avait un manque d\u2019envie. <b>On sera toujours l\u00e0 pour les encourager, mais il faut \u00ab\u00a0mouiller le maillot\u00a0\u00bb<\/b>, livre Mathilde.<\/p>\n<p>\u00ab\u2009Il faut un attachement \u00e0 ce club\u2009\u00bb<\/p>\n<p class=\" wall-content\">Malgr\u00e9 une spirale n\u00e9gative, la Beaujoire parvient \u00e0 r\u00e9unir plus de 25\u2009000\u00a0spectateurs. \u00ab\u2009Il faut un attachement \u00e0 ce club pour \u00eatre aussi nombreux\u2009\u00bb, analyse Vincent. \u00ab\u2009Dans les ann\u00e9es 90, le stade n\u2019\u00e9tait pas toujours aussi rempli alors qu\u2019il y avait de meilleurs r\u00e9sultats\u2009\u00bb, encha\u00eene Christophe.<\/p>\n<p class=\" wall-content\">Si les tribunes sont garnies, c\u2019est aussi pour <b>le spectacle en tribunes<\/b>. Encore une fois, l\u2019ambiance fut impuls\u00e9e par la tribune Loire, v\u00e9ritable poumon du stade. Ce samedi, la brigade Loire a rendu hommage \u00e0 Maxime, supporter nantais, <a href=\"https:\/\/actu.fr\/pays-de-la-loire\/nantes_44109\/un-supporter-du-fc-nantes-grievement-blesse-aux-abords-du-stade-de-la-beaujoire_60410444.html\" target=\"_blank\" rel=\"noopener\">d\u00e9c\u00e9d\u00e9 il y a deux ans en amont d\u2019une rencontre de Ligue\u00a01 face \u00e0 l\u2019OGC Nice<\/a>.<\/p>\n<p>    <img   decoding=\"async\" loading=\"lazy\" class=\"size-large\" src=\"https:\/\/www.europesays.com\/fr\/wp-content\/uploads\/2025\/12\/fe647e2774396d2747e277439b6747v-960x640.jpeg\" alt=\"La tribune Loire a rendu hommage \u00e0 Maxime, supporter nantais tu\u00e9 en marge d'un match du FC Nantes, il y a deux ans.\" width=\"960\" height=\"640\"\/><br \/>\n    La tribune Loire a rendu hommage \u00e0 Maxime, supporter nantais tu\u00e9 en marge d\u2019un match du FC Nantes, il y a deux ans. \u00a9Thomas Bernard \/ actu Nantes<\/p>\n<p class=\" wall-content\">\u00ab\u2009Heureusement qu\u2019il y a l\u2019ambiance du stade. Autrement, je resterai chez moi pour regarder les rencontres\u2009\u00bb, confie Olivier.<\/p>\n<p class=\" wall-content\">Malgr\u00e9 les r\u00e9sultats n\u00e9gatifs, les supporters rencontr\u00e9s ont plut\u00f4t confiance en Luis Castro, m\u00eame si le temps presse. \u00ab\u2009Il faut du temps pour mettre en place le style Castro. <b>C\u2019\u00e9tait pareil \u00e0 Dunkerque pour lui, mais en Ligue\u00a01 on n\u2019a pas autant de temps\u2009\u00bb<\/b>, note Ma\u00ebl.<\/p>\n<p class=\" wall-content\">Les griefs des supporters se tournent plut\u00f4t vers la direction du club. La Brigade Loire a d\u2019ailleurs adress\u00e9 une banderole envers Baptiste Drouet, responsable recrutement du FC Nantes. \u00ab\u2009Baptiste Drouet\u2009: tu \u00e9tais plus performant quand tu manifestais contre Kita\u2009!\u2009\u00bb, pouvait-on lire.<\/p>\n<p class=\" wall-content\">Avant l\u2019arriv\u00e9e du P\u00e8re No\u00ebl, les supporters r\u00e9clament des renforts au sein de l\u2019effectif, notamment des joueurs d\u2019exp\u00e9rience. <b>Le lat\u00e9ral colombien Deiver Machado<\/b>, transfuge de Lens, devrait bient\u00f4t rejoindre les bords de l\u2019Erdre. La premi\u00e8re recrue d\u2019un mercato hivernal qui s\u2019annonce mouvement\u00e9.<\/p>\n<p class=\" wall-content\">Malgr\u00e9 la d\u00e9faite, les joueurs nantais ont \u00e9t\u00e9 salu\u00e9s par la tribune Loire. Avant de retrouver la Beaujoire en 2026, les co\u00e9quipiers d\u2019Anthony Lopes se d\u00e9placent sur la pelouse du voisin angevin, le vendredi 12 d\u00e9cembre 2025.<\/p>\n<p class=\" wall-content\">Personnalisez votre actualit\u00e9 en ajoutant vos villes et m\u00e9dias en favori avec <a href=\"https:\/\/moncompte.actu.fr\" title=\"D\u00e9couvez Mon Actu\" rel=\"nofollow noopener\" data-trk=\"{&quot;cta&quot;:{&quot;action&quot;:&quot;https:\\\/\\\/moncompte.actu.fr&quot;,&quot;category&quot;:&quot;mon compte&quot;,&quot;from&quot;:&quot;article footer&quot;,&quot;name&quot;:&quot;Mon actu&quot;,&quot;type&quot;:&quot;cta&quot;}}\" target=\"_blank\">Mon Actu<\/a>.<\/p>\n","protected":false},"excerpt":{"rendered":"Par Thomas Bernard Publi\u00e9 le 6 d\u00e9c. 2025 \u00e0 19h39 26\u2009654. C\u2019est le nombre de supporters pr\u00e9sents au&hellip;\n","protected":false},"author":2,"featured_media":582809,"comment_status":"","ping_status":"","sticky":false,"template":"","format":"standard","meta":{"footnotes":""},"categories":[2818],"tags":[1111,11,1777,674,462,1011,27,766,12,2636,2264,25,60],"class_list":{"0":"post-582808","1":"post","2":"type-post","3":"status-publish","4":"format-standard","5":"has-post-thumbnail","7":"category-nantes","8":"tag-actu","9":"tag-actualites","10":"tag-eu","11":"tag-europe","12":"tag-fc-nantes","13":"tag-fr","14":"tag-france","15":"tag-nantes","16":"tag-news","17":"tag-pays-de-la-loire","18":"tag-rc-lens","19":"tag-republique-francaise","20":"tag-sports"},"share_on_mastodon":{"url":"https:\/\/pubeurope.com\/@fr\/115674408146517464","error":""},"_links":{"self":[{"href":"https:\/\/www.europesays.com\/fr\/wp-json\/wp\/v2\/posts\/582808","targetHints":{"allow":["GET"]}}],"collection":[{"href":"https:\/\/www.europesays.com\/fr\/wp-json\/wp\/v2\/posts"}],"about":[{"href":"https:\/\/www.europesays.com\/fr\/wp-json\/wp\/v2\/types\/post"}],"author":[{"embeddable":true,"href":"https:\/\/www.europesays.com\/fr\/wp-json\/wp\/v2\/users\/2"}],"replies":[{"embeddable":true,"href":"https:\/\/www.europesays.com\/fr\/wp-json\/wp\/v2\/comments?post=582808"}],"version-history":[{"count":0,"href":"https:\/\/www.europesays.com\/fr\/wp-json\/wp\/v2\/posts\/582808\/revisions"}],"wp:featuredmedia":[{"embeddable":true,"href":"https:\/\/www.europesays.com\/fr\/wp-json\/wp\/v2\/media\/582809"}],"wp:attachment":[{"href":"https:\/\/www.europesays.com\/fr\/wp-json\/wp\/v2\/media?parent=582808"}],"wp:term":[{"taxonomy":"category","embeddable":true,"href":"https:\/\/www.europesays.com\/fr\/wp-json\/wp\/v2\/categories?post=582808"},{"taxonomy":"post_tag","embeddable":true,"href":"https:\/\/www.europesays.com\/fr\/wp-json\/wp\/v2\/tags?post=582808"}],"curies":[{"name":"wp","href":"https:\/\/api.w.org\/{rel}","templated":true}]}}