{"id":582810,"date":"2025-12-06T20:02:26","date_gmt":"2025-12-06T20:02:26","guid":{"rendered":"https:\/\/www.europesays.com\/fr\/582810\/"},"modified":"2025-12-06T20:02:26","modified_gmt":"2025-12-06T20:02:26","slug":"quatre-courts-metrages-danimation-a-decouvrir-a-bordeaux","status":"publish","type":"post","link":"https:\/\/www.europesays.com\/fr\/582810\/","title":{"rendered":"quatre courts m\u00e9trages d&rsquo;animation \u00e0 d\u00e9couvrir \u00e0 Bordeaux"},"content":{"rendered":"<p>Si tu es passionn\u00e9 de cin\u00e9ma d\u2019animation, note bien les dates : du 10 au 16 d\u00e9cembre 2025, Bordeaux accueille la 14\u1d49 \u00e9dition du festival <a href=\"https:\/\/www.lesnuitsmagiques.fr\/\" target=\"_blank\" rel=\"noreferrer noopener\">Les Nuits magiques<\/a>. Cette ann\u00e9e, quatre courts m\u00e9trages, soutenus par la R\u00e9gion Nouvelle-Aquitaine et accompagn\u00e9s par ALCA, sont en comp\u00e9tition et promettent de t\u2019embarquer dans des univers surprenants et cr\u00e9atifs.<\/p>\n<p>Buffet Para\u00edso \u2013 H\u00e9ctor Zafra<\/p>\n<p>Imagine un buffet o\u00f9 l\u2019exc\u00e8s et l\u2019abondance sont rois. Dans <strong>Buffet Para\u00edso<\/strong>, un groupe h\u00e9t\u00e9roclite de personnages est attir\u00e9 par un restaurant promettant des plats extraordinaires. Une fois \u00e0 l\u2019int\u00e9rieur, ils d\u00e9couvrent des mets inimaginables et se laissent emporter par la gourmandise\u2026 sans se douter que tout n\u2019est pas toujours ce qu\u2019il semble. Un court m\u00e9trage de 8 minutes sans dialogue, coproduction France-Espagne, qui titille autant les yeux que l\u2019imaginaire.<\/p>\n<p><img fetchpriority=\"high\" decoding=\"async\" width=\"1024\" height=\"1024\" src=\"https:\/\/www.europesays.com\/fr\/wp-content\/uploads\/2025\/12\/image-66-1024x1024.png\" alt=\"\" class=\"wp-image-87458\" style=\"width:376px;height:auto\"  \/>Dans <strong>Buffet Para\u00edso<\/strong>, des personnages d\u00e9couvrent un buffet extraordinaire et se laissent emporter par la gourmandise, surprises incluses. \u00a9ALCA<\/p>\n<p>Autokar \u2013 Sylwia Szki\u0142\u0105d\u017a<\/p>\n<p>Dans les ann\u00e9es 90, <strong>Agata<\/strong>, petite fille polonaise, quitte son pays pour la Belgique. Sur le bus, elle perd son crayon et plonge dans un univers fantastique peupl\u00e9 de passagers mi-humains, mi-animaux. <strong>Autokar<\/strong>, en 18 minutes, transforme la migration en une aventure initiatique et po\u00e9tique, avec des dialogues en polonais et fran\u00e7ais.<\/p>\n<p><img loading=\"lazy\" decoding=\"async\" width=\"1024\" height=\"547\" src=\"https:\/\/www.europesays.com\/fr\/wp-content\/uploads\/2025\/12\/image-68-1024x547.png\" alt=\"\" class=\"wp-image-87460\" style=\"aspect-ratio:1.8711496293202465;width:730px;height:auto\"  \/>Dans les ann\u00e9es 90, Agata quitte la Pologne pour la Belgique et vit une aventure fantastique. \u00a9Unifrance<\/p>\n<p>Hurik\u00e1n \u2013 Jan Saska<\/p>\n<p>\u00c0 Prague, la buvette de Hurik\u00e1n est sur le point de fermer faute de bi\u00e8re. Pour s\u00e9duire la serveuse, il doit braver le quartier le plus dangereux de la ville. Ce court m\u00e9trage de 10 minutes, sans dialogue, m\u00e9lange action et humour dans une course contre la montre haletante.<\/p>\n<p><img loading=\"lazy\" decoding=\"async\" width=\"724\" height=\"1024\" src=\"https:\/\/www.europesays.com\/fr\/wp-content\/uploads\/2025\/12\/image-69.png\" alt=\"\" class=\"wp-image-87461\" style=\"width:390px;height:auto\"  \/>\u00c0 Prague, Hurik\u00e1n doit sauver la buvette et s\u00e9duire la serveuse dans un quartier dangereux. \u00a9Unifrance<\/p>\n<p>Les gens dans l\u2019armoire \u2013 Dahee Jeong<\/p>\n<p>Enfin, <strong>Les gens dans l\u2019armoire<\/strong> t\u2019embarque dans un monde myst\u00e9rieux et po\u00e9tique. Cette coproduction France-Canada-Cor\u00e9e du Sud de 15 minutes, sans dialogue, promet de te captiver par son univers visuel et son ambiance unique.<\/p>\n<p><img loading=\"lazy\" decoding=\"async\" width=\"960\" height=\"330\" src=\"https:\/\/www.europesays.com\/fr\/wp-content\/uploads\/2025\/12\/image-64.png\" alt=\"\" class=\"wp-image-87456\" style=\"width:808px;height:auto\"  \/>Ces quatre courts m\u00e9trages r\u00e9v\u00e8lent la cr\u00e9ativit\u00e9 et la richesse de l\u2019animation en Nouvelle-Aquitaine. \u00a9Les Nuits magiques <\/p>\n<p>Ces quatre films, chacun dans un style diff\u00e9rent, montrent la richesse de l\u2019animation contemporaine et la cr\u00e9ativit\u00e9 port\u00e9e par la Nouvelle-Aquitaine. Si tu veux d\u00e9couvrir des histoires originales et marquantes, les <strong><a href=\"https:\/\/www.lesnuitsmagiques.fr\/\" target=\"_blank\" rel=\"noreferrer noopener\">Nuits magiques<\/a><\/strong> sont l\u2019occasion r\u00eav\u00e9e pour toi de t\u2019immerger dans le meilleur du court m\u00e9trage d\u2019animation.<\/p>\n<p>\u00c0 lire aussi : <a href=\"https:\/\/www.bougerabordeaux.com\/sorties\/loisirs\/noel-et-vacances-a-bordeaux-les-bons-plans-a-ne-pas-manquer-avec-la-carte-jeune\/\" target=\"_blank\" rel=\"noreferrer noopener\">No\u00ebl et vacances \u00e0 Bordeaux : les bons plans \u00e0 ne pas manquer avec la Carte Jeune !<\/a><\/p>\n","protected":false},"excerpt":{"rendered":"Si tu es passionn\u00e9 de cin\u00e9ma d\u2019animation, note bien les dates : du 10 au 16 d\u00e9cembre 2025,&hellip;\n","protected":false},"author":2,"featured_media":582811,"comment_status":"","ping_status":"","sticky":false,"template":"","format":"standard","meta":{"footnotes":""},"categories":[2817],"tags":[1111,11,1997,1777,674,1011,27,12,2219,25],"class_list":{"0":"post-582810","1":"post","2":"type-post","3":"status-publish","4":"format-standard","5":"has-post-thumbnail","7":"category-bordeaux","8":"tag-actu","9":"tag-actualites","10":"tag-bordeaux","11":"tag-eu","12":"tag-europe","13":"tag-fr","14":"tag-france","15":"tag-news","16":"tag-nouvelle-aquitaine","17":"tag-republique-francaise"},"share_on_mastodon":{"url":"https:\/\/pubeurope.com\/@fr\/115674412170029664","error":""},"_links":{"self":[{"href":"https:\/\/www.europesays.com\/fr\/wp-json\/wp\/v2\/posts\/582810","targetHints":{"allow":["GET"]}}],"collection":[{"href":"https:\/\/www.europesays.com\/fr\/wp-json\/wp\/v2\/posts"}],"about":[{"href":"https:\/\/www.europesays.com\/fr\/wp-json\/wp\/v2\/types\/post"}],"author":[{"embeddable":true,"href":"https:\/\/www.europesays.com\/fr\/wp-json\/wp\/v2\/users\/2"}],"replies":[{"embeddable":true,"href":"https:\/\/www.europesays.com\/fr\/wp-json\/wp\/v2\/comments?post=582810"}],"version-history":[{"count":0,"href":"https:\/\/www.europesays.com\/fr\/wp-json\/wp\/v2\/posts\/582810\/revisions"}],"wp:featuredmedia":[{"embeddable":true,"href":"https:\/\/www.europesays.com\/fr\/wp-json\/wp\/v2\/media\/582811"}],"wp:attachment":[{"href":"https:\/\/www.europesays.com\/fr\/wp-json\/wp\/v2\/media?parent=582810"}],"wp:term":[{"taxonomy":"category","embeddable":true,"href":"https:\/\/www.europesays.com\/fr\/wp-json\/wp\/v2\/categories?post=582810"},{"taxonomy":"post_tag","embeddable":true,"href":"https:\/\/www.europesays.com\/fr\/wp-json\/wp\/v2\/tags?post=582810"}],"curies":[{"name":"wp","href":"https:\/\/api.w.org\/{rel}","templated":true}]}}