{"id":582812,"date":"2025-12-06T20:03:10","date_gmt":"2025-12-06T20:03:10","guid":{"rendered":"https:\/\/www.europesays.com\/fr\/582812\/"},"modified":"2025-12-06T20:03:10","modified_gmt":"2025-12-06T20:03:10","slug":"union-bordeaux-begles-une-belle-partie-collective-et-mentale-salue-matthieu-jalibert","status":"publish","type":"post","link":"https:\/\/www.europesays.com\/fr\/582812\/","title":{"rendered":"Union Bordeaux-B\u00e8gles. \u00ab\u00a0Une belle partie collective et mentale\u00a0\u00bb, salue Matthieu Jalibert"},"content":{"rendered":"<p class=\"interview-answer\">C\u2019\u00e9tait le premier match de Champions Cup depuis notre titre, on le remet en jeu cette ann\u00e9e. C\u2019\u00e9tait un match important. On restait sur deux d\u00e9faites assez frustrantes en championnat (face \u00e0 Pau 33-34 et \u00e0 Montpellier 28-24), donc on avait \u00e0 c\u0153ur de bien commencer la comp\u00e9tition, pour retrouver une dynamique positive. On sait que la Coupe d\u2019Europe nous correspond car on peut mettre beaucoup de vitesse dans notre jeu. \u00c7a a \u00e9t\u00e9 compliqu\u00e9 en premi\u00e8re p\u00e9riode, on a pay\u00e9 nos petites erreurs mais globalement, on a bien ma\u00eetris\u00e9 le match et on a r\u00e9ussi \u00e0 les faire exploser physiquement en seconde p\u00e9riode. On est tr\u00e8s content de \u00e7a et des cinq points.<\/p>\n<p class=\"interview-question\">On pouvait penser que la chaleur et l\u2019altitude vous pousseraient \u00e0 calmer les d\u00e9bats. Mais vous \u00eates partis tr\u00e8s fort\u2026<\/p>\n<p class=\"interview-answer\">On voulait frapper les premiers. On savait qu\u2019ils avaient une \u00e9quipe tr\u00e8s lourde, dense physiquement. On voulait les prendre au cou, les asphyxier, et ne pas attendre que ce soit eux qui imposent leur rythme. \u00c7a fait partie du plan de jeu de mettre beaucoup de vitesse d\u00e8s les premi\u00e8res actions. \u00c7a s\u2019est ouvert sur la premi\u00e8re. Les avants ont fait un gros match sur l\u2019intensit\u00e9, et on a r\u00e9ussi \u00e0 les faire craquer.<\/p>\n<p class=\"interview-question\">Apr\u00e8s avoir encaiss\u00e9 deux essais avant la mi-temps, dans quel \u00e9tat d\u2019esprit \u00eates-vous rentr\u00e9s aux vestiaires\u00a0?<\/p>\n","protected":false},"excerpt":{"rendered":"C\u2019\u00e9tait le premier match de Champions Cup depuis notre titre, on le remet en jeu cette ann\u00e9e. C\u2019\u00e9tait&hellip;\n","protected":false},"author":2,"featured_media":582813,"comment_status":"","ping_status":"","sticky":false,"template":"","format":"standard","meta":{"footnotes":""},"categories":[2817],"tags":[1111,11,1997,1777,674,1011,27,12,2219,25],"class_list":{"0":"post-582812","1":"post","2":"type-post","3":"status-publish","4":"format-standard","5":"has-post-thumbnail","7":"category-bordeaux","8":"tag-actu","9":"tag-actualites","10":"tag-bordeaux","11":"tag-eu","12":"tag-europe","13":"tag-fr","14":"tag-france","15":"tag-news","16":"tag-nouvelle-aquitaine","17":"tag-republique-francaise"},"share_on_mastodon":{"url":"","error":""},"_links":{"self":[{"href":"https:\/\/www.europesays.com\/fr\/wp-json\/wp\/v2\/posts\/582812","targetHints":{"allow":["GET"]}}],"collection":[{"href":"https:\/\/www.europesays.com\/fr\/wp-json\/wp\/v2\/posts"}],"about":[{"href":"https:\/\/www.europesays.com\/fr\/wp-json\/wp\/v2\/types\/post"}],"author":[{"embeddable":true,"href":"https:\/\/www.europesays.com\/fr\/wp-json\/wp\/v2\/users\/2"}],"replies":[{"embeddable":true,"href":"https:\/\/www.europesays.com\/fr\/wp-json\/wp\/v2\/comments?post=582812"}],"version-history":[{"count":0,"href":"https:\/\/www.europesays.com\/fr\/wp-json\/wp\/v2\/posts\/582812\/revisions"}],"wp:featuredmedia":[{"embeddable":true,"href":"https:\/\/www.europesays.com\/fr\/wp-json\/wp\/v2\/media\/582813"}],"wp:attachment":[{"href":"https:\/\/www.europesays.com\/fr\/wp-json\/wp\/v2\/media?parent=582812"}],"wp:term":[{"taxonomy":"category","embeddable":true,"href":"https:\/\/www.europesays.com\/fr\/wp-json\/wp\/v2\/categories?post=582812"},{"taxonomy":"post_tag","embeddable":true,"href":"https:\/\/www.europesays.com\/fr\/wp-json\/wp\/v2\/tags?post=582812"}],"curies":[{"name":"wp","href":"https:\/\/api.w.org\/{rel}","templated":true}]}}