{"id":582814,"date":"2025-12-06T20:04:14","date_gmt":"2025-12-06T20:04:14","guid":{"rendered":"https:\/\/www.europesays.com\/fr\/582814\/"},"modified":"2025-12-06T20:04:14","modified_gmt":"2025-12-06T20:04:14","slug":"accident-grave-pres-de-toulouse-une-femme-de-40-ans-desincarceree-et-hospitalisee","status":"publish","type":"post","link":"https:\/\/www.europesays.com\/fr\/582814\/","title":{"rendered":"Accident grave pr\u00e8s de Toulouse\u00a0: une femme de 40 ans d\u00e9sincarc\u00e9r\u00e9e et hospitalis\u00e9e"},"content":{"rendered":"<p>\n                                                                    l&rsquo;essentiel<br \/>\n                                                                Un accident grave a eu lieu pr\u00e8s de Toulouse, impliquant une voiture seule. Une femme de 40 ans a \u00e9t\u00e9 d\u00e9sincarc\u00e9r\u00e9e et transport\u00e9e \u00e0 l\u2019h\u00f4pital Purpan. Son \u00e9tat est jug\u00e9 pr\u00e9occupant par les m\u00e9decins.\n                            <\/p>\n<p>Un grave accident s\u2019est produit pr\u00e8s de Toulouse ce samedi. Les pompiers sont intervenus vers 16\u00a0heures apr\u00e8s un accident sur la commune de Sainte-Foy-de-Peyroli\u00e8res, route de Cambernard. \u00ab\u00a0\u00c0 leur arriv\u00e9e, les secours ont trouv\u00e9 une voiture seule, sur le toit, et dans un foss\u00e9\u00a0\u00bb, pr\u00e9cise le service d\u00e9partemental d\u2019incendie et de secours.<\/p>\n<p>La victime, une femme de 40 ans, a d\u00fb \u00eatre d\u00e9sincarc\u00e9r\u00e9e du v\u00e9hicule. Elle a \u00e9t\u00e9 \u00e9vacu\u00e9e, une fois m\u00e9dicalis\u00e9e, vers l\u2019h\u00f4pital Purpan de Toulouse. Son \u00e9tat \u00e9tait jug\u00e9 grave par les m\u00e9decins.<\/p>\n<p class=\"std-elt__inline\">\n        <strong>\u00c0 lire aussi :<\/strong><br \/>\n        <a href=\"https:\/\/www.ladepeche.fr\/2025\/12\/04\/un-grave-accident-sur-la62-fait-trois-blesses-dont-une-en-urgence-absolue-au-nord-de-toulouse-13090487.php\" target=\"_blank\" rel=\"noopener\">Un grave accident sur l\u2019A62 fait trois bless\u00e9s, dont une en urgence absolue, au nord de Toulouse<\/a>\n    <\/p>\n<p>Les pompiers de Saint-Lys, Rieumes, Muret ont notamment \u00e9t\u00e9 engag\u00e9s dans cette op\u00e9ration.<\/p>\n","protected":false},"excerpt":{"rendered":"l&rsquo;essentiel Un accident grave a eu lieu pr\u00e8s de Toulouse, impliquant une voiture seule. Une femme de 40&hellip;\n","protected":false},"author":2,"featured_media":582815,"comment_status":"","ping_status":"","sticky":false,"template":"","format":"standard","meta":{"footnotes":""},"categories":[2816],"tags":[3085,1111,11,1777,674,118,1011,27,2722,12,2680,25,2312],"class_list":{"0":"post-582814","1":"post","2":"type-post","3":"status-publish","4":"format-standard","5":"has-post-thumbnail","7":"category-toulouse","8":"tag-accidents","9":"tag-actu","10":"tag-actualites","11":"tag-eu","12":"tag-europe","13":"tag-faits-divers","14":"tag-fr","15":"tag-france","16":"tag-haute-garonne","17":"tag-news","18":"tag-occitanie","19":"tag-republique-francaise","20":"tag-toulouse"},"share_on_mastodon":{"url":"https:\/\/pubeurope.com\/@fr\/115674419418022593","error":""},"_links":{"self":[{"href":"https:\/\/www.europesays.com\/fr\/wp-json\/wp\/v2\/posts\/582814","targetHints":{"allow":["GET"]}}],"collection":[{"href":"https:\/\/www.europesays.com\/fr\/wp-json\/wp\/v2\/posts"}],"about":[{"href":"https:\/\/www.europesays.com\/fr\/wp-json\/wp\/v2\/types\/post"}],"author":[{"embeddable":true,"href":"https:\/\/www.europesays.com\/fr\/wp-json\/wp\/v2\/users\/2"}],"replies":[{"embeddable":true,"href":"https:\/\/www.europesays.com\/fr\/wp-json\/wp\/v2\/comments?post=582814"}],"version-history":[{"count":0,"href":"https:\/\/www.europesays.com\/fr\/wp-json\/wp\/v2\/posts\/582814\/revisions"}],"wp:featuredmedia":[{"embeddable":true,"href":"https:\/\/www.europesays.com\/fr\/wp-json\/wp\/v2\/media\/582815"}],"wp:attachment":[{"href":"https:\/\/www.europesays.com\/fr\/wp-json\/wp\/v2\/media?parent=582814"}],"wp:term":[{"taxonomy":"category","embeddable":true,"href":"https:\/\/www.europesays.com\/fr\/wp-json\/wp\/v2\/categories?post=582814"},{"taxonomy":"post_tag","embeddable":true,"href":"https:\/\/www.europesays.com\/fr\/wp-json\/wp\/v2\/tags?post=582814"}],"curies":[{"name":"wp","href":"https:\/\/api.w.org\/{rel}","templated":true}]}}