{"id":582816,"date":"2025-12-06T20:05:16","date_gmt":"2025-12-06T20:05:16","guid":{"rendered":"https:\/\/www.europesays.com\/fr\/582816\/"},"modified":"2025-12-06T20:05:16","modified_gmt":"2025-12-06T20:05:16","slug":"toulouse-soffre-strasbourg-qui-navance-plus","status":"publish","type":"post","link":"https:\/\/www.europesays.com\/fr\/582816\/","title":{"rendered":"Toulouse s&rsquo;offre Strasbourg, qui n&rsquo;avance plus"},"content":{"rendered":"<p>Trop st\u00e9rile offensivement en l&rsquo;absence de son attaquant Emmanuel Emegha, suspendu par son club, Strasbourg s&rsquo;est inclin\u00e9 face \u00e0 Toulouse (1-0) samedi, lors de la 15e journ\u00e9e de Ligue 1, conc\u00e9dant un troisi\u00e8me revers cons\u00e9cutif en championnat.<\/p>\n<p>Face au pressing bien ex\u00e9cut\u00e9 des joueurs du TFC, Strasbourg a pein\u00e9 \u00e0 construire son jeu et a m\u00eame offert plusieurs situations dangereuses \u00e0 son adversaire en s&rsquo;ent\u00eatant \u00e0 repartir de derri\u00e8re.<\/p>\n<p>Auteur une frappe trop \u00e9cras\u00e9e apr\u00e8s une perte de balle de Julio Enciso dans ses 40 m\u00e8tres (11e), Emersonn a r\u00e9gl\u00e9 la mire huit minutes plus tard. D\u00e9j\u00e0 buteur face \u00e0 Marseille, l&rsquo;attaquant br\u00e9silien de 21 ans a profit\u00e9 d&rsquo;une r\u00e9cup\u00e9ration haute de Djibril Sidib\u00e9 dans les pieds de Ben Chilwell pour inscrire son troisi\u00e8me but de la saison (18e).<\/p>\n<p>Absence d&rsquo;Emegha<\/p>\n<p>Priv\u00e9 d&rsquo;Emmanuel Emegha, suspendu pour ce d\u00e9placement par son club en raison de plusieurs d\u00e9clarations malheureuses &#8211; il a notamment d\u00e9clar\u00e9 dans la presse qu&rsquo;il pensait, avant son arriv\u00e9e au Racing, que Strasbourg \u00e9tait en Allemagne &#8211; le Racing n&rsquo;a \u00e9t\u00e9 que trop peu dangereux offensivement.<\/p>\n<p>Nouvelles consignes tactiques en conviant tous ses joueurs autour de lui d\u00e8s la 34e minute, double changement offensif \u00e0 l&rsquo;heure de jeu avec l&rsquo;entr\u00e9e de Kendry Paez: <a href=\"https:\/\/www.ledauphine.com\/p\/liam-rosenior\" target=\"_blank\" rel=\"noopener\">Liam Rosenior<\/a> a tent\u00e9 de donner un nouvel \u00e9lan \u00e0 son \u00e9quipe, en vain.<\/p>\n<p>A l&rsquo;exception d&rsquo;une reprise au deuxi\u00e8me poteau hors cadre de <a href=\"https:\/\/www.ledauphine.com\/p\/diego-moreira-footballeur-belgo-portugais\" target=\"_blank\" rel=\"noopener\">Diego Moreira<\/a> en d\u00e9but de rencontre, les Alsaciens n&rsquo;ont jamais inqui\u00e9t\u00e9 Guillaume Restes, m\u00eame quand les Toulousains ont recul\u00e9 en seconde p\u00e9riode.<\/p>\n<p>Les Occitans auront l&rsquo;occasion de poursuivre leur bonne dynamique sur la pelouse du Paris FC la semaine prochaine. Pour Strasbourg, une victoire sera imp\u00e9rative \u00e0 domicile face \u00e0 Lorient pour ne pas perdre le contact avec les \u00e9quipes de t\u00eate.<\/p>\n<p>Les Alsaciens, qui visent une qualification en Ligue des champions en fin de saison, n&rsquo;ont plus gagn\u00e9 depuis le 9 novembre en Ligue 1 (2-0 face \u00e0 Lille) et pointent \u00e0 la huiti\u00e8me place, \u00e0 sept points du Losc (4e). Sur la lanc\u00e9e de leur match nul arrach\u00e9 sur la pelouse de l&rsquo;OM la semaine derni\u00e8re, les Toulousains ont eux mis fin \u00e0 une s\u00e9rie de six rencontres sans succ\u00e8s et restent dans la premi\u00e8re moiti\u00e9 de tableau (9e), \u00e0 deux points de leurs adversaires du soir.<\/p>\n","protected":false},"excerpt":{"rendered":"Trop st\u00e9rile offensivement en l&rsquo;absence de son attaquant Emmanuel Emegha, suspendu par son club, Strasbourg s&rsquo;est inclin\u00e9 face&hellip;\n","protected":false},"author":2,"featured_media":582817,"comment_status":"","ping_status":"","sticky":false,"template":"","format":"standard","meta":{"footnotes":""},"categories":[2816],"tags":[1111,11,1777,674,107,63,1011,27,7020,12,2680,25,517,1947,2312],"class_list":{"0":"post-582816","1":"post","2":"type-post","3":"status-publish","4":"format-standard","5":"has-post-thumbnail","7":"category-toulouse","8":"tag-actu","9":"tag-actualites","10":"tag-eu","11":"tag-europe","12":"tag-fil-info","13":"tag-football","14":"tag-fr","15":"tag-france","16":"tag-ligue-1-football","17":"tag-news","18":"tag-occitanie","19":"tag-republique-francaise","20":"tag-sport","21":"tag-sport-national","22":"tag-toulouse"},"share_on_mastodon":{"url":"https:\/\/pubeurope.com\/@fr\/115674423176609193","error":""},"_links":{"self":[{"href":"https:\/\/www.europesays.com\/fr\/wp-json\/wp\/v2\/posts\/582816","targetHints":{"allow":["GET"]}}],"collection":[{"href":"https:\/\/www.europesays.com\/fr\/wp-json\/wp\/v2\/posts"}],"about":[{"href":"https:\/\/www.europesays.com\/fr\/wp-json\/wp\/v2\/types\/post"}],"author":[{"embeddable":true,"href":"https:\/\/www.europesays.com\/fr\/wp-json\/wp\/v2\/users\/2"}],"replies":[{"embeddable":true,"href":"https:\/\/www.europesays.com\/fr\/wp-json\/wp\/v2\/comments?post=582816"}],"version-history":[{"count":0,"href":"https:\/\/www.europesays.com\/fr\/wp-json\/wp\/v2\/posts\/582816\/revisions"}],"wp:featuredmedia":[{"embeddable":true,"href":"https:\/\/www.europesays.com\/fr\/wp-json\/wp\/v2\/media\/582817"}],"wp:attachment":[{"href":"https:\/\/www.europesays.com\/fr\/wp-json\/wp\/v2\/media?parent=582816"}],"wp:term":[{"taxonomy":"category","embeddable":true,"href":"https:\/\/www.europesays.com\/fr\/wp-json\/wp\/v2\/categories?post=582816"},{"taxonomy":"post_tag","embeddable":true,"href":"https:\/\/www.europesays.com\/fr\/wp-json\/wp\/v2\/tags?post=582816"}],"curies":[{"name":"wp","href":"https:\/\/api.w.org\/{rel}","templated":true}]}}