{"id":582818,"date":"2025-12-06T20:07:35","date_gmt":"2025-12-06T20:07:35","guid":{"rendered":"https:\/\/www.europesays.com\/fr\/582818\/"},"modified":"2025-12-06T20:07:35","modified_gmt":"2025-12-06T20:07:35","slug":"mbappe-defend-enormement-selon-un-de-ses-partenaires-ligue-1-j15-lille-marseille-1-0","status":"publish","type":"post","link":"https:\/\/www.europesays.com\/fr\/582818\/","title":{"rendered":"Mbapp\u00e9 \u00ab\u202fd\u00e9fend \u00e9norm\u00e9ment\u202f\u00bb selon un de ses partenaires &#8211; Ligue 1 &#8211; J15 &#8211; Lille-Marseille (1-0)"},"content":{"rendered":"<p>Celui de Lille, et non du Real Madrid.<\/p>\n<p>Apr\u00e8s <a target=\"_blank\" href=\"https:\/\/www.sofoot.com\/articles\/ligue-1-lille-dompte-lolympique-de-marseille\" rel=\"noopener\">la victoire sur la plus courte des marges du LOSC contre l\u2019Olympique de Marseille lors de la quinzi\u00e8me journ\u00e9e de Ligue 1<\/a>, <strong>A\u00efssa Mandi a \u00e9t\u00e9 invit\u00e9 \u00e0 commenter la prestation du seul buteur du match : Ethan Mbapp\u00e9<\/strong>. Et le d\u00e9fenseur nordiste avait visiblement pr\u00e9par\u00e9 une tartine de louanges, tant le nombre de compliments sortis de sa bouche \u00e0 l\u2019intention de son partenaire s\u2019est av\u00e9r\u00e9 \u00e9lev\u00e9.<\/p>\n<p class=\"Paragraph__content\" data-v-e14a34bc=\"\">\u00ab\u00a0Ethan a beaucoup de qualit\u00e9s et au-del\u00e0 de \u00e7a, il a un tr\u00e8s gros caract\u00e8re, <strong>a ainsi admir\u00e9 l\u2019arri\u00e8re central, pas avare en tendresse<\/strong>. C\u2019est un mec qui travaille \u00e9norm\u00e9ment \u00e0 l\u2019entra\u00eenement, il a \u00e9norm\u00e9ment de caract\u00e8re. Il ose, il parle. Il d\u00e9fend \u00e9norm\u00e9ment et il ne l\u00e2che rien, c\u2019est une de ses caract\u00e9ristiques. \u00c0 l\u2019entra\u00eenement, on le voit. Nous, on n\u2019est pas surpris. Sur chaque ballon, il est \u00e0 100 %.\u00a0\u00bb<\/p>\n<p data-v-e14a34bc=\"\">Compl\u00e9mentaire de son fr\u00e8re !<\/p>\n<p>\t\t\t\t\t\t\t\t\t\t<a class=\"lien-connexe\" href=\"https:\/\/www.sofoot.com\/breves\/ligue-1-roberto-de-zerbi-tres-enerve-par-ses-joueurs-et-la-defaite-de-lolympique-de-marseille-a-lille\" target=\"_blank\" rel=\"noopener\">Roberto De Zerbi \u00ab\u202ftr\u00e8s \u00e9nerv\u00e9\u202f\u00bb<\/a>\t\t\t\t\t<\/p>\n","protected":false},"excerpt":{"rendered":"Celui de Lille, et non du Real Madrid. Apr\u00e8s la victoire sur la plus courte des marges du&hellip;\n","protected":false},"author":2,"featured_media":582819,"comment_status":"","ping_status":"","sticky":false,"template":"","format":"standard","meta":{"footnotes":""},"categories":[2815],"tags":[1111,47,11,61,69,65,64,1777,674,63,1011,27,811,68,66,1307,12,62,70,25,67],"class_list":{"0":"post-582818","1":"post","2":"type-post","3":"status-publish","4":"format-standard","5":"has-post-thumbnail","7":"category-lille","8":"tag-actu","9":"tag-actualite","10":"tag-actualites","11":"tag-actus-football","12":"tag-bundesliga","13":"tag-championnats-europeens","14":"tag-equipe-de-france","15":"tag-eu","16":"tag-europe","17":"tag-football","18":"tag-fr","19":"tag-france","20":"tag-hauts-de-france","21":"tag-ligua","22":"tag-ligue-1","23":"tag-lille","24":"tag-news","25":"tag-news-foot","26":"tag-premier-league","27":"tag-republique-francaise","28":"tag-serie-a"},"share_on_mastodon":{"url":"https:\/\/pubeurope.com\/@fr\/115674431218801165","error":""},"_links":{"self":[{"href":"https:\/\/www.europesays.com\/fr\/wp-json\/wp\/v2\/posts\/582818","targetHints":{"allow":["GET"]}}],"collection":[{"href":"https:\/\/www.europesays.com\/fr\/wp-json\/wp\/v2\/posts"}],"about":[{"href":"https:\/\/www.europesays.com\/fr\/wp-json\/wp\/v2\/types\/post"}],"author":[{"embeddable":true,"href":"https:\/\/www.europesays.com\/fr\/wp-json\/wp\/v2\/users\/2"}],"replies":[{"embeddable":true,"href":"https:\/\/www.europesays.com\/fr\/wp-json\/wp\/v2\/comments?post=582818"}],"version-history":[{"count":0,"href":"https:\/\/www.europesays.com\/fr\/wp-json\/wp\/v2\/posts\/582818\/revisions"}],"wp:featuredmedia":[{"embeddable":true,"href":"https:\/\/www.europesays.com\/fr\/wp-json\/wp\/v2\/media\/582819"}],"wp:attachment":[{"href":"https:\/\/www.europesays.com\/fr\/wp-json\/wp\/v2\/media?parent=582818"}],"wp:term":[{"taxonomy":"category","embeddable":true,"href":"https:\/\/www.europesays.com\/fr\/wp-json\/wp\/v2\/categories?post=582818"},{"taxonomy":"post_tag","embeddable":true,"href":"https:\/\/www.europesays.com\/fr\/wp-json\/wp\/v2\/tags?post=582818"}],"curies":[{"name":"wp","href":"https:\/\/api.w.org\/{rel}","templated":true}]}}