{"id":582820,"date":"2025-12-06T20:08:13","date_gmt":"2025-12-06T20:08:13","guid":{"rendered":"https:\/\/www.europesays.com\/fr\/582820\/"},"modified":"2025-12-06T20:08:13","modified_gmt":"2025-12-06T20:08:13","slug":"les-citoyens-imaginent-le-marseille-du-futur","status":"publish","type":"post","link":"https:\/\/www.europesays.com\/fr\/582820\/","title":{"rendered":"les citoyens imaginent le Marseille du futur"},"content":{"rendered":"<p><strong>Le Marseille de demain se d\u00e9cline \u00e0 l\u2019envi chez tous les candidats aux \u00e9lections municipales, qu\u2019en pensez-vous\u00a0?<\/strong>&#13;\n<\/p>\n<p>Baptiste Laspaneze\u00a0: Notre ouvrage Villes terrestres paru en\u00a02024 est une r\u00e9action \u00e0 cette esp\u00e8ce de greenwashing g\u00e9n\u00e9ralis\u00e9 o\u00f9 on sort des photos r\u00e9alis\u00e9es <a href=\"https:\/\/www.laprovence.com\/article\/economie\/45094209074855\/les-nouvelles-frontieres-de-lintelligence-artificielle-le-grand-rendez-vous-europeen-de-lia-sinstalle-a-marseille\" target=\"_blank\" rel=\"noopener\">avec l\u2019IA<\/a> dans tous les sens\u00a0; o\u00f9 on a l\u2019impression que l\u2019arbre en ville reste la seule option envisag\u00e9e pour assurer leur avenir. Il faut s\u2019adapter au changement climatique, tout en faisant des grands projets industriels, tout en \u00e9tant attractif, tout en faisant des start-up, bref il n\u2019y a aucune vision, mais juste un empilement de mots-cl\u00e9s.<\/p>\n<p>On manque clairement de vision de long terme. Pour Marseille, il faudrait d\u00e9velopper une vision \u00e0 plus 30\u00a0ans, o\u00f9 est-elle\u00a0? Avec des mandats \u00e0 six ans, les projets sont restreints\u2026 On a d\u2019ailleurs r\u00e9alis\u00e9 ce qu\u2019on appelle dans les agences de d\u00e9veloppement un \u00ab\u00a0policy brief\u00a0\u00bb, \u00e0 destination des maires sur la mutation \u00e9cologique des territoires urbain.<\/p>\n<p><strong>Ce discours a d\u00fb r\u00e9sonner en vous et du c\u00f4t\u00e9 de la Ruche et d\u2019Inter-made, espace de coworking, de formations, incubateur et lieu d\u2019\u00e9change autour de l\u2019\u00e9conomie sociale et solidaire\u2026<\/strong>&#13;\n<\/p>\n<p>Justine Bonne\u00a0: Oui, car nous avons trouv\u00e9 le cadr&#8230;<\/p>\n","protected":false},"excerpt":{"rendered":"Le Marseille de demain se d\u00e9cline \u00e0 l\u2019envi chez tous les candidats aux \u00e9lections municipales, qu\u2019en pensez-vous\u00a0?&#13; Baptiste&hellip;\n","protected":false},"author":2,"featured_media":582821,"comment_status":"","ping_status":"","sticky":false,"template":"","format":"standard","meta":{"footnotes":""},"categories":[2814],"tags":[17,1111,11,12351,932,1777,674,1011,27,4743,884,12,882,3583,16,25,7262,8066,4824],"class_list":{"0":"post-582820","1":"post","2":"type-post","3":"status-publish","4":"format-standard","5":"has-post-thumbnail","7":"category-marseille","8":"tag-17","9":"tag-actu","10":"tag-actualites","11":"tag-demain","12":"tag-est","13":"tag-eu","14":"tag-europe","15":"tag-fr","16":"tag-france","17":"tag-la","18":"tag-marseille","19":"tag-news","20":"tag-provence-alpes-cote-dazur","21":"tag-qui","22":"tag-region","23":"tag-republique-francaise","24":"tag-sujet","25":"tag-touche","26":"tag-ville"},"share_on_mastodon":{"url":"https:\/\/pubeurope.com\/@fr\/115674434993892901","error":""},"_links":{"self":[{"href":"https:\/\/www.europesays.com\/fr\/wp-json\/wp\/v2\/posts\/582820","targetHints":{"allow":["GET"]}}],"collection":[{"href":"https:\/\/www.europesays.com\/fr\/wp-json\/wp\/v2\/posts"}],"about":[{"href":"https:\/\/www.europesays.com\/fr\/wp-json\/wp\/v2\/types\/post"}],"author":[{"embeddable":true,"href":"https:\/\/www.europesays.com\/fr\/wp-json\/wp\/v2\/users\/2"}],"replies":[{"embeddable":true,"href":"https:\/\/www.europesays.com\/fr\/wp-json\/wp\/v2\/comments?post=582820"}],"version-history":[{"count":0,"href":"https:\/\/www.europesays.com\/fr\/wp-json\/wp\/v2\/posts\/582820\/revisions"}],"wp:featuredmedia":[{"embeddable":true,"href":"https:\/\/www.europesays.com\/fr\/wp-json\/wp\/v2\/media\/582821"}],"wp:attachment":[{"href":"https:\/\/www.europesays.com\/fr\/wp-json\/wp\/v2\/media?parent=582820"}],"wp:term":[{"taxonomy":"category","embeddable":true,"href":"https:\/\/www.europesays.com\/fr\/wp-json\/wp\/v2\/categories?post=582820"},{"taxonomy":"post_tag","embeddable":true,"href":"https:\/\/www.europesays.com\/fr\/wp-json\/wp\/v2\/tags?post=582820"}],"curies":[{"name":"wp","href":"https:\/\/api.w.org\/{rel}","templated":true}]}}