{"id":582822,"date":"2025-12-06T20:09:11","date_gmt":"2025-12-06T20:09:11","guid":{"rendered":"https:\/\/www.europesays.com\/fr\/582822\/"},"modified":"2025-12-06T20:09:11","modified_gmt":"2025-12-06T20:09:11","slug":"arthur-antoine-dulery-fog-tous-les-laureats-des-prix-du-livre-2025","status":"publish","type":"post","link":"https:\/\/www.europesays.com\/fr\/582822\/","title":{"rendered":"Arthur, Antoine Dul\u00e9ry, FOG\u2026 Tous les laur\u00e9ats des Prix du Livre 2025"},"content":{"rendered":"<p>Le D\u00e9partement des Bouches-du-Rh\u00f4ne a accueilli, ce samedi 6\u00a0d\u00e9cembre \u00e0 Marseille, la c\u00e9r\u00e9monie des Prix du Livre 2025 qui s\u2019est d\u00e9roul\u00e9e en pr\u00e9sence de nombreux invit\u00e9s. Cette r\u00e9compense litt\u00e9raire est organis\u00e9e depuis\u00a02006 par Richard Fyndikian, l\u2019adjoint au maire des 9e et 10e arrondissements, tr\u00e8s engag\u00e9 pour la communaut\u00e9 arm\u00e9nienne. Plusieurs prix ont \u00e9t\u00e9 remis\u00a0:<\/p>\n<p><strong>Prix Pascal Legitimus\u00a0:<\/strong> Nadia Geyre et Philippe Poirier (\u00a0\u00bb Les pieuvres ont le vent en poulpe)\u00a0\u00bb\u00a0; <strong>Prix Andr\u00e9 Manoukian\u00a0:<\/strong> Gilbert Bordes (\u00ab\u00a0Et les arbres se mirent \u00e0 chanter\u201d)\u00a0; <strong>Prix Maison Petrossian<\/strong>\u00a0: Thai King Liou (\u00ab\u00a0Ramen Ph\u00f4 &amp; Cie, Le riz jaune, 50 recettes de soupes et accompagnements\u00a0\u00bb)\u00a0;<strong> Prix Charles Villeneuve<\/strong>\u00a0: Nathalie Schuck (\u00ab\u00a0Le Cardinal &#8211; Les combats et ambitions de Bruno Retailleau\u201d)\u00a0; <strong>Prix Sonia Mabrouk<\/strong>\u00a0: Arthur Essebag (\u00ab\u00a0J\u2019ai perdu un b\u00e9douin dans Paris\u201d)\u00a0; <strong>Prix Alain Terzian<\/strong>\u00a0: Antoine Dul\u00e9ry (\u00ab\u00a0Imitacteur\u00a0\u00bb)\u00a0; <strong>M\u00e9daille d\u2019honneur des Bouches-du-Rh\u00f4ne<\/strong>\u00a0: Franz-Olivier Giesbert (\u00a0\u00bb Histoire intime de la V\u00e8me R\u00e9publique\u201d).<\/p>\n","protected":false},"excerpt":{"rendered":"Le D\u00e9partement des Bouches-du-Rh\u00f4ne a accueilli, ce samedi 6\u00a0d\u00e9cembre \u00e0 Marseille, la c\u00e9r\u00e9monie des Prix du Livre 2025&hellip;\n","protected":false},"author":2,"featured_media":582823,"comment_status":"","ping_status":"","sticky":false,"template":"","format":"standard","meta":{"footnotes":""},"categories":[2814],"tags":[17,1111,11,32632,14684,251,69639,1777,674,42696,1011,27,151,884,12,882,25,3387],"class_list":{"0":"post-582822","1":"post","2":"type-post","3":"status-publish","4":"format-standard","5":"has-post-thumbnail","7":"category-marseille","8":"tag-17","9":"tag-actu","10":"tag-actualites","11":"tag-antoine","12":"tag-arthur","13":"tag-culture","14":"tag-dulery","15":"tag-eu","16":"tag-europe","17":"tag-fog","18":"tag-fr","19":"tag-france","20":"tag-les","21":"tag-marseille","22":"tag-news","23":"tag-provence-alpes-cote-dazur","24":"tag-republique-francaise","25":"tag-tous"},"share_on_mastodon":{"url":"https:\/\/pubeurope.com\/@fr\/115674439069753565","error":""},"_links":{"self":[{"href":"https:\/\/www.europesays.com\/fr\/wp-json\/wp\/v2\/posts\/582822","targetHints":{"allow":["GET"]}}],"collection":[{"href":"https:\/\/www.europesays.com\/fr\/wp-json\/wp\/v2\/posts"}],"about":[{"href":"https:\/\/www.europesays.com\/fr\/wp-json\/wp\/v2\/types\/post"}],"author":[{"embeddable":true,"href":"https:\/\/www.europesays.com\/fr\/wp-json\/wp\/v2\/users\/2"}],"replies":[{"embeddable":true,"href":"https:\/\/www.europesays.com\/fr\/wp-json\/wp\/v2\/comments?post=582822"}],"version-history":[{"count":0,"href":"https:\/\/www.europesays.com\/fr\/wp-json\/wp\/v2\/posts\/582822\/revisions"}],"wp:featuredmedia":[{"embeddable":true,"href":"https:\/\/www.europesays.com\/fr\/wp-json\/wp\/v2\/media\/582823"}],"wp:attachment":[{"href":"https:\/\/www.europesays.com\/fr\/wp-json\/wp\/v2\/media?parent=582822"}],"wp:term":[{"taxonomy":"category","embeddable":true,"href":"https:\/\/www.europesays.com\/fr\/wp-json\/wp\/v2\/categories?post=582822"},{"taxonomy":"post_tag","embeddable":true,"href":"https:\/\/www.europesays.com\/fr\/wp-json\/wp\/v2\/tags?post=582822"}],"curies":[{"name":"wp","href":"https:\/\/api.w.org\/{rel}","templated":true}]}}